{"id":65930,"date":"2026-09-03T08:56:45","date_gmt":"2026-09-03T06:56:45","guid":{"rendered":"https:\/\/solidaridadintergeneracional.es\/wp\/?p=65930"},"modified":"2026-09-03T08:56:45","modified_gmt":"2026-09-03T06:56:45","slug":"claves-para-afrontar-la-vuelta-al-cole-poner-limites-escuchar-a-los-ninos-y-recuperar-la-calma","status":"publish","type":"post","link":"https:\/\/solidaridadintergeneracional.es\/wp\/claves-para-afrontar-la-vuelta-al-cole-poner-limites-escuchar-a-los-ninos-y-recuperar-la-calma\/","title":{"rendered":"Claves para afrontar la vuelta al cole: poner l\u00edmites, escuchar a los ni\u00f1os y recuperar la calma."},"content":{"rendered":"<h5>La asociaci\u00f3n Punto Omega ofrece recomendaciones para las familias en estos primeros d\u00edas de septiembre.<\/h5>\n<p>2026. Cadena Ser<\/p>\n<p>Laura \u00c1lvarez<\/p>\n<p><a href=\"https:\/\/cadenaser.com\/cmadrid\/2026\/09\/02\/claves-para-afrontar-la-vuelta-al-cole-poner-limites-escuchar-a-los-ninos-y-recuperar-la-calma-ser-madrid-oeste\/\" target=\"_blank\" rel=\"noopener\">Enlace noticia original<\/a><\/p>\n<p>Septiembre marca para muchas familias el regreso a los horarios, las responsabilidades y la rutina despu\u00e9s de las vacaciones. Una transici\u00f3n que no siempre resulta sencilla, especialmente para ni\u00f1os y adolescentes, que deben afrontar de nuevo madrugones, clases, deberes y el reencuentro con compa\u00f1eros y profesores. Por ello, la psic\u00f3loga de la\u00a0Asociaci\u00f3n Punto Omega, Laura Rodr\u00edguez, ha recordado -en el espacio que tiene esta entidad cada mi\u00e9rcoles- que los primeros d\u00edas pueden estar acompa\u00f1ados de cansancio, desmotivaci\u00f3n o nervios: &#8220;Creo que una de las cosas m\u00e1s importantes es la actitud con la que los adultos acompa\u00f1amos esa vuelta. Los ni\u00f1os y ni\u00f1as no solo escuchan lo que les decimos, tambi\u00e9n perciben c\u00f3mo vivimos nosotros el cambio. Si transmitimos que septiembre es una \u00e9poca de estr\u00e9s, prisas y obligaciones, es m\u00e1s f\u00e1cil que ellos lo vivan de esa manera&#8221;.<\/p>\n<p>En el caso de los m\u00e1s peque\u00f1os, las familias tienen un papel especialmente importante. Rodr\u00edguez ha se\u00f1alado que que no todos los ni\u00f1os viven la vuelta al colegio de la misma manera: mientras algunos regresan con ilusi\u00f3n, otros pueden sentir miedo, nervios o ansiedad ante un nuevo curso: &#8220;Para saber si esos nervios nos deber\u00edan de preocupar m\u00e1s de la cuenta, tenemos que observar sobre todo la intensidad y la duraci\u00f3n del malestar. Es normal que un ni\u00f1o o una ni\u00f1a est\u00e9 nervioso, tenga alguna dificultad para dormir o diga que no quiere volver al colegio durante los primeros d\u00edas. Pero si ese malestar es muy intenso, se mantiene en el tiempo o empieza a interferir en su vida cotidiana, por ejemplo, en el sue\u00f1o, la alimentaci\u00f3n, las relaciones o su asistencia al colegio, ser\u00eda recomendable prestar m\u00e1s atenci\u00f3n y pedir orientaci\u00f3n profesional&#8221;, ha afirmado en\u00a0Hoy por Hoy Madrid Oeste.<\/p>\n<p><strong>La vuelta al cole durante la adolescencia<\/strong><\/p>\n<p>La vuelta al instituto tambi\u00e9n supone un momento clave durante la adolescencia, una etapa en la que aumenta la necesidad de autonom\u00eda. En este contexto, la psic\u00f3loga de Punto Omega ha afirmado que es importante que las familias encuentren un equilibrio entre ofrecer libertad y mantener l\u00edmites claros, especialmente en aspectos como los horarios y el uso de las pantallas.<\/p>\n<p>Adem\u00e1s, Rodr\u00edguez tambi\u00e9n puesto el foco en las posibles discusiones que pueden originarse durante estos d\u00edas en casa: &#8220;Puede ser muy \u00fatil implicar a los hijos en la organizaci\u00f3n de la rutina, especialmente a medida que van creciendo. No se trata de que ellos decidan todas las normas, sino de que puedan participar y asumir responsabilidades&#8221;.<\/p>\n<p>Para cualquier duda o pregunta relacionada con este tema o si conoce a alguien que pueda necesitar ayuda puede ponerse en contacto con Punto Omega a trav\u00e9s de<a href=\"mailto:spant@puntomega.es\" target=\"_blank\" rel=\"noopener\">spant@puntomega.es<\/a>o llamar o mandar un WhatsApp al 653 94 14 44.<\/p>\n","protected":false},"excerpt":{"rendered":"<p>La asociaci\u00f3n Punto Omega ofrece recomendaciones para las familias en estos primeros d\u00edas de septiembre.<\/p>\n","protected":false},"author":1,"featured_media":0,"comment_status":"closed","ping_status":"open","sticky":false,"template":"","format":"standard","meta":{"footnotes":""},"categories":[325,328,475],"tags":[],"class_list":["post-65930","post","type-post","status-publish","format-standard","hentry","category-familia","category-noticiasboletin","category-noticias-interes"],"yoast_head":"<!-- This site is optimized with the Yoast SEO plugin v28.2 - https:\/\/yoast.com\/product\/yoast-seo-wordpress\/ -->\n<title>Claves para afrontar la vuelta al cole: poner l\u00edmites, escuchar a los ni\u00f1os y recuperar la calma. &#8211; Solidaridad Intergeneracional<\/title>\n<meta name=\"robots\" content=\"index, follow, max-snippet:-1, max-image-preview:large, max-video-preview:-1\" \/>\n<link rel=\"canonical\" href=\"https:\/\/solidaridadintergeneracional.es\/wp\/claves-para-afrontar-la-vuelta-al-cole-poner-limites-escuchar-a-los-ninos-y-recuperar-la-calma\/\" \/>\n<meta property=\"og:locale\" content=\"es_ES\" \/>\n<meta property=\"og:type\" content=\"article\" \/>\n<meta property=\"og:title\" content=\"Claves para afrontar la vuelta al cole: poner l\u00edmites, escuchar a los ni\u00f1os y recuperar la calma. &#8211; Solidaridad Intergeneracional\" \/>\n<meta property=\"og:description\" content=\"La asociaci\u00f3n Punto Omega ofrece recomendaciones para las familias en estos primeros d\u00edas de septiembre.\" \/>\n<meta property=\"og:url\" content=\"https:\/\/solidaridadintergeneracional.es\/wp\/claves-para-afrontar-la-vuelta-al-cole-poner-limites-escuchar-a-los-ninos-y-recuperar-la-calma\/\" \/>\n<meta property=\"og:site_name\" content=\"Solidaridad Intergeneracional\" \/>\n<meta property=\"article:publisher\" content=\"https:\/\/www.facebook.com\/SolidaridadIntergeneracional\/\" \/>\n<meta property=\"article:published_time\" content=\"2026-09-03T06:56:45+00:00\" \/>\n<meta name=\"author\" content=\"Solidaridad Intergeneracional\" \/>\n<meta name=\"twitter:card\" content=\"summary_large_image\" \/>\n<meta name=\"twitter:creator\" content=\"@E_Familia_\" \/>\n<meta name=\"twitter:site\" content=\"@E_Familia_\" \/>\n<meta name=\"twitter:label1\" content=\"Escrito por\" \/>\n\t<meta name=\"twitter:data1\" content=\"Solidaridad Intergeneracional\" \/>\n\t<meta name=\"twitter:label2\" content=\"Tiempo de lectura\" \/>\n\t<meta name=\"twitter:data2\" content=\"3 minutos\" \/>\n<script type=\"application\/ld+json\" class=\"yoast-schema-graph\">{\"@context\":\"https:\\\/\\\/schema.org\",\"@graph\":[{\"@type\":\"Article\",\"@id\":\"https:\\\/\\\/solidaridadintergeneracional.es\\\/wp\\\/claves-para-afrontar-la-vuelta-al-cole-poner-limites-escuchar-a-los-ninos-y-recuperar-la-calma\\\/#article\",\"isPartOf\":{\"@id\":\"https:\\\/\\\/solidaridadintergeneracional.es\\\/wp\\\/claves-para-afrontar-la-vuelta-al-cole-poner-limites-escuchar-a-los-ninos-y-recuperar-la-calma\\\/\"},\"author\":{\"name\":\"Solidaridad Intergeneracional\",\"@id\":\"https:\\\/\\\/solidaridadintergeneracional.es\\\/wp\\\/#\\\/schema\\\/person\\\/e8b31aad699715395f8afbf3f8755d51\"},\"headline\":\"Claves para afrontar la vuelta al cole: poner l\u00edmites, escuchar a los ni\u00f1os y recuperar la calma.\",\"datePublished\":\"2026-09-03T06:56:45+00:00\",\"mainEntityOfPage\":{\"@id\":\"https:\\\/\\\/solidaridadintergeneracional.es\\\/wp\\\/claves-para-afrontar-la-vuelta-al-cole-poner-limites-escuchar-a-los-ninos-y-recuperar-la-calma\\\/\"},\"wordCount\":540,\"publisher\":{\"@id\":\"https:\\\/\\\/solidaridadintergeneracional.es\\\/wp\\\/#organization\"},\"articleSection\":[\"Familia\",\"Noticias Bolet\u00edn\",\"Noticias de Interes\"],\"inLanguage\":\"es\"},{\"@type\":\"WebPage\",\"@id\":\"https:\\\/\\\/solidaridadintergeneracional.es\\\/wp\\\/claves-para-afrontar-la-vuelta-al-cole-poner-limites-escuchar-a-los-ninos-y-recuperar-la-calma\\\/\",\"url\":\"https:\\\/\\\/solidaridadintergeneracional.es\\\/wp\\\/claves-para-afrontar-la-vuelta-al-cole-poner-limites-escuchar-a-los-ninos-y-recuperar-la-calma\\\/\",\"name\":\"Claves para afrontar la vuelta al cole: poner l\u00edmites, escuchar a los ni\u00f1os y recuperar la calma. &#8211; Solidaridad Intergeneracional\",\"isPartOf\":{\"@id\":\"https:\\\/\\\/solidaridadintergeneracional.es\\\/wp\\\/#website\"},\"datePublished\":\"2026-09-03T06:56:45+00:00\",\"breadcrumb\":{\"@id\":\"https:\\\/\\\/solidaridadintergeneracional.es\\\/wp\\\/claves-para-afrontar-la-vuelta-al-cole-poner-limites-escuchar-a-los-ninos-y-recuperar-la-calma\\\/#breadcrumb\"},\"inLanguage\":\"es\",\"potentialAction\":[{\"@type\":\"ReadAction\",\"target\":[\"https:\\\/\\\/solidaridadintergeneracional.es\\\/wp\\\/claves-para-afrontar-la-vuelta-al-cole-poner-limites-escuchar-a-los-ninos-y-recuperar-la-calma\\\/\"]}]},{\"@type\":\"BreadcrumbList\",\"@id\":\"https:\\\/\\\/solidaridadintergeneracional.es\\\/wp\\\/claves-para-afrontar-la-vuelta-al-cole-poner-limites-escuchar-a-los-ninos-y-recuperar-la-calma\\\/#breadcrumb\",\"itemListElement\":[{\"@type\":\"ListItem\",\"position\":1,\"name\":\"Portada\",\"item\":\"https:\\\/\\\/solidaridadintergeneracional.es\\\/wp\\\/\"},{\"@type\":\"ListItem\",\"position\":2,\"name\":\"Claves para afrontar la vuelta al cole: poner l\u00edmites, escuchar a los ni\u00f1os y recuperar la calma.\"}]},{\"@type\":\"WebSite\",\"@id\":\"https:\\\/\\\/solidaridadintergeneracional.es\\\/wp\\\/#website\",\"url\":\"https:\\\/\\\/solidaridadintergeneracional.es\\\/wp\\\/\",\"name\":\"Solidaridad Intergeneracional\",\"description\":\"Toda la informaci\u00f3n sociosanitaria a tu servicio\",\"publisher\":{\"@id\":\"https:\\\/\\\/solidaridadintergeneracional.es\\\/wp\\\/#organization\"},\"potentialAction\":[{\"@type\":\"SearchAction\",\"target\":{\"@type\":\"EntryPoint\",\"urlTemplate\":\"https:\\\/\\\/solidaridadintergeneracional.es\\\/wp\\\/?s={search_term_string}\"},\"query-input\":{\"@type\":\"PropertyValueSpecification\",\"valueRequired\":true,\"valueName\":\"search_term_string\"}}],\"inLanguage\":\"es\"},{\"@type\":\"Organization\",\"@id\":\"https:\\\/\\\/solidaridadintergeneracional.es\\\/wp\\\/#organization\",\"name\":\"Solidaridad Intergeneracional\",\"url\":\"https:\\\/\\\/solidaridadintergeneracional.es\\\/wp\\\/\",\"logo\":{\"@type\":\"ImageObject\",\"inLanguage\":\"es\",\"@id\":\"https:\\\/\\\/solidaridadintergeneracional.es\\\/wp\\\/#\\\/schema\\\/logo\\\/image\\\/\",\"url\":\"https:\\\/\\\/solidaridadintergeneracional.es\\\/wp\\\/wp-content\\\/uploads\\\/2020\\\/02\\\/logo-solidaridad.963ff81b.png\",\"contentUrl\":\"https:\\\/\\\/solidaridadintergeneracional.es\\\/wp\\\/wp-content\\\/uploads\\\/2020\\\/02\\\/logo-solidaridad.963ff81b.png\",\"width\":825,\"height\":288,\"caption\":\"Solidaridad Intergeneracional\"},\"image\":{\"@id\":\"https:\\\/\\\/solidaridadintergeneracional.es\\\/wp\\\/#\\\/schema\\\/logo\\\/image\\\/\"},\"sameAs\":[\"https:\\\/\\\/www.facebook.com\\\/SolidaridadIntergeneracional\\\/\",\"https:\\\/\\\/x.com\\\/E_Familia_\",\"https:\\\/\\\/www.youtube.com\\\/channel\\\/UCt5BNW3Z7_ACkBDg_6ujXTQ\"]},{\"@type\":\"Person\",\"@id\":\"https:\\\/\\\/solidaridadintergeneracional.es\\\/wp\\\/#\\\/schema\\\/person\\\/e8b31aad699715395f8afbf3f8755d51\",\"name\":\"Solidaridad Intergeneracional\",\"image\":{\"@type\":\"ImageObject\",\"inLanguage\":\"es\",\"@id\":\"https:\\\/\\\/secure.gravatar.com\\\/avatar\\\/e18721a5c4aaa3fecf1fe45b5d7708a7037f8a862dbc28483b4cf55a6ac0fb56?s=96&d=mm&r=g\",\"url\":\"https:\\\/\\\/secure.gravatar.com\\\/avatar\\\/e18721a5c4aaa3fecf1fe45b5d7708a7037f8a862dbc28483b4cf55a6ac0fb56?s=96&d=mm&r=g\",\"contentUrl\":\"https:\\\/\\\/secure.gravatar.com\\\/avatar\\\/e18721a5c4aaa3fecf1fe45b5d7708a7037f8a862dbc28483b4cf55a6ac0fb56?s=96&d=mm&r=g\",\"caption\":\"Solidaridad Intergeneracional\"},\"url\":\"https:\\\/\\\/solidaridadintergeneracional.es\\\/wp\\\/author\\\/admin\\\/\"}]}<\/script>\n<!-- \/ Yoast SEO plugin. -->","yoast_head_json":{"title":"Claves para afrontar la vuelta al cole: poner l\u00edmites, escuchar a los ni\u00f1os y recuperar la calma. &#8211; Solidaridad Intergeneracional","robots":{"index":"index","follow":"follow","max-snippet":"max-snippet:-1","max-image-preview":"max-image-preview:large","max-video-preview":"max-video-preview:-1"},"canonical":"https:\/\/solidaridadintergeneracional.es\/wp\/claves-para-afrontar-la-vuelta-al-cole-poner-limites-escuchar-a-los-ninos-y-recuperar-la-calma\/","og_locale":"es_ES","og_type":"article","og_title":"Claves para afrontar la vuelta al cole: poner l\u00edmites, escuchar a los ni\u00f1os y recuperar la calma. &#8211; Solidaridad Intergeneracional","og_description":"La asociaci\u00f3n Punto Omega ofrece recomendaciones para las familias en estos primeros d\u00edas de septiembre.","og_url":"https:\/\/solidaridadintergeneracional.es\/wp\/claves-para-afrontar-la-vuelta-al-cole-poner-limites-escuchar-a-los-ninos-y-recuperar-la-calma\/","og_site_name":"Solidaridad Intergeneracional","article_publisher":"https:\/\/www.facebook.com\/SolidaridadIntergeneracional\/","article_published_time":"2026-09-03T06:56:45+00:00","author":"Solidaridad Intergeneracional","twitter_card":"summary_large_image","twitter_creator":"@E_Familia_","twitter_site":"@E_Familia_","twitter_misc":{"Escrito por":"Solidaridad Intergeneracional","Tiempo de lectura":"3 minutos"},"schema":{"@context":"https:\/\/schema.org","@graph":[{"@type":"Article","@id":"https:\/\/solidaridadintergeneracional.es\/wp\/claves-para-afrontar-la-vuelta-al-cole-poner-limites-escuchar-a-los-ninos-y-recuperar-la-calma\/#article","isPartOf":{"@id":"https:\/\/solidaridadintergeneracional.es\/wp\/claves-para-afrontar-la-vuelta-al-cole-poner-limites-escuchar-a-los-ninos-y-recuperar-la-calma\/"},"author":{"name":"Solidaridad Intergeneracional","@id":"https:\/\/solidaridadintergeneracional.es\/wp\/#\/schema\/person\/e8b31aad699715395f8afbf3f8755d51"},"headline":"Claves para afrontar la vuelta al cole: poner l\u00edmites, escuchar a los ni\u00f1os y recuperar la calma.","datePublished":"2026-09-03T06:56:45+00:00","mainEntityOfPage":{"@id":"https:\/\/solidaridadintergeneracional.es\/wp\/claves-para-afrontar-la-vuelta-al-cole-poner-limites-escuchar-a-los-ninos-y-recuperar-la-calma\/"},"wordCount":540,"publisher":{"@id":"https:\/\/solidaridadintergeneracional.es\/wp\/#organization"},"articleSection":["Familia","Noticias Bolet\u00edn","Noticias de Interes"],"inLanguage":"es"},{"@type":"WebPage","@id":"https:\/\/solidaridadintergeneracional.es\/wp\/claves-para-afrontar-la-vuelta-al-cole-poner-limites-escuchar-a-los-ninos-y-recuperar-la-calma\/","url":"https:\/\/solidaridadintergeneracional.es\/wp\/claves-para-afrontar-la-vuelta-al-cole-poner-limites-escuchar-a-los-ninos-y-recuperar-la-calma\/","name":"Claves para afrontar la vuelta al cole: poner l\u00edmites, escuchar a los ni\u00f1os y recuperar la calma. &#8211; Solidaridad Intergeneracional","isPartOf":{"@id":"https:\/\/solidaridadintergeneracional.es\/wp\/#website"},"datePublished":"2026-09-03T06:56:45+00:00","breadcrumb":{"@id":"https:\/\/solidaridadintergeneracional.es\/wp\/claves-para-afrontar-la-vuelta-al-cole-poner-limites-escuchar-a-los-ninos-y-recuperar-la-calma\/#breadcrumb"},"inLanguage":"es","potentialAction":[{"@type":"ReadAction","target":["https:\/\/solidaridadintergeneracional.es\/wp\/claves-para-afrontar-la-vuelta-al-cole-poner-limites-escuchar-a-los-ninos-y-recuperar-la-calma\/"]}]},{"@type":"BreadcrumbList","@id":"https:\/\/solidaridadintergeneracional.es\/wp\/claves-para-afrontar-la-vuelta-al-cole-poner-limites-escuchar-a-los-ninos-y-recuperar-la-calma\/#breadcrumb","itemListElement":[{"@type":"ListItem","position":1,"name":"Portada","item":"https:\/\/solidaridadintergeneracional.es\/wp\/"},{"@type":"ListItem","position":2,"name":"Claves para afrontar la vuelta al cole: poner l\u00edmites, escuchar a los ni\u00f1os y recuperar la calma."}]},{"@type":"WebSite","@id":"https:\/\/solidaridadintergeneracional.es\/wp\/#website","url":"https:\/\/solidaridadintergeneracional.es\/wp\/","name":"Solidaridad Intergeneracional","description":"Toda la informaci\u00f3n sociosanitaria a tu servicio","publisher":{"@id":"https:\/\/solidaridadintergeneracional.es\/wp\/#organization"},"potentialAction":[{"@type":"SearchAction","target":{"@type":"EntryPoint","urlTemplate":"https:\/\/solidaridadintergeneracional.es\/wp\/?s={search_term_string}"},"query-input":{"@type":"PropertyValueSpecification","valueRequired":true,"valueName":"search_term_string"}}],"inLanguage":"es"},{"@type":"Organization","@id":"https:\/\/solidaridadintergeneracional.es\/wp\/#organization","name":"Solidaridad Intergeneracional","url":"https:\/\/solidaridadintergeneracional.es\/wp\/","logo":{"@type":"ImageObject","inLanguage":"es","@id":"https:\/\/solidaridadintergeneracional.es\/wp\/#\/schema\/logo\/image\/","url":"https:\/\/solidaridadintergeneracional.es\/wp\/wp-content\/uploads\/2020\/02\/logo-solidaridad.963ff81b.png","contentUrl":"https:\/\/solidaridadintergeneracional.es\/wp\/wp-content\/uploads\/2020\/02\/logo-solidaridad.963ff81b.png","width":825,"height":288,"caption":"Solidaridad Intergeneracional"},"image":{"@id":"https:\/\/solidaridadintergeneracional.es\/wp\/#\/schema\/logo\/image\/"},"sameAs":["https:\/\/www.facebook.com\/SolidaridadIntergeneracional\/","https:\/\/x.com\/E_Familia_","https:\/\/www.youtube.com\/channel\/UCt5BNW3Z7_ACkBDg_6ujXTQ"]},{"@type":"Person","@id":"https:\/\/solidaridadintergeneracional.es\/wp\/#\/schema\/person\/e8b31aad699715395f8afbf3f8755d51","name":"Solidaridad Intergeneracional","image":{"@type":"ImageObject","inLanguage":"es","@id":"https:\/\/secure.gravatar.com\/avatar\/e18721a5c4aaa3fecf1fe45b5d7708a7037f8a862dbc28483b4cf55a6ac0fb56?s=96&d=mm&r=g","url":"https:\/\/secure.gravatar.com\/avatar\/e18721a5c4aaa3fecf1fe45b5d7708a7037f8a862dbc28483b4cf55a6ac0fb56?s=96&d=mm&r=g","contentUrl":"https:\/\/secure.gravatar.com\/avatar\/e18721a5c4aaa3fecf1fe45b5d7708a7037f8a862dbc28483b4cf55a6ac0fb56?s=96&d=mm&r=g","caption":"Solidaridad Intergeneracional"},"url":"https:\/\/solidaridadintergeneracional.es\/wp\/author\/admin\/"}]}},"_links":{"self":[{"href":"https:\/\/solidaridadintergeneracional.es\/wp\/wp-json\/wp\/v2\/posts\/65930","targetHints":{"allow":["GET"]}}],"collection":[{"href":"https:\/\/solidaridadintergeneracional.es\/wp\/wp-json\/wp\/v2\/posts"}],"about":[{"href":"https:\/\/solidaridadintergeneracional.es\/wp\/wp-json\/wp\/v2\/types\/post"}],"author":[{"embeddable":true,"href":"https:\/\/solidaridadintergeneracional.es\/wp\/wp-json\/wp\/v2\/users\/1"}],"replies":[{"embeddable":true,"href":"https:\/\/solidaridadintergeneracional.es\/wp\/wp-json\/wp\/v2\/comments?post=65930"}],"version-history":[{"count":1,"href":"https:\/\/solidaridadintergeneracional.es\/wp\/wp-json\/wp\/v2\/posts\/65930\/revisions"}],"predecessor-version":[{"id":65932,"href":"https:\/\/solidaridadintergeneracional.es\/wp\/wp-json\/wp\/v2\/posts\/65930\/revisions\/65932"}],"wp:attachment":[{"href":"https:\/\/solidaridadintergeneracional.es\/wp\/wp-json\/wp\/v2\/media?parent=65930"}],"wp:term":[{"taxonomy":"category","embeddable":true,"href":"https:\/\/solidaridadintergeneracional.es\/wp\/wp-json\/wp\/v2\/categories?post=65930"},{"taxonomy":"post_tag","embeddable":true,"href":"https:\/\/solidaridadintergeneracional.es\/wp\/wp-json\/wp\/v2\/tags?post=65930"}],"curies":[{"name":"wp","href":"https:\/\/api.w.org\/{rel}","templated":true}]}}