{"id":61623,"date":"2026-01-23T09:50:18","date_gmt":"2026-01-23T08:50:18","guid":{"rendered":"https:\/\/solidaridadintergeneracional.es\/wp\/?p=61623"},"modified":"2026-01-23T09:50:18","modified_gmt":"2026-01-23T08:50:18","slug":"las-principales-patronales-de-la-dependencia-acuerdan-un-marco-comun-para-defender-al-sector-y-a-sus-profesionales","status":"publish","type":"post","link":"https:\/\/solidaridadintergeneracional.es\/wp\/las-principales-patronales-de-la-dependencia-acuerdan-un-marco-comun-para-defender-al-sector-y-a-sus-profesionales\/","title":{"rendered":"Las principales patronales de la dependencia acuerdan un marco com\u00fan para \u201cdefender\u201d al sector y a sus profesionales."},"content":{"rendered":"<h5>Las organizaciones patronales del sector de la atenci\u00f3n a la dependencia y los cuidados Aeste, Asade, Ceaps, FED y Lares han alcanzado un acuerdo estrat\u00e9gico con el objetivo de \u201creforzar\u201d la \u201cunidad\u201d sectorial, \u201cmejorar la defensa de los intereses comunes\u201d y \u201cpriorizar\u201d la consecuci\u00f3n de acuerdos que se traduzcan en una \u201cmejora real\u201d de las condiciones laborales de los profesionales y de la atenci\u00f3n prestada a las personas en situaci\u00f3n de dependencia.<\/h5>\n<p>2026. DiscaMedia<\/p>\n<p>Servimedia<\/p>\n<p><a href=\"https:\/\/www.servimedia.es\/noticias\/principales-patronales-dependencia-acuerdan-marco-comun-para-defender-sector-profesionales\/1412665822\" target=\"_blank\" rel=\"noopener\">Enlace noticia original<\/a><\/p>\n<p>As\u00ed lo anunciaron este mi\u00e9rcoles dichas organizaciones en un comunicado conjunto en el que precisaron que este acuerdo se produce en un contexto \u201cespecialmente complejo\u201d para el sector, \u201cmarcado\u201d por una financiaci\u00f3n \u201cinsuficiente\u201d, una \u201ccreciente escasez\u201d de profesionales, el \u201caumento continuo\u201d de los costes y una demanda asistencial \u201cen constante crecimiento\u201d.<\/p>\n<p>En este contexto y ante la pr\u00f3xima negociaci\u00f3n del IX Convenio Marco Estatal de la Dependencia, las cinco patronales consideran \u201cimprescindible avanzar desde la cooperaci\u00f3n, el consenso y la responsabilidad compartida\u201d.<\/p>\n<p>Por ello, las organizaciones firmantes que se reconocen de forma conjunta la \u201crepresentatividad total\u201d del sector y que, comparten \u201cobjetivos, preocupaciones e inquietudes comunes\u201d, han decidido \u201cunir sus fuerzas\u201d para \u201creforzar\u201d su \u201clegitimidad\u201d dentro del marco del di\u00e1logo social y la interlocuci\u00f3n con las administraciones p\u00fablicas y las organizaciones sindicales, en un momento que ven \u201cclave para el futuro del sistema de cuidados\u201d.<\/p>\n<p>Asimismo, las patronales subrayaron que el \u201cfortalecimiento\u201d de la unidad empresarial \u201cno es un fin en s\u00ed mismo\u201d, sino \u201cuna herramienta fundamental para avanzar hacia un marco laboral sostenible, equilibrado y adaptado a la realidad del sector\u201d.<\/p>\n<p>PROFESIONALES<\/p>\n<p>\u201cLa mejora de las condiciones laborales de los profesionales es una prioridad compartida, al entender que solo con empleo digno, estable y atractivo ser\u00e1 posible garantizar la calidad asistencial que merecen las personas en situaci\u00f3n de dependencia\u201d, abundaron.<\/p>\n<p>A este respecto, puntualizaron que dicho compromiso \u201cdemuestra\u201d su \u201cvoluntad\u201d de abordar las \u201cdiferencias\u201d desde el \u201cdi\u00e1logo\u201d y la \u201cresponsabilidad\u201d, apostando por \u201csoluciones t\u00e9cnicas y consensuadas que refuercen la estabilidad del sector a medio y largo plazo\u201d.<\/p>\n<p>Por \u00faltimo, Aeste, Asade, Ceaps, FED y Lares reiteraron su llamamiento a las administraciones p\u00fablicas para que \u201cacompa\u00f1en\u201d este \u201cesfuerzo de unidad\u201d con pol\u00edticas \u201ccoherentes\u201d de financiaci\u00f3n, planificaci\u00f3n y reconocimiento del sector de la dependencia como un \u201cpilar esencial\u201d del Estado del Bienestar, llegando a un \u201cnecesario\u201d Pacto Nacional por el Cuidado de las Personas en situaci\u00f3n de Dependencia.<\/p>\n<p>\u201cSolo mediante un trabajo conjunto entre administraciones, agentes sociales y entidades proveedoras ser\u00e1 posible garantizar la sostenibilidad del sistema, la dignificaci\u00f3n del empleo y una atenci\u00f3n de calidad centrada en las personas\u201d, resolvieron.<\/p>\n<p>La primera reuni\u00f3n de negociaci\u00f3n del IX Convenio Marco Estatal de la Dependencia tendr\u00e1 lugar el pr\u00f3ximo 10 de febrero y el 2 de marzo, la segunda.<\/p>\n","protected":false},"excerpt":{"rendered":"<p>Las organizaciones patronales del sector de la atenci\u00f3n a la dependencia y los cuidados Aeste, Asade, Ceaps, FED y Lares han alcanzado un acuerdo estrat\u00e9gico con el objetivo de \u201creforzar\u201d la \u201cunidad\u201d sectorial, \u201cmejorar la defensa de los intereses comunes\u201d y \u201cpriorizar\u201d la consecuci\u00f3n de acuerdos que se traduzcan en una \u201cmejora real\u201d de las condiciones laborales de los profesionales y de la atenci\u00f3n prestada a las personas en situaci\u00f3n de dependencia.<\/p>\n","protected":false},"author":1,"featured_media":0,"comment_status":"closed","ping_status":"open","sticky":false,"template":"","format":"standard","meta":{"footnotes":""},"categories":[325,328,475],"tags":[],"class_list":["post-61623","post","type-post","status-publish","format-standard","hentry","category-familia","category-noticiasboletin","category-noticias-interes"],"yoast_head":"<!-- This site is optimized with the Yoast SEO plugin v27.5 - https:\/\/yoast.com\/product\/yoast-seo-wordpress\/ -->\n<title>Las principales patronales de la dependencia acuerdan un marco com\u00fan para \u201cdefender\u201d al sector y a sus profesionales. &#8211; Solidaridad Intergeneracional<\/title>\n<meta name=\"robots\" content=\"index, follow, max-snippet:-1, max-image-preview:large, max-video-preview:-1\" \/>\n<link rel=\"canonical\" href=\"https:\/\/solidaridadintergeneracional.es\/wp\/las-principales-patronales-de-la-dependencia-acuerdan-un-marco-comun-para-defender-al-sector-y-a-sus-profesionales\/\" \/>\n<meta property=\"og:locale\" content=\"es_ES\" \/>\n<meta property=\"og:type\" content=\"article\" \/>\n<meta property=\"og:title\" content=\"Las principales patronales de la dependencia acuerdan un marco com\u00fan para \u201cdefender\u201d al sector y a sus profesionales. &#8211; Solidaridad Intergeneracional\" \/>\n<meta property=\"og:description\" content=\"Las organizaciones patronales del sector de la atenci\u00f3n a la dependencia y los cuidados Aeste, Asade, Ceaps, FED y Lares han alcanzado un acuerdo estrat\u00e9gico con el objetivo de \u201creforzar\u201d la \u201cunidad\u201d sectorial, \u201cmejorar la defensa de los intereses comunes\u201d y \u201cpriorizar\u201d la consecuci\u00f3n de acuerdos que se traduzcan en una \u201cmejora real\u201d de las condiciones laborales de los profesionales y de la atenci\u00f3n prestada a las personas en situaci\u00f3n de dependencia.\" \/>\n<meta property=\"og:url\" content=\"https:\/\/solidaridadintergeneracional.es\/wp\/las-principales-patronales-de-la-dependencia-acuerdan-un-marco-comun-para-defender-al-sector-y-a-sus-profesionales\/\" \/>\n<meta property=\"og:site_name\" content=\"Solidaridad Intergeneracional\" \/>\n<meta property=\"article:publisher\" content=\"https:\/\/www.facebook.com\/SolidaridadIntergeneracional\/\" \/>\n<meta property=\"article:published_time\" content=\"2026-01-23T08:50:18+00:00\" \/>\n<meta name=\"author\" content=\"Solidaridad Intergeneracional\" \/>\n<meta name=\"twitter:card\" content=\"summary_large_image\" \/>\n<meta name=\"twitter:creator\" content=\"@E_Familia_\" \/>\n<meta name=\"twitter:site\" content=\"@E_Familia_\" \/>\n<meta name=\"twitter:label1\" content=\"Escrito por\" \/>\n\t<meta name=\"twitter:data1\" content=\"Solidaridad Intergeneracional\" \/>\n\t<meta name=\"twitter:label2\" content=\"Tiempo de lectura\" \/>\n\t<meta name=\"twitter:data2\" content=\"3 minutos\" \/>\n<script type=\"application\/ld+json\" class=\"yoast-schema-graph\">{\"@context\":\"https:\\\/\\\/schema.org\",\"@graph\":[{\"@type\":\"Article\",\"@id\":\"https:\\\/\\\/solidaridadintergeneracional.es\\\/wp\\\/las-principales-patronales-de-la-dependencia-acuerdan-un-marco-comun-para-defender-al-sector-y-a-sus-profesionales\\\/#article\",\"isPartOf\":{\"@id\":\"https:\\\/\\\/solidaridadintergeneracional.es\\\/wp\\\/las-principales-patronales-de-la-dependencia-acuerdan-un-marco-comun-para-defender-al-sector-y-a-sus-profesionales\\\/\"},\"author\":{\"name\":\"Solidaridad Intergeneracional\",\"@id\":\"https:\\\/\\\/solidaridadintergeneracional.es\\\/wp\\\/#\\\/schema\\\/person\\\/e8b31aad699715395f8afbf3f8755d51\"},\"headline\":\"Las principales patronales de la dependencia acuerdan un marco com\u00fan para \u201cdefender\u201d al sector y a sus profesionales.\",\"datePublished\":\"2026-01-23T08:50:18+00:00\",\"mainEntityOfPage\":{\"@id\":\"https:\\\/\\\/solidaridadintergeneracional.es\\\/wp\\\/las-principales-patronales-de-la-dependencia-acuerdan-un-marco-comun-para-defender-al-sector-y-a-sus-profesionales\\\/\"},\"wordCount\":498,\"publisher\":{\"@id\":\"https:\\\/\\\/solidaridadintergeneracional.es\\\/wp\\\/#organization\"},\"articleSection\":[\"Familia\",\"Noticias Bolet\u00edn\",\"Noticias de Interes\"],\"inLanguage\":\"es\"},{\"@type\":\"WebPage\",\"@id\":\"https:\\\/\\\/solidaridadintergeneracional.es\\\/wp\\\/las-principales-patronales-de-la-dependencia-acuerdan-un-marco-comun-para-defender-al-sector-y-a-sus-profesionales\\\/\",\"url\":\"https:\\\/\\\/solidaridadintergeneracional.es\\\/wp\\\/las-principales-patronales-de-la-dependencia-acuerdan-un-marco-comun-para-defender-al-sector-y-a-sus-profesionales\\\/\",\"name\":\"Las principales patronales de la dependencia acuerdan un marco com\u00fan para \u201cdefender\u201d al sector y a sus profesionales. &#8211; Solidaridad Intergeneracional\",\"isPartOf\":{\"@id\":\"https:\\\/\\\/solidaridadintergeneracional.es\\\/wp\\\/#website\"},\"datePublished\":\"2026-01-23T08:50:18+00:00\",\"breadcrumb\":{\"@id\":\"https:\\\/\\\/solidaridadintergeneracional.es\\\/wp\\\/las-principales-patronales-de-la-dependencia-acuerdan-un-marco-comun-para-defender-al-sector-y-a-sus-profesionales\\\/#breadcrumb\"},\"inLanguage\":\"es\",\"potentialAction\":[{\"@type\":\"ReadAction\",\"target\":[\"https:\\\/\\\/solidaridadintergeneracional.es\\\/wp\\\/las-principales-patronales-de-la-dependencia-acuerdan-un-marco-comun-para-defender-al-sector-y-a-sus-profesionales\\\/\"]}]},{\"@type\":\"BreadcrumbList\",\"@id\":\"https:\\\/\\\/solidaridadintergeneracional.es\\\/wp\\\/las-principales-patronales-de-la-dependencia-acuerdan-un-marco-comun-para-defender-al-sector-y-a-sus-profesionales\\\/#breadcrumb\",\"itemListElement\":[{\"@type\":\"ListItem\",\"position\":1,\"name\":\"Portada\",\"item\":\"https:\\\/\\\/solidaridadintergeneracional.es\\\/wp\\\/\"},{\"@type\":\"ListItem\",\"position\":2,\"name\":\"Las principales patronales de la dependencia acuerdan un marco com\u00fan para \u201cdefender\u201d al sector y a sus profesionales.\"}]},{\"@type\":\"WebSite\",\"@id\":\"https:\\\/\\\/solidaridadintergeneracional.es\\\/wp\\\/#website\",\"url\":\"https:\\\/\\\/solidaridadintergeneracional.es\\\/wp\\\/\",\"name\":\"Solidaridad Intergeneracional\",\"description\":\"Toda la informaci\u00f3n sociosanitaria a tu servicio\",\"publisher\":{\"@id\":\"https:\\\/\\\/solidaridadintergeneracional.es\\\/wp\\\/#organization\"},\"potentialAction\":[{\"@type\":\"SearchAction\",\"target\":{\"@type\":\"EntryPoint\",\"urlTemplate\":\"https:\\\/\\\/solidaridadintergeneracional.es\\\/wp\\\/?s={search_term_string}\"},\"query-input\":{\"@type\":\"PropertyValueSpecification\",\"valueRequired\":true,\"valueName\":\"search_term_string\"}}],\"inLanguage\":\"es\"},{\"@type\":\"Organization\",\"@id\":\"https:\\\/\\\/solidaridadintergeneracional.es\\\/wp\\\/#organization\",\"name\":\"Solidaridad Intergeneracional\",\"url\":\"https:\\\/\\\/solidaridadintergeneracional.es\\\/wp\\\/\",\"logo\":{\"@type\":\"ImageObject\",\"inLanguage\":\"es\",\"@id\":\"https:\\\/\\\/solidaridadintergeneracional.es\\\/wp\\\/#\\\/schema\\\/logo\\\/image\\\/\",\"url\":\"https:\\\/\\\/solidaridadintergeneracional.es\\\/wp\\\/wp-content\\\/uploads\\\/2020\\\/02\\\/logo-solidaridad.963ff81b.png\",\"contentUrl\":\"https:\\\/\\\/solidaridadintergeneracional.es\\\/wp\\\/wp-content\\\/uploads\\\/2020\\\/02\\\/logo-solidaridad.963ff81b.png\",\"width\":825,\"height\":288,\"caption\":\"Solidaridad Intergeneracional\"},\"image\":{\"@id\":\"https:\\\/\\\/solidaridadintergeneracional.es\\\/wp\\\/#\\\/schema\\\/logo\\\/image\\\/\"},\"sameAs\":[\"https:\\\/\\\/www.facebook.com\\\/SolidaridadIntergeneracional\\\/\",\"https:\\\/\\\/x.com\\\/E_Familia_\",\"https:\\\/\\\/www.youtube.com\\\/channel\\\/UCt5BNW3Z7_ACkBDg_6ujXTQ\"]},{\"@type\":\"Person\",\"@id\":\"https:\\\/\\\/solidaridadintergeneracional.es\\\/wp\\\/#\\\/schema\\\/person\\\/e8b31aad699715395f8afbf3f8755d51\",\"name\":\"Solidaridad Intergeneracional\",\"image\":{\"@type\":\"ImageObject\",\"inLanguage\":\"es\",\"@id\":\"https:\\\/\\\/secure.gravatar.com\\\/avatar\\\/e18721a5c4aaa3fecf1fe45b5d7708a7037f8a862dbc28483b4cf55a6ac0fb56?s=96&d=mm&r=g\",\"url\":\"https:\\\/\\\/secure.gravatar.com\\\/avatar\\\/e18721a5c4aaa3fecf1fe45b5d7708a7037f8a862dbc28483b4cf55a6ac0fb56?s=96&d=mm&r=g\",\"contentUrl\":\"https:\\\/\\\/secure.gravatar.com\\\/avatar\\\/e18721a5c4aaa3fecf1fe45b5d7708a7037f8a862dbc28483b4cf55a6ac0fb56?s=96&d=mm&r=g\",\"caption\":\"Solidaridad Intergeneracional\"},\"url\":\"https:\\\/\\\/solidaridadintergeneracional.es\\\/wp\\\/author\\\/admin\\\/\"}]}<\/script>\n<!-- \/ Yoast SEO plugin. -->","yoast_head_json":{"title":"Las principales patronales de la dependencia acuerdan un marco com\u00fan para \u201cdefender\u201d al sector y a sus profesionales. &#8211; Solidaridad Intergeneracional","robots":{"index":"index","follow":"follow","max-snippet":"max-snippet:-1","max-image-preview":"max-image-preview:large","max-video-preview":"max-video-preview:-1"},"canonical":"https:\/\/solidaridadintergeneracional.es\/wp\/las-principales-patronales-de-la-dependencia-acuerdan-un-marco-comun-para-defender-al-sector-y-a-sus-profesionales\/","og_locale":"es_ES","og_type":"article","og_title":"Las principales patronales de la dependencia acuerdan un marco com\u00fan para \u201cdefender\u201d al sector y a sus profesionales. &#8211; Solidaridad Intergeneracional","og_description":"Las organizaciones patronales del sector de la atenci\u00f3n a la dependencia y los cuidados Aeste, Asade, Ceaps, FED y Lares han alcanzado un acuerdo estrat\u00e9gico con el objetivo de \u201creforzar\u201d la \u201cunidad\u201d sectorial, \u201cmejorar la defensa de los intereses comunes\u201d y \u201cpriorizar\u201d la consecuci\u00f3n de acuerdos que se traduzcan en una \u201cmejora real\u201d de las condiciones laborales de los profesionales y de la atenci\u00f3n prestada a las personas en situaci\u00f3n de dependencia.","og_url":"https:\/\/solidaridadintergeneracional.es\/wp\/las-principales-patronales-de-la-dependencia-acuerdan-un-marco-comun-para-defender-al-sector-y-a-sus-profesionales\/","og_site_name":"Solidaridad Intergeneracional","article_publisher":"https:\/\/www.facebook.com\/SolidaridadIntergeneracional\/","article_published_time":"2026-01-23T08:50:18+00:00","author":"Solidaridad Intergeneracional","twitter_card":"summary_large_image","twitter_creator":"@E_Familia_","twitter_site":"@E_Familia_","twitter_misc":{"Escrito por":"Solidaridad Intergeneracional","Tiempo de lectura":"3 minutos"},"schema":{"@context":"https:\/\/schema.org","@graph":[{"@type":"Article","@id":"https:\/\/solidaridadintergeneracional.es\/wp\/las-principales-patronales-de-la-dependencia-acuerdan-un-marco-comun-para-defender-al-sector-y-a-sus-profesionales\/#article","isPartOf":{"@id":"https:\/\/solidaridadintergeneracional.es\/wp\/las-principales-patronales-de-la-dependencia-acuerdan-un-marco-comun-para-defender-al-sector-y-a-sus-profesionales\/"},"author":{"name":"Solidaridad Intergeneracional","@id":"https:\/\/solidaridadintergeneracional.es\/wp\/#\/schema\/person\/e8b31aad699715395f8afbf3f8755d51"},"headline":"Las principales patronales de la dependencia acuerdan un marco com\u00fan para \u201cdefender\u201d al sector y a sus profesionales.","datePublished":"2026-01-23T08:50:18+00:00","mainEntityOfPage":{"@id":"https:\/\/solidaridadintergeneracional.es\/wp\/las-principales-patronales-de-la-dependencia-acuerdan-un-marco-comun-para-defender-al-sector-y-a-sus-profesionales\/"},"wordCount":498,"publisher":{"@id":"https:\/\/solidaridadintergeneracional.es\/wp\/#organization"},"articleSection":["Familia","Noticias Bolet\u00edn","Noticias de Interes"],"inLanguage":"es"},{"@type":"WebPage","@id":"https:\/\/solidaridadintergeneracional.es\/wp\/las-principales-patronales-de-la-dependencia-acuerdan-un-marco-comun-para-defender-al-sector-y-a-sus-profesionales\/","url":"https:\/\/solidaridadintergeneracional.es\/wp\/las-principales-patronales-de-la-dependencia-acuerdan-un-marco-comun-para-defender-al-sector-y-a-sus-profesionales\/","name":"Las principales patronales de la dependencia acuerdan un marco com\u00fan para \u201cdefender\u201d al sector y a sus profesionales. &#8211; Solidaridad Intergeneracional","isPartOf":{"@id":"https:\/\/solidaridadintergeneracional.es\/wp\/#website"},"datePublished":"2026-01-23T08:50:18+00:00","breadcrumb":{"@id":"https:\/\/solidaridadintergeneracional.es\/wp\/las-principales-patronales-de-la-dependencia-acuerdan-un-marco-comun-para-defender-al-sector-y-a-sus-profesionales\/#breadcrumb"},"inLanguage":"es","potentialAction":[{"@type":"ReadAction","target":["https:\/\/solidaridadintergeneracional.es\/wp\/las-principales-patronales-de-la-dependencia-acuerdan-un-marco-comun-para-defender-al-sector-y-a-sus-profesionales\/"]}]},{"@type":"BreadcrumbList","@id":"https:\/\/solidaridadintergeneracional.es\/wp\/las-principales-patronales-de-la-dependencia-acuerdan-un-marco-comun-para-defender-al-sector-y-a-sus-profesionales\/#breadcrumb","itemListElement":[{"@type":"ListItem","position":1,"name":"Portada","item":"https:\/\/solidaridadintergeneracional.es\/wp\/"},{"@type":"ListItem","position":2,"name":"Las principales patronales de la dependencia acuerdan un marco com\u00fan para \u201cdefender\u201d al sector y a sus profesionales."}]},{"@type":"WebSite","@id":"https:\/\/solidaridadintergeneracional.es\/wp\/#website","url":"https:\/\/solidaridadintergeneracional.es\/wp\/","name":"Solidaridad Intergeneracional","description":"Toda la informaci\u00f3n sociosanitaria a tu servicio","publisher":{"@id":"https:\/\/solidaridadintergeneracional.es\/wp\/#organization"},"potentialAction":[{"@type":"SearchAction","target":{"@type":"EntryPoint","urlTemplate":"https:\/\/solidaridadintergeneracional.es\/wp\/?s={search_term_string}"},"query-input":{"@type":"PropertyValueSpecification","valueRequired":true,"valueName":"search_term_string"}}],"inLanguage":"es"},{"@type":"Organization","@id":"https:\/\/solidaridadintergeneracional.es\/wp\/#organization","name":"Solidaridad Intergeneracional","url":"https:\/\/solidaridadintergeneracional.es\/wp\/","logo":{"@type":"ImageObject","inLanguage":"es","@id":"https:\/\/solidaridadintergeneracional.es\/wp\/#\/schema\/logo\/image\/","url":"https:\/\/solidaridadintergeneracional.es\/wp\/wp-content\/uploads\/2020\/02\/logo-solidaridad.963ff81b.png","contentUrl":"https:\/\/solidaridadintergeneracional.es\/wp\/wp-content\/uploads\/2020\/02\/logo-solidaridad.963ff81b.png","width":825,"height":288,"caption":"Solidaridad Intergeneracional"},"image":{"@id":"https:\/\/solidaridadintergeneracional.es\/wp\/#\/schema\/logo\/image\/"},"sameAs":["https:\/\/www.facebook.com\/SolidaridadIntergeneracional\/","https:\/\/x.com\/E_Familia_","https:\/\/www.youtube.com\/channel\/UCt5BNW3Z7_ACkBDg_6ujXTQ"]},{"@type":"Person","@id":"https:\/\/solidaridadintergeneracional.es\/wp\/#\/schema\/person\/e8b31aad699715395f8afbf3f8755d51","name":"Solidaridad Intergeneracional","image":{"@type":"ImageObject","inLanguage":"es","@id":"https:\/\/secure.gravatar.com\/avatar\/e18721a5c4aaa3fecf1fe45b5d7708a7037f8a862dbc28483b4cf55a6ac0fb56?s=96&d=mm&r=g","url":"https:\/\/secure.gravatar.com\/avatar\/e18721a5c4aaa3fecf1fe45b5d7708a7037f8a862dbc28483b4cf55a6ac0fb56?s=96&d=mm&r=g","contentUrl":"https:\/\/secure.gravatar.com\/avatar\/e18721a5c4aaa3fecf1fe45b5d7708a7037f8a862dbc28483b4cf55a6ac0fb56?s=96&d=mm&r=g","caption":"Solidaridad Intergeneracional"},"url":"https:\/\/solidaridadintergeneracional.es\/wp\/author\/admin\/"}]}},"_links":{"self":[{"href":"https:\/\/solidaridadintergeneracional.es\/wp\/wp-json\/wp\/v2\/posts\/61623","targetHints":{"allow":["GET"]}}],"collection":[{"href":"https:\/\/solidaridadintergeneracional.es\/wp\/wp-json\/wp\/v2\/posts"}],"about":[{"href":"https:\/\/solidaridadintergeneracional.es\/wp\/wp-json\/wp\/v2\/types\/post"}],"author":[{"embeddable":true,"href":"https:\/\/solidaridadintergeneracional.es\/wp\/wp-json\/wp\/v2\/users\/1"}],"replies":[{"embeddable":true,"href":"https:\/\/solidaridadintergeneracional.es\/wp\/wp-json\/wp\/v2\/comments?post=61623"}],"version-history":[{"count":1,"href":"https:\/\/solidaridadintergeneracional.es\/wp\/wp-json\/wp\/v2\/posts\/61623\/revisions"}],"predecessor-version":[{"id":61626,"href":"https:\/\/solidaridadintergeneracional.es\/wp\/wp-json\/wp\/v2\/posts\/61623\/revisions\/61626"}],"wp:attachment":[{"href":"https:\/\/solidaridadintergeneracional.es\/wp\/wp-json\/wp\/v2\/media?parent=61623"}],"wp:term":[{"taxonomy":"category","embeddable":true,"href":"https:\/\/solidaridadintergeneracional.es\/wp\/wp-json\/wp\/v2\/categories?post=61623"},{"taxonomy":"post_tag","embeddable":true,"href":"https:\/\/solidaridadintergeneracional.es\/wp\/wp-json\/wp\/v2\/tags?post=61623"}],"curies":[{"name":"wp","href":"https:\/\/api.w.org\/{rel}","templated":true}]}}