{"id":57584,"date":"2025-10-08T09:33:02","date_gmt":"2025-10-08T07:33:02","guid":{"rendered":"https:\/\/solidaridadintergeneracional.es\/wp\/?p=57584"},"modified":"2025-10-08T09:33:02","modified_gmt":"2025-10-08T07:33:02","slug":"la-tecnologia-aliada-ante-el-deterioro-cognitivo-en-personas-mayores-usar-el-movil-lo-ralentiza","status":"publish","type":"post","link":"https:\/\/solidaridadintergeneracional.es\/wp\/la-tecnologia-aliada-ante-el-deterioro-cognitivo-en-personas-mayores-usar-el-movil-lo-ralentiza\/","title":{"rendered":"La tecnolog\u00eda aliada ante el deterioro cognitivo en personas mayores: usar el m\u00f3vil lo ralentiza."},"content":{"rendered":"<h5>Un amplio estudio sugiere que el uso cotidiano de tecnolog\u00eda podr\u00eda ayudar a proteger la mente en la vejez. Lejos de acelerar el deterioro cognitivo, m\u00f3viles e internet podr\u00edan incluso ralentizarlo.<\/h5>\n<p>2025. Hablando en Plata<\/p>\n<p>Luc\u00eda Cartagena<\/p>\n<p><a href=\"https:\/\/www.hablandoenplata.es\/vida\/tecnologia-aliada-deterioro-cognitivo-personas-mayores-usar-movil-ralentiza_202508086895c89f51d2460c8074859b.html\" target=\"_blank\" rel=\"noopener\">Enlace noticia original<\/a><\/p>\n<p>A medida que la generaci\u00f3n que creci\u00f3 con internet y tel\u00e9fonos m\u00f3viles llega a la vejez,<b>\u00a0surgen dudas sobre c\u00f3mo influye la tecnolog\u00eda en el deterioro cognitivo.<\/b>\u00a0Durante a\u00f1os se ha debatido si el uso habitual de dispositivos digitales ayuda a conservar la salud mental o si, por el contrario, la perjudica. Un nuevo an\u00e1lisis internacional aporta datos que permiten empezar a responder con m\u00e1s claridad.<\/p>\n<p>Publicado en Nature Human Behaviour,\u00a0<b>el estudio<\/b>\u00a0analiz\u00f3 57 investigaciones previas con\u00a0<b>m\u00e1s de 400.000 adultos mayores.<\/b>\u00a0Los resultados muestran que\u00a0<b>quienes usan tecnolog\u00eda a diario tienen un 58% menos<\/b>\u00a0de probabilidad de desarrollar deterioro cognitivo y un\u00a0<b>26% menos de riesgo de que este avance r\u00e1pidamente.\u00a0<\/b>Estas asociaciones se mantienen incluso al considerar factores como ingresos y educaci\u00f3n.<\/p>\n<p>Expertos como Salvador Macip advierten que\u00a0<b>a\u00fan no se puede hablar de causalidad<\/b>, pero destacan que integrar la tecnolog\u00eda en la vida diaria podr\u00eda prevenir el aislamiento, un factor que s\u00ed acelera el deterioro. Adem\u00e1s, actividades como<b>\u00a0leer en internet o enviar correos estimulan la mente<\/b>\u00a0m\u00e1s que h\u00e1bitos pasivos como ver televisi\u00f3n.<\/p>\n<p>El estudio tambi\u00e9n enfrenta dos teor\u00edas opuestas:\u00a0<b>la &#8220;demencia digital&#8221;<\/b>, que culpa a la tecnolog\u00eda de debilitar la mente, y\u00a0<b>la &#8220;reserva tecnol\u00f3gica&#8221;<\/b>, que sostiene que puede compensar d\u00e9ficits cerebrales. Los datos actuales respaldan m\u00e1s esta segunda hip\u00f3tesis, sin evidencias de que la tecnolog\u00eda cause da\u00f1o en los mayores.<\/p>\n<p>Aunque\u00a0<b>a\u00fan no hay certezas absolutas<\/b>, el estudio ofrece un mensaje esperanzador:\u00a0<b>quienes han vivido rodeados de tecnolog\u00eda no muestran m\u00e1s demencia que generaciones anteriores.\u00a0<\/b>Lejos de perjudicar, su uso moderado podr\u00eda ser una\u00a0<b>herramienta \u00fatil\u00a0<\/b>para envejecer con mayor autonom\u00eda y salud mental.<\/p>\n","protected":false},"excerpt":{"rendered":"<p>Un amplio estudio sugiere que el uso cotidiano de tecnolog\u00eda podr\u00eda ayudar a proteger la mente en la vejez. Lejos de acelerar el deterioro cognitivo, m\u00f3viles e internet podr\u00edan incluso ralentizarlo.<\/p>\n","protected":false},"author":1,"featured_media":0,"comment_status":"closed","ping_status":"open","sticky":false,"template":"","format":"standard","meta":{"footnotes":""},"categories":[323,327,328],"tags":[],"class_list":["post-57584","post","type-post","status-publish","format-standard","hentry","category-envejecimientoactivoysaludable","category-mayores","category-noticiasboletin"],"yoast_head":"<!-- This site is optimized with the Yoast SEO plugin v27.5 - https:\/\/yoast.com\/product\/yoast-seo-wordpress\/ -->\n<title>La tecnolog\u00eda aliada ante el deterioro cognitivo en personas mayores: usar el m\u00f3vil lo ralentiza. &#8211; Solidaridad Intergeneracional<\/title>\n<meta name=\"robots\" content=\"index, follow, max-snippet:-1, max-image-preview:large, max-video-preview:-1\" \/>\n<link rel=\"canonical\" href=\"https:\/\/solidaridadintergeneracional.es\/wp\/la-tecnologia-aliada-ante-el-deterioro-cognitivo-en-personas-mayores-usar-el-movil-lo-ralentiza\/\" \/>\n<meta property=\"og:locale\" content=\"es_ES\" \/>\n<meta property=\"og:type\" content=\"article\" \/>\n<meta property=\"og:title\" content=\"La tecnolog\u00eda aliada ante el deterioro cognitivo en personas mayores: usar el m\u00f3vil lo ralentiza. &#8211; Solidaridad Intergeneracional\" \/>\n<meta property=\"og:description\" content=\"Un amplio estudio sugiere que el uso cotidiano de tecnolog\u00eda podr\u00eda ayudar a proteger la mente en la vejez. Lejos de acelerar el deterioro cognitivo, m\u00f3viles e internet podr\u00edan incluso ralentizarlo.\" \/>\n<meta property=\"og:url\" content=\"https:\/\/solidaridadintergeneracional.es\/wp\/la-tecnologia-aliada-ante-el-deterioro-cognitivo-en-personas-mayores-usar-el-movil-lo-ralentiza\/\" \/>\n<meta property=\"og:site_name\" content=\"Solidaridad Intergeneracional\" \/>\n<meta property=\"article:publisher\" content=\"https:\/\/www.facebook.com\/SolidaridadIntergeneracional\/\" \/>\n<meta property=\"article:published_time\" content=\"2025-10-08T07:33:02+00:00\" \/>\n<meta name=\"author\" content=\"Solidaridad Intergeneracional\" \/>\n<meta name=\"twitter:card\" content=\"summary_large_image\" \/>\n<meta name=\"twitter:creator\" content=\"@E_Familia_\" \/>\n<meta name=\"twitter:site\" content=\"@E_Familia_\" \/>\n<meta name=\"twitter:label1\" content=\"Escrito por\" \/>\n\t<meta name=\"twitter:data1\" content=\"Solidaridad Intergeneracional\" \/>\n\t<meta name=\"twitter:label2\" content=\"Tiempo de lectura\" \/>\n\t<meta name=\"twitter:data2\" content=\"2 minutos\" \/>\n<script type=\"application\/ld+json\" class=\"yoast-schema-graph\">{\"@context\":\"https:\\\/\\\/schema.org\",\"@graph\":[{\"@type\":\"Article\",\"@id\":\"https:\\\/\\\/solidaridadintergeneracional.es\\\/wp\\\/la-tecnologia-aliada-ante-el-deterioro-cognitivo-en-personas-mayores-usar-el-movil-lo-ralentiza\\\/#article\",\"isPartOf\":{\"@id\":\"https:\\\/\\\/solidaridadintergeneracional.es\\\/wp\\\/la-tecnologia-aliada-ante-el-deterioro-cognitivo-en-personas-mayores-usar-el-movil-lo-ralentiza\\\/\"},\"author\":{\"name\":\"Solidaridad Intergeneracional\",\"@id\":\"https:\\\/\\\/solidaridadintergeneracional.es\\\/wp\\\/#\\\/schema\\\/person\\\/e8b31aad699715395f8afbf3f8755d51\"},\"headline\":\"La tecnolog\u00eda aliada ante el deterioro cognitivo en personas mayores: usar el m\u00f3vil lo ralentiza.\",\"datePublished\":\"2025-10-08T07:33:02+00:00\",\"mainEntityOfPage\":{\"@id\":\"https:\\\/\\\/solidaridadintergeneracional.es\\\/wp\\\/la-tecnologia-aliada-ante-el-deterioro-cognitivo-en-personas-mayores-usar-el-movil-lo-ralentiza\\\/\"},\"wordCount\":361,\"publisher\":{\"@id\":\"https:\\\/\\\/solidaridadintergeneracional.es\\\/wp\\\/#organization\"},\"articleSection\":[\"Envejecimiento activo y saludable\",\"Mayores\",\"Noticias Bolet\u00edn\"],\"inLanguage\":\"es\"},{\"@type\":\"WebPage\",\"@id\":\"https:\\\/\\\/solidaridadintergeneracional.es\\\/wp\\\/la-tecnologia-aliada-ante-el-deterioro-cognitivo-en-personas-mayores-usar-el-movil-lo-ralentiza\\\/\",\"url\":\"https:\\\/\\\/solidaridadintergeneracional.es\\\/wp\\\/la-tecnologia-aliada-ante-el-deterioro-cognitivo-en-personas-mayores-usar-el-movil-lo-ralentiza\\\/\",\"name\":\"La tecnolog\u00eda aliada ante el deterioro cognitivo en personas mayores: usar el m\u00f3vil lo ralentiza. &#8211; Solidaridad Intergeneracional\",\"isPartOf\":{\"@id\":\"https:\\\/\\\/solidaridadintergeneracional.es\\\/wp\\\/#website\"},\"datePublished\":\"2025-10-08T07:33:02+00:00\",\"breadcrumb\":{\"@id\":\"https:\\\/\\\/solidaridadintergeneracional.es\\\/wp\\\/la-tecnologia-aliada-ante-el-deterioro-cognitivo-en-personas-mayores-usar-el-movil-lo-ralentiza\\\/#breadcrumb\"},\"inLanguage\":\"es\",\"potentialAction\":[{\"@type\":\"ReadAction\",\"target\":[\"https:\\\/\\\/solidaridadintergeneracional.es\\\/wp\\\/la-tecnologia-aliada-ante-el-deterioro-cognitivo-en-personas-mayores-usar-el-movil-lo-ralentiza\\\/\"]}]},{\"@type\":\"BreadcrumbList\",\"@id\":\"https:\\\/\\\/solidaridadintergeneracional.es\\\/wp\\\/la-tecnologia-aliada-ante-el-deterioro-cognitivo-en-personas-mayores-usar-el-movil-lo-ralentiza\\\/#breadcrumb\",\"itemListElement\":[{\"@type\":\"ListItem\",\"position\":1,\"name\":\"Portada\",\"item\":\"https:\\\/\\\/solidaridadintergeneracional.es\\\/wp\\\/\"},{\"@type\":\"ListItem\",\"position\":2,\"name\":\"La tecnolog\u00eda aliada ante el deterioro cognitivo en personas mayores: usar el m\u00f3vil lo ralentiza.\"}]},{\"@type\":\"WebSite\",\"@id\":\"https:\\\/\\\/solidaridadintergeneracional.es\\\/wp\\\/#website\",\"url\":\"https:\\\/\\\/solidaridadintergeneracional.es\\\/wp\\\/\",\"name\":\"Solidaridad Intergeneracional\",\"description\":\"Toda la informaci\u00f3n sociosanitaria a tu servicio\",\"publisher\":{\"@id\":\"https:\\\/\\\/solidaridadintergeneracional.es\\\/wp\\\/#organization\"},\"potentialAction\":[{\"@type\":\"SearchAction\",\"target\":{\"@type\":\"EntryPoint\",\"urlTemplate\":\"https:\\\/\\\/solidaridadintergeneracional.es\\\/wp\\\/?s={search_term_string}\"},\"query-input\":{\"@type\":\"PropertyValueSpecification\",\"valueRequired\":true,\"valueName\":\"search_term_string\"}}],\"inLanguage\":\"es\"},{\"@type\":\"Organization\",\"@id\":\"https:\\\/\\\/solidaridadintergeneracional.es\\\/wp\\\/#organization\",\"name\":\"Solidaridad Intergeneracional\",\"url\":\"https:\\\/\\\/solidaridadintergeneracional.es\\\/wp\\\/\",\"logo\":{\"@type\":\"ImageObject\",\"inLanguage\":\"es\",\"@id\":\"https:\\\/\\\/solidaridadintergeneracional.es\\\/wp\\\/#\\\/schema\\\/logo\\\/image\\\/\",\"url\":\"https:\\\/\\\/solidaridadintergeneracional.es\\\/wp\\\/wp-content\\\/uploads\\\/2020\\\/02\\\/logo-solidaridad.963ff81b.png\",\"contentUrl\":\"https:\\\/\\\/solidaridadintergeneracional.es\\\/wp\\\/wp-content\\\/uploads\\\/2020\\\/02\\\/logo-solidaridad.963ff81b.png\",\"width\":825,\"height\":288,\"caption\":\"Solidaridad Intergeneracional\"},\"image\":{\"@id\":\"https:\\\/\\\/solidaridadintergeneracional.es\\\/wp\\\/#\\\/schema\\\/logo\\\/image\\\/\"},\"sameAs\":[\"https:\\\/\\\/www.facebook.com\\\/SolidaridadIntergeneracional\\\/\",\"https:\\\/\\\/x.com\\\/E_Familia_\",\"https:\\\/\\\/www.youtube.com\\\/channel\\\/UCt5BNW3Z7_ACkBDg_6ujXTQ\"]},{\"@type\":\"Person\",\"@id\":\"https:\\\/\\\/solidaridadintergeneracional.es\\\/wp\\\/#\\\/schema\\\/person\\\/e8b31aad699715395f8afbf3f8755d51\",\"name\":\"Solidaridad Intergeneracional\",\"image\":{\"@type\":\"ImageObject\",\"inLanguage\":\"es\",\"@id\":\"https:\\\/\\\/secure.gravatar.com\\\/avatar\\\/e18721a5c4aaa3fecf1fe45b5d7708a7037f8a862dbc28483b4cf55a6ac0fb56?s=96&d=mm&r=g\",\"url\":\"https:\\\/\\\/secure.gravatar.com\\\/avatar\\\/e18721a5c4aaa3fecf1fe45b5d7708a7037f8a862dbc28483b4cf55a6ac0fb56?s=96&d=mm&r=g\",\"contentUrl\":\"https:\\\/\\\/secure.gravatar.com\\\/avatar\\\/e18721a5c4aaa3fecf1fe45b5d7708a7037f8a862dbc28483b4cf55a6ac0fb56?s=96&d=mm&r=g\",\"caption\":\"Solidaridad Intergeneracional\"},\"url\":\"https:\\\/\\\/solidaridadintergeneracional.es\\\/wp\\\/author\\\/admin\\\/\"}]}<\/script>\n<!-- \/ Yoast SEO plugin. -->","yoast_head_json":{"title":"La tecnolog\u00eda aliada ante el deterioro cognitivo en personas mayores: usar el m\u00f3vil lo ralentiza. &#8211; Solidaridad Intergeneracional","robots":{"index":"index","follow":"follow","max-snippet":"max-snippet:-1","max-image-preview":"max-image-preview:large","max-video-preview":"max-video-preview:-1"},"canonical":"https:\/\/solidaridadintergeneracional.es\/wp\/la-tecnologia-aliada-ante-el-deterioro-cognitivo-en-personas-mayores-usar-el-movil-lo-ralentiza\/","og_locale":"es_ES","og_type":"article","og_title":"La tecnolog\u00eda aliada ante el deterioro cognitivo en personas mayores: usar el m\u00f3vil lo ralentiza. &#8211; Solidaridad Intergeneracional","og_description":"Un amplio estudio sugiere que el uso cotidiano de tecnolog\u00eda podr\u00eda ayudar a proteger la mente en la vejez. Lejos de acelerar el deterioro cognitivo, m\u00f3viles e internet podr\u00edan incluso ralentizarlo.","og_url":"https:\/\/solidaridadintergeneracional.es\/wp\/la-tecnologia-aliada-ante-el-deterioro-cognitivo-en-personas-mayores-usar-el-movil-lo-ralentiza\/","og_site_name":"Solidaridad Intergeneracional","article_publisher":"https:\/\/www.facebook.com\/SolidaridadIntergeneracional\/","article_published_time":"2025-10-08T07:33:02+00:00","author":"Solidaridad Intergeneracional","twitter_card":"summary_large_image","twitter_creator":"@E_Familia_","twitter_site":"@E_Familia_","twitter_misc":{"Escrito por":"Solidaridad Intergeneracional","Tiempo de lectura":"2 minutos"},"schema":{"@context":"https:\/\/schema.org","@graph":[{"@type":"Article","@id":"https:\/\/solidaridadintergeneracional.es\/wp\/la-tecnologia-aliada-ante-el-deterioro-cognitivo-en-personas-mayores-usar-el-movil-lo-ralentiza\/#article","isPartOf":{"@id":"https:\/\/solidaridadintergeneracional.es\/wp\/la-tecnologia-aliada-ante-el-deterioro-cognitivo-en-personas-mayores-usar-el-movil-lo-ralentiza\/"},"author":{"name":"Solidaridad Intergeneracional","@id":"https:\/\/solidaridadintergeneracional.es\/wp\/#\/schema\/person\/e8b31aad699715395f8afbf3f8755d51"},"headline":"La tecnolog\u00eda aliada ante el deterioro cognitivo en personas mayores: usar el m\u00f3vil lo ralentiza.","datePublished":"2025-10-08T07:33:02+00:00","mainEntityOfPage":{"@id":"https:\/\/solidaridadintergeneracional.es\/wp\/la-tecnologia-aliada-ante-el-deterioro-cognitivo-en-personas-mayores-usar-el-movil-lo-ralentiza\/"},"wordCount":361,"publisher":{"@id":"https:\/\/solidaridadintergeneracional.es\/wp\/#organization"},"articleSection":["Envejecimiento activo y saludable","Mayores","Noticias Bolet\u00edn"],"inLanguage":"es"},{"@type":"WebPage","@id":"https:\/\/solidaridadintergeneracional.es\/wp\/la-tecnologia-aliada-ante-el-deterioro-cognitivo-en-personas-mayores-usar-el-movil-lo-ralentiza\/","url":"https:\/\/solidaridadintergeneracional.es\/wp\/la-tecnologia-aliada-ante-el-deterioro-cognitivo-en-personas-mayores-usar-el-movil-lo-ralentiza\/","name":"La tecnolog\u00eda aliada ante el deterioro cognitivo en personas mayores: usar el m\u00f3vil lo ralentiza. &#8211; Solidaridad Intergeneracional","isPartOf":{"@id":"https:\/\/solidaridadintergeneracional.es\/wp\/#website"},"datePublished":"2025-10-08T07:33:02+00:00","breadcrumb":{"@id":"https:\/\/solidaridadintergeneracional.es\/wp\/la-tecnologia-aliada-ante-el-deterioro-cognitivo-en-personas-mayores-usar-el-movil-lo-ralentiza\/#breadcrumb"},"inLanguage":"es","potentialAction":[{"@type":"ReadAction","target":["https:\/\/solidaridadintergeneracional.es\/wp\/la-tecnologia-aliada-ante-el-deterioro-cognitivo-en-personas-mayores-usar-el-movil-lo-ralentiza\/"]}]},{"@type":"BreadcrumbList","@id":"https:\/\/solidaridadintergeneracional.es\/wp\/la-tecnologia-aliada-ante-el-deterioro-cognitivo-en-personas-mayores-usar-el-movil-lo-ralentiza\/#breadcrumb","itemListElement":[{"@type":"ListItem","position":1,"name":"Portada","item":"https:\/\/solidaridadintergeneracional.es\/wp\/"},{"@type":"ListItem","position":2,"name":"La tecnolog\u00eda aliada ante el deterioro cognitivo en personas mayores: usar el m\u00f3vil lo ralentiza."}]},{"@type":"WebSite","@id":"https:\/\/solidaridadintergeneracional.es\/wp\/#website","url":"https:\/\/solidaridadintergeneracional.es\/wp\/","name":"Solidaridad Intergeneracional","description":"Toda la informaci\u00f3n sociosanitaria a tu servicio","publisher":{"@id":"https:\/\/solidaridadintergeneracional.es\/wp\/#organization"},"potentialAction":[{"@type":"SearchAction","target":{"@type":"EntryPoint","urlTemplate":"https:\/\/solidaridadintergeneracional.es\/wp\/?s={search_term_string}"},"query-input":{"@type":"PropertyValueSpecification","valueRequired":true,"valueName":"search_term_string"}}],"inLanguage":"es"},{"@type":"Organization","@id":"https:\/\/solidaridadintergeneracional.es\/wp\/#organization","name":"Solidaridad Intergeneracional","url":"https:\/\/solidaridadintergeneracional.es\/wp\/","logo":{"@type":"ImageObject","inLanguage":"es","@id":"https:\/\/solidaridadintergeneracional.es\/wp\/#\/schema\/logo\/image\/","url":"https:\/\/solidaridadintergeneracional.es\/wp\/wp-content\/uploads\/2020\/02\/logo-solidaridad.963ff81b.png","contentUrl":"https:\/\/solidaridadintergeneracional.es\/wp\/wp-content\/uploads\/2020\/02\/logo-solidaridad.963ff81b.png","width":825,"height":288,"caption":"Solidaridad Intergeneracional"},"image":{"@id":"https:\/\/solidaridadintergeneracional.es\/wp\/#\/schema\/logo\/image\/"},"sameAs":["https:\/\/www.facebook.com\/SolidaridadIntergeneracional\/","https:\/\/x.com\/E_Familia_","https:\/\/www.youtube.com\/channel\/UCt5BNW3Z7_ACkBDg_6ujXTQ"]},{"@type":"Person","@id":"https:\/\/solidaridadintergeneracional.es\/wp\/#\/schema\/person\/e8b31aad699715395f8afbf3f8755d51","name":"Solidaridad Intergeneracional","image":{"@type":"ImageObject","inLanguage":"es","@id":"https:\/\/secure.gravatar.com\/avatar\/e18721a5c4aaa3fecf1fe45b5d7708a7037f8a862dbc28483b4cf55a6ac0fb56?s=96&d=mm&r=g","url":"https:\/\/secure.gravatar.com\/avatar\/e18721a5c4aaa3fecf1fe45b5d7708a7037f8a862dbc28483b4cf55a6ac0fb56?s=96&d=mm&r=g","contentUrl":"https:\/\/secure.gravatar.com\/avatar\/e18721a5c4aaa3fecf1fe45b5d7708a7037f8a862dbc28483b4cf55a6ac0fb56?s=96&d=mm&r=g","caption":"Solidaridad Intergeneracional"},"url":"https:\/\/solidaridadintergeneracional.es\/wp\/author\/admin\/"}]}},"_links":{"self":[{"href":"https:\/\/solidaridadintergeneracional.es\/wp\/wp-json\/wp\/v2\/posts\/57584","targetHints":{"allow":["GET"]}}],"collection":[{"href":"https:\/\/solidaridadintergeneracional.es\/wp\/wp-json\/wp\/v2\/posts"}],"about":[{"href":"https:\/\/solidaridadintergeneracional.es\/wp\/wp-json\/wp\/v2\/types\/post"}],"author":[{"embeddable":true,"href":"https:\/\/solidaridadintergeneracional.es\/wp\/wp-json\/wp\/v2\/users\/1"}],"replies":[{"embeddable":true,"href":"https:\/\/solidaridadintergeneracional.es\/wp\/wp-json\/wp\/v2\/comments?post=57584"}],"version-history":[{"count":1,"href":"https:\/\/solidaridadintergeneracional.es\/wp\/wp-json\/wp\/v2\/posts\/57584\/revisions"}],"predecessor-version":[{"id":57585,"href":"https:\/\/solidaridadintergeneracional.es\/wp\/wp-json\/wp\/v2\/posts\/57584\/revisions\/57585"}],"wp:attachment":[{"href":"https:\/\/solidaridadintergeneracional.es\/wp\/wp-json\/wp\/v2\/media?parent=57584"}],"wp:term":[{"taxonomy":"category","embeddable":true,"href":"https:\/\/solidaridadintergeneracional.es\/wp\/wp-json\/wp\/v2\/categories?post=57584"},{"taxonomy":"post_tag","embeddable":true,"href":"https:\/\/solidaridadintergeneracional.es\/wp\/wp-json\/wp\/v2\/tags?post=57584"}],"curies":[{"name":"wp","href":"https:\/\/api.w.org\/{rel}","templated":true}]}}