{"id":48025,"date":"2023-11-14T11:19:38","date_gmt":"2023-11-14T10:19:38","guid":{"rendered":"https:\/\/solidaridadintergeneracional.es\/wp\/?p=48025"},"modified":"2023-11-14T11:19:38","modified_gmt":"2023-11-14T10:19:38","slug":"estas-enfermedades-permiten-la-jubilacion-a-los-56-anos","status":"publish","type":"post","link":"https:\/\/solidaridadintergeneracional.es\/wp\/estas-enfermedades-permiten-la-jubilacion-a-los-56-anos\/","title":{"rendered":"Estas enfermedades permiten la jubilaci\u00f3n a los 56 a\u00f1os."},"content":{"rendered":"<h5 class=\"subtitle\">Existen ciertas patolog\u00edas que permiten la jubilaci\u00f3n anticipada.<\/h5>\n<p>Stefano Traverso 27\/10\/2023<\/p>\n<p><a href=\"https:\/\/www.65ymas.com\/economia\/pensiones\/estas-enfermedades-permiten-jubilacion-56-anos_54810_102.html\" target=\"_blank\" rel=\"noopener\">Enlace noticia original<\/a><\/p>\n<p><strong>Seg\u00fan la norma actual<\/strong>,<strong>\u00a0la edad de jubilaci\u00f3n en Espa\u00f1a se encuentra en un periodo transitorio y va aumentando a\u00f1o tras a\u00f1o<\/strong>. Esta etapa se inici\u00f3 en el 2013 y finalizar\u00e1 en el a\u00f1o 2027. Lo primero que hay que saber es si un trabajador ha superado los 38 a\u00f1os de cotizaci\u00f3n. Para los que lo hayan hecho, la edad de jubilaci\u00f3n es a los 65 a\u00f1os, mientras para los que no hayan llegado a esa cifra, la edad ser\u00e1 de 66 a\u00f1os y 6 meses. Se espera que para el 2027 la edad de jubilaci\u00f3n sea de 67 a\u00f1os.<\/p>\n<p>Sin embargo,\u00a0<strong>no todos deben esperar a esa edad para poder jubilarse<\/strong>, pues siempre existen excepciones. Hay personas que, por necesidades especiales relacionadas a la salud, pueden hacer lo a los\u00a0<strong>56 a\u00f1os<\/strong>.\u00a0<strong>En caso alguien tenga un 45% de discapacidad, podr\u00e1 jubilarse a esa edad, y si, la discapacidad llega hasta el 65%, una persona podr\u00e1 jubilarse al cumplir 52 a\u00f1os.<\/strong><\/p>\n<p>Esto ocurre desde el pasado mes de mayo, cuando el\u00a0<strong>Consejo de Ministros<\/strong>\u00a0aprob\u00f3 un real decreto para mejorar el acceso a la jubilaci\u00f3n anticipada para las personas que tengan un grado de discapacidad mayor al 45%. Con dicho decreto se pretende reducir los a\u00f1os de cotizaci\u00f3n, de los 15 hasta los 5, desde el diagn\u00f3stico de la enfermedad.<\/p>\n<p><strong>\u00bfQu\u00e9 enfermedades permiten que te jubiles de manera anticipada?<\/strong><\/p>\n<p>El Gobierno desarroll\u00f3 una lista de patolog\u00edas que se pueden modificar de forma peri\u00f3dica.\u00a0<strong>Entre esas enfermedades se encuentran distintas categor\u00edas con las que permite a las personas jubilarse anticipadamente.\u00a0<\/strong>La pueden solicitar tanto aut\u00f3nomos como trabajadores por cuenta ajena que acrediten haber trabajado el tiempo m\u00ednimo de cotizaci\u00f3n. La lista de enfermedades es la siguiente:<\/p>\n<ul>\n<li>Discapacidad intelectual.<\/li>\n<li>Par\u00e1lisis cerebral.<\/li>\n<li>Anomal\u00edas gen\u00e9ticas (s\u00edndrome de Down, s\u00edndrome de Prader Willi, s\u00edndrome X fr\u00e1gil, ostog\u00e9nesis imperfecta, acondroplasia, fibrosis qu\u00edstica, enfermedad de Wilson).<\/li>\n<li>Trastornos del espectro autista.<\/li>\n<li>Anomal\u00edas cong\u00e9nitas secundarias a Talidomida.<\/li>\n<li>Secuelas de polio o s\u00edndrome post polio.<\/li>\n<li>Da\u00f1o cerebral adquirido (traumatismo craneoencef\u00e1lico, secuelas de tumores SNC, infecciones o intoxicaciones).<\/li>\n<li>Enfermedad mental (esquizofrenia, trastorno bipolar).<\/li>\n<li>Enfermedad neurol\u00f3gica (esclerosis lateral amiotr\u00f3fica, esclerosis m\u00faltiple, leucodistrofias, s\u00edndrome de Tourette, lesi\u00f3n medular traum\u00e1tica).<\/li>\n<\/ul>\n<p>Estas enfermedades deber\u00e1n reflejarse, seg\u00fan consta en el BOE, mediante un informe m\u00e9dico en el que se deber\u00e1 indicar la fecha en la que se ha manifestado la patolog\u00eda. El reconocimiento del grado de discapacidad<b>\u00a0igual o superior al 45% durante al menos cinco a\u00f1os\u00a0<\/b>depender\u00e1, por tanto, de ese informe en el que se acrediten como condiciones que la suma de porcentajes de discapacidad alcanzados en las diferentes dolencias que figuren en el certificado, as\u00ed como del porcentaje correspondiente a los \u201cbaremos complementarios\u201d, resulte un total<b>\u00a0igual o superior al 45%.<\/b><\/p>\n<p>Adem\u00e1s, al menos\u00a0<b>una de las dolencias<\/b>\u00a0tiene que estar incluida en el listado de patolog\u00edas y el porcentaje de discapacidad alcanzado por esta suponga al menos el\u00a0<b>33% del total\u00a0<\/b>del grado de discapacidad acreditado. La reducci\u00f3n del periodo de cotizaci\u00f3n para poder solicitar la jubilaci\u00f3n anticipada se aplicar\u00e1 a las personas trabajadoras por cuenta ajena y por cuenta propia incluidas en\u00a0<b>cualquiera de los reg\u00edmenes\u00a0<\/b>que integran el sistema de la Seguridad Social. Necesitar\u00e1n acreditar que a lo largo de su vida laboral han trabajado un tiempo efectivo equivalente al per\u00edodo m\u00ednimo de cotizaci\u00f3n que se exige para poder acceder a la pensi\u00f3n de jubilaci\u00f3n. El grado de discapacidad igual o superior al 45% tendr\u00e1 que haberse reconocido en el informe al menos 5 a\u00f1os.<\/p>\n","protected":false},"excerpt":{"rendered":"<p>Existen ciertas patolog\u00edas que permiten la jubilaci\u00f3n anticipada.<\/p>\n","protected":false},"author":1,"featured_media":0,"comment_status":"closed","ping_status":"open","sticky":false,"template":"","format":"standard","meta":{"footnotes":""},"categories":[327,328,475],"tags":[],"class_list":["post-48025","post","type-post","status-publish","format-standard","hentry","category-mayores","category-noticiasboletin","category-noticias-interes"],"yoast_head":"<!-- This site is optimized with the Yoast SEO plugin v27.5 - https:\/\/yoast.com\/product\/yoast-seo-wordpress\/ -->\n<title>Estas enfermedades permiten la jubilaci\u00f3n a los 56 a\u00f1os. &#8211; Solidaridad Intergeneracional<\/title>\n<meta name=\"robots\" content=\"index, follow, max-snippet:-1, max-image-preview:large, max-video-preview:-1\" \/>\n<link rel=\"canonical\" href=\"https:\/\/solidaridadintergeneracional.es\/wp\/estas-enfermedades-permiten-la-jubilacion-a-los-56-anos\/\" \/>\n<meta property=\"og:locale\" content=\"es_ES\" \/>\n<meta property=\"og:type\" content=\"article\" \/>\n<meta property=\"og:title\" content=\"Estas enfermedades permiten la jubilaci\u00f3n a los 56 a\u00f1os. &#8211; Solidaridad Intergeneracional\" \/>\n<meta property=\"og:description\" content=\"Existen ciertas patolog\u00edas que permiten la jubilaci\u00f3n anticipada.\" \/>\n<meta property=\"og:url\" content=\"https:\/\/solidaridadintergeneracional.es\/wp\/estas-enfermedades-permiten-la-jubilacion-a-los-56-anos\/\" \/>\n<meta property=\"og:site_name\" content=\"Solidaridad Intergeneracional\" \/>\n<meta property=\"article:publisher\" content=\"https:\/\/www.facebook.com\/SolidaridadIntergeneracional\/\" \/>\n<meta property=\"article:published_time\" content=\"2023-11-14T10:19:38+00:00\" \/>\n<meta name=\"author\" content=\"Solidaridad Intergeneracional\" \/>\n<meta name=\"twitter:card\" content=\"summary_large_image\" \/>\n<meta name=\"twitter:creator\" content=\"@E_Familia_\" \/>\n<meta name=\"twitter:site\" content=\"@E_Familia_\" \/>\n<meta name=\"twitter:label1\" content=\"Escrito por\" \/>\n\t<meta name=\"twitter:data1\" content=\"Solidaridad Intergeneracional\" \/>\n\t<meta name=\"twitter:label2\" content=\"Tiempo de lectura\" \/>\n\t<meta name=\"twitter:data2\" content=\"3 minutos\" \/>\n<script type=\"application\/ld+json\" class=\"yoast-schema-graph\">{\"@context\":\"https:\\\/\\\/schema.org\",\"@graph\":[{\"@type\":\"Article\",\"@id\":\"https:\\\/\\\/solidaridadintergeneracional.es\\\/wp\\\/estas-enfermedades-permiten-la-jubilacion-a-los-56-anos\\\/#article\",\"isPartOf\":{\"@id\":\"https:\\\/\\\/solidaridadintergeneracional.es\\\/wp\\\/estas-enfermedades-permiten-la-jubilacion-a-los-56-anos\\\/\"},\"author\":{\"name\":\"Solidaridad Intergeneracional\",\"@id\":\"https:\\\/\\\/solidaridadintergeneracional.es\\\/wp\\\/#\\\/schema\\\/person\\\/e8b31aad699715395f8afbf3f8755d51\"},\"headline\":\"Estas enfermedades permiten la jubilaci\u00f3n a los 56 a\u00f1os.\",\"datePublished\":\"2023-11-14T10:19:38+00:00\",\"mainEntityOfPage\":{\"@id\":\"https:\\\/\\\/solidaridadintergeneracional.es\\\/wp\\\/estas-enfermedades-permiten-la-jubilacion-a-los-56-anos\\\/\"},\"wordCount\":644,\"publisher\":{\"@id\":\"https:\\\/\\\/solidaridadintergeneracional.es\\\/wp\\\/#organization\"},\"articleSection\":[\"Mayores\",\"Noticias Bolet\u00edn\",\"Noticias de Interes\"],\"inLanguage\":\"es\"},{\"@type\":\"WebPage\",\"@id\":\"https:\\\/\\\/solidaridadintergeneracional.es\\\/wp\\\/estas-enfermedades-permiten-la-jubilacion-a-los-56-anos\\\/\",\"url\":\"https:\\\/\\\/solidaridadintergeneracional.es\\\/wp\\\/estas-enfermedades-permiten-la-jubilacion-a-los-56-anos\\\/\",\"name\":\"Estas enfermedades permiten la jubilaci\u00f3n a los 56 a\u00f1os. &#8211; Solidaridad Intergeneracional\",\"isPartOf\":{\"@id\":\"https:\\\/\\\/solidaridadintergeneracional.es\\\/wp\\\/#website\"},\"datePublished\":\"2023-11-14T10:19:38+00:00\",\"breadcrumb\":{\"@id\":\"https:\\\/\\\/solidaridadintergeneracional.es\\\/wp\\\/estas-enfermedades-permiten-la-jubilacion-a-los-56-anos\\\/#breadcrumb\"},\"inLanguage\":\"es\",\"potentialAction\":[{\"@type\":\"ReadAction\",\"target\":[\"https:\\\/\\\/solidaridadintergeneracional.es\\\/wp\\\/estas-enfermedades-permiten-la-jubilacion-a-los-56-anos\\\/\"]}]},{\"@type\":\"BreadcrumbList\",\"@id\":\"https:\\\/\\\/solidaridadintergeneracional.es\\\/wp\\\/estas-enfermedades-permiten-la-jubilacion-a-los-56-anos\\\/#breadcrumb\",\"itemListElement\":[{\"@type\":\"ListItem\",\"position\":1,\"name\":\"Portada\",\"item\":\"https:\\\/\\\/solidaridadintergeneracional.es\\\/wp\\\/\"},{\"@type\":\"ListItem\",\"position\":2,\"name\":\"Estas enfermedades permiten la jubilaci\u00f3n a los 56 a\u00f1os.\"}]},{\"@type\":\"WebSite\",\"@id\":\"https:\\\/\\\/solidaridadintergeneracional.es\\\/wp\\\/#website\",\"url\":\"https:\\\/\\\/solidaridadintergeneracional.es\\\/wp\\\/\",\"name\":\"Solidaridad Intergeneracional\",\"description\":\"Toda la informaci\u00f3n sociosanitaria a tu servicio\",\"publisher\":{\"@id\":\"https:\\\/\\\/solidaridadintergeneracional.es\\\/wp\\\/#organization\"},\"potentialAction\":[{\"@type\":\"SearchAction\",\"target\":{\"@type\":\"EntryPoint\",\"urlTemplate\":\"https:\\\/\\\/solidaridadintergeneracional.es\\\/wp\\\/?s={search_term_string}\"},\"query-input\":{\"@type\":\"PropertyValueSpecification\",\"valueRequired\":true,\"valueName\":\"search_term_string\"}}],\"inLanguage\":\"es\"},{\"@type\":\"Organization\",\"@id\":\"https:\\\/\\\/solidaridadintergeneracional.es\\\/wp\\\/#organization\",\"name\":\"Solidaridad Intergeneracional\",\"url\":\"https:\\\/\\\/solidaridadintergeneracional.es\\\/wp\\\/\",\"logo\":{\"@type\":\"ImageObject\",\"inLanguage\":\"es\",\"@id\":\"https:\\\/\\\/solidaridadintergeneracional.es\\\/wp\\\/#\\\/schema\\\/logo\\\/image\\\/\",\"url\":\"https:\\\/\\\/solidaridadintergeneracional.es\\\/wp\\\/wp-content\\\/uploads\\\/2020\\\/02\\\/logo-solidaridad.963ff81b.png\",\"contentUrl\":\"https:\\\/\\\/solidaridadintergeneracional.es\\\/wp\\\/wp-content\\\/uploads\\\/2020\\\/02\\\/logo-solidaridad.963ff81b.png\",\"width\":825,\"height\":288,\"caption\":\"Solidaridad Intergeneracional\"},\"image\":{\"@id\":\"https:\\\/\\\/solidaridadintergeneracional.es\\\/wp\\\/#\\\/schema\\\/logo\\\/image\\\/\"},\"sameAs\":[\"https:\\\/\\\/www.facebook.com\\\/SolidaridadIntergeneracional\\\/\",\"https:\\\/\\\/x.com\\\/E_Familia_\",\"https:\\\/\\\/www.youtube.com\\\/channel\\\/UCt5BNW3Z7_ACkBDg_6ujXTQ\"]},{\"@type\":\"Person\",\"@id\":\"https:\\\/\\\/solidaridadintergeneracional.es\\\/wp\\\/#\\\/schema\\\/person\\\/e8b31aad699715395f8afbf3f8755d51\",\"name\":\"Solidaridad Intergeneracional\",\"image\":{\"@type\":\"ImageObject\",\"inLanguage\":\"es\",\"@id\":\"https:\\\/\\\/secure.gravatar.com\\\/avatar\\\/e18721a5c4aaa3fecf1fe45b5d7708a7037f8a862dbc28483b4cf55a6ac0fb56?s=96&d=mm&r=g\",\"url\":\"https:\\\/\\\/secure.gravatar.com\\\/avatar\\\/e18721a5c4aaa3fecf1fe45b5d7708a7037f8a862dbc28483b4cf55a6ac0fb56?s=96&d=mm&r=g\",\"contentUrl\":\"https:\\\/\\\/secure.gravatar.com\\\/avatar\\\/e18721a5c4aaa3fecf1fe45b5d7708a7037f8a862dbc28483b4cf55a6ac0fb56?s=96&d=mm&r=g\",\"caption\":\"Solidaridad Intergeneracional\"},\"url\":\"https:\\\/\\\/solidaridadintergeneracional.es\\\/wp\\\/author\\\/admin\\\/\"}]}<\/script>\n<!-- \/ Yoast SEO plugin. -->","yoast_head_json":{"title":"Estas enfermedades permiten la jubilaci\u00f3n a los 56 a\u00f1os. &#8211; Solidaridad Intergeneracional","robots":{"index":"index","follow":"follow","max-snippet":"max-snippet:-1","max-image-preview":"max-image-preview:large","max-video-preview":"max-video-preview:-1"},"canonical":"https:\/\/solidaridadintergeneracional.es\/wp\/estas-enfermedades-permiten-la-jubilacion-a-los-56-anos\/","og_locale":"es_ES","og_type":"article","og_title":"Estas enfermedades permiten la jubilaci\u00f3n a los 56 a\u00f1os. &#8211; Solidaridad Intergeneracional","og_description":"Existen ciertas patolog\u00edas que permiten la jubilaci\u00f3n anticipada.","og_url":"https:\/\/solidaridadintergeneracional.es\/wp\/estas-enfermedades-permiten-la-jubilacion-a-los-56-anos\/","og_site_name":"Solidaridad Intergeneracional","article_publisher":"https:\/\/www.facebook.com\/SolidaridadIntergeneracional\/","article_published_time":"2023-11-14T10:19:38+00:00","author":"Solidaridad Intergeneracional","twitter_card":"summary_large_image","twitter_creator":"@E_Familia_","twitter_site":"@E_Familia_","twitter_misc":{"Escrito por":"Solidaridad Intergeneracional","Tiempo de lectura":"3 minutos"},"schema":{"@context":"https:\/\/schema.org","@graph":[{"@type":"Article","@id":"https:\/\/solidaridadintergeneracional.es\/wp\/estas-enfermedades-permiten-la-jubilacion-a-los-56-anos\/#article","isPartOf":{"@id":"https:\/\/solidaridadintergeneracional.es\/wp\/estas-enfermedades-permiten-la-jubilacion-a-los-56-anos\/"},"author":{"name":"Solidaridad Intergeneracional","@id":"https:\/\/solidaridadintergeneracional.es\/wp\/#\/schema\/person\/e8b31aad699715395f8afbf3f8755d51"},"headline":"Estas enfermedades permiten la jubilaci\u00f3n a los 56 a\u00f1os.","datePublished":"2023-11-14T10:19:38+00:00","mainEntityOfPage":{"@id":"https:\/\/solidaridadintergeneracional.es\/wp\/estas-enfermedades-permiten-la-jubilacion-a-los-56-anos\/"},"wordCount":644,"publisher":{"@id":"https:\/\/solidaridadintergeneracional.es\/wp\/#organization"},"articleSection":["Mayores","Noticias Bolet\u00edn","Noticias de Interes"],"inLanguage":"es"},{"@type":"WebPage","@id":"https:\/\/solidaridadintergeneracional.es\/wp\/estas-enfermedades-permiten-la-jubilacion-a-los-56-anos\/","url":"https:\/\/solidaridadintergeneracional.es\/wp\/estas-enfermedades-permiten-la-jubilacion-a-los-56-anos\/","name":"Estas enfermedades permiten la jubilaci\u00f3n a los 56 a\u00f1os. &#8211; Solidaridad Intergeneracional","isPartOf":{"@id":"https:\/\/solidaridadintergeneracional.es\/wp\/#website"},"datePublished":"2023-11-14T10:19:38+00:00","breadcrumb":{"@id":"https:\/\/solidaridadintergeneracional.es\/wp\/estas-enfermedades-permiten-la-jubilacion-a-los-56-anos\/#breadcrumb"},"inLanguage":"es","potentialAction":[{"@type":"ReadAction","target":["https:\/\/solidaridadintergeneracional.es\/wp\/estas-enfermedades-permiten-la-jubilacion-a-los-56-anos\/"]}]},{"@type":"BreadcrumbList","@id":"https:\/\/solidaridadintergeneracional.es\/wp\/estas-enfermedades-permiten-la-jubilacion-a-los-56-anos\/#breadcrumb","itemListElement":[{"@type":"ListItem","position":1,"name":"Portada","item":"https:\/\/solidaridadintergeneracional.es\/wp\/"},{"@type":"ListItem","position":2,"name":"Estas enfermedades permiten la jubilaci\u00f3n a los 56 a\u00f1os."}]},{"@type":"WebSite","@id":"https:\/\/solidaridadintergeneracional.es\/wp\/#website","url":"https:\/\/solidaridadintergeneracional.es\/wp\/","name":"Solidaridad Intergeneracional","description":"Toda la informaci\u00f3n sociosanitaria a tu servicio","publisher":{"@id":"https:\/\/solidaridadintergeneracional.es\/wp\/#organization"},"potentialAction":[{"@type":"SearchAction","target":{"@type":"EntryPoint","urlTemplate":"https:\/\/solidaridadintergeneracional.es\/wp\/?s={search_term_string}"},"query-input":{"@type":"PropertyValueSpecification","valueRequired":true,"valueName":"search_term_string"}}],"inLanguage":"es"},{"@type":"Organization","@id":"https:\/\/solidaridadintergeneracional.es\/wp\/#organization","name":"Solidaridad Intergeneracional","url":"https:\/\/solidaridadintergeneracional.es\/wp\/","logo":{"@type":"ImageObject","inLanguage":"es","@id":"https:\/\/solidaridadintergeneracional.es\/wp\/#\/schema\/logo\/image\/","url":"https:\/\/solidaridadintergeneracional.es\/wp\/wp-content\/uploads\/2020\/02\/logo-solidaridad.963ff81b.png","contentUrl":"https:\/\/solidaridadintergeneracional.es\/wp\/wp-content\/uploads\/2020\/02\/logo-solidaridad.963ff81b.png","width":825,"height":288,"caption":"Solidaridad Intergeneracional"},"image":{"@id":"https:\/\/solidaridadintergeneracional.es\/wp\/#\/schema\/logo\/image\/"},"sameAs":["https:\/\/www.facebook.com\/SolidaridadIntergeneracional\/","https:\/\/x.com\/E_Familia_","https:\/\/www.youtube.com\/channel\/UCt5BNW3Z7_ACkBDg_6ujXTQ"]},{"@type":"Person","@id":"https:\/\/solidaridadintergeneracional.es\/wp\/#\/schema\/person\/e8b31aad699715395f8afbf3f8755d51","name":"Solidaridad Intergeneracional","image":{"@type":"ImageObject","inLanguage":"es","@id":"https:\/\/secure.gravatar.com\/avatar\/e18721a5c4aaa3fecf1fe45b5d7708a7037f8a862dbc28483b4cf55a6ac0fb56?s=96&d=mm&r=g","url":"https:\/\/secure.gravatar.com\/avatar\/e18721a5c4aaa3fecf1fe45b5d7708a7037f8a862dbc28483b4cf55a6ac0fb56?s=96&d=mm&r=g","contentUrl":"https:\/\/secure.gravatar.com\/avatar\/e18721a5c4aaa3fecf1fe45b5d7708a7037f8a862dbc28483b4cf55a6ac0fb56?s=96&d=mm&r=g","caption":"Solidaridad Intergeneracional"},"url":"https:\/\/solidaridadintergeneracional.es\/wp\/author\/admin\/"}]}},"_links":{"self":[{"href":"https:\/\/solidaridadintergeneracional.es\/wp\/wp-json\/wp\/v2\/posts\/48025","targetHints":{"allow":["GET"]}}],"collection":[{"href":"https:\/\/solidaridadintergeneracional.es\/wp\/wp-json\/wp\/v2\/posts"}],"about":[{"href":"https:\/\/solidaridadintergeneracional.es\/wp\/wp-json\/wp\/v2\/types\/post"}],"author":[{"embeddable":true,"href":"https:\/\/solidaridadintergeneracional.es\/wp\/wp-json\/wp\/v2\/users\/1"}],"replies":[{"embeddable":true,"href":"https:\/\/solidaridadintergeneracional.es\/wp\/wp-json\/wp\/v2\/comments?post=48025"}],"version-history":[{"count":1,"href":"https:\/\/solidaridadintergeneracional.es\/wp\/wp-json\/wp\/v2\/posts\/48025\/revisions"}],"predecessor-version":[{"id":48026,"href":"https:\/\/solidaridadintergeneracional.es\/wp\/wp-json\/wp\/v2\/posts\/48025\/revisions\/48026"}],"wp:attachment":[{"href":"https:\/\/solidaridadintergeneracional.es\/wp\/wp-json\/wp\/v2\/media?parent=48025"}],"wp:term":[{"taxonomy":"category","embeddable":true,"href":"https:\/\/solidaridadintergeneracional.es\/wp\/wp-json\/wp\/v2\/categories?post=48025"},{"taxonomy":"post_tag","embeddable":true,"href":"https:\/\/solidaridadintergeneracional.es\/wp\/wp-json\/wp\/v2\/tags?post=48025"}],"curies":[{"name":"wp","href":"https:\/\/api.w.org\/{rel}","templated":true}]}}