{"id":44631,"date":"2022-09-01T07:52:31","date_gmt":"2022-09-01T07:52:31","guid":{"rendered":"https:\/\/solidaridadintergeneracional.es\/wp\/?p=44631"},"modified":"2022-09-01T07:52:31","modified_gmt":"2022-09-01T07:52:31","slug":"la-vivienda-en-propiedad-solo-crece-entre-los-mayores-de-75-anos-mas-de-8-de-cada-10-tiene-casa-2","status":"publish","type":"post","link":"https:\/\/solidaridadintergeneracional.es\/wp\/la-vivienda-en-propiedad-solo-crece-entre-los-mayores-de-75-anos-mas-de-8-de-cada-10-tiene-casa-2\/","title":{"rendered":"La vivienda en propiedad solo crece entre los mayores de 75 a\u00f1os: m\u00e1s de 8 de cada 10 tiene casa."},"content":{"rendered":"<h5 class=\"subtitle\">Seg\u00fan el Banco de Espa\u00f1a, un 60% de los s\u00e9nior mayores de 65 a\u00f1os tiene una segunda residencia.<\/h5>\n<p>Beatriz Torija<\/p>\n<p><a href=\"https:\/\/www.65ymas.com\/economia\/economia-familiar\/vivienda-propiedad-solo-crece-entre-mayores-75-mas-8-cada-10-tiene-casa_42322_102.html?fbclid=IwAR10YhgrWZazXEWxrQNW-ua7TjPYyasQGiKbDSb40lEIDCMGSo16StAlPDU\" target=\"_blank\" rel=\"noopener\">Enlace noticia original<\/a><\/p>\n<p>Espa\u00f1a ha sido siempre un pa\u00eds de propietarios. Frente a otros pa\u00edses de nuestro entorno, con una mayor cultura del alquiler y emancipaciones del hogar familiar mucho m\u00e1s tempranas, los espa\u00f1oles prefer\u00edan la casa propia. Una realidad que est\u00e1 cambiando.<\/p>\n<p>En 2020, la\u00a0<strong>tasa de propietarios de vivienda en Espa\u00f1a se sit\u00fao en el 73,9%,\u00a0<\/strong>casi\u00a0<strong>diez puntos menos<\/strong>\u00a0respecto a 2007 (entonces estaba en el 82,7%), en plena\u00a0burbuja inmobiliaria, y antes de la crisis financiera de 2008 que deriv\u00f3 en el pinchazo de dicha burbuja. Desde ese pico,\u00a0<strong>la tasa de propietarios en Espa\u00f1a se ha ido reduciendo poco a poco, hasta ahora.<\/strong><\/p>\n<p>Ahora bien, son los j\u00f3venes quienes est\u00e1n cambiando este patr\u00f3n, porque los s\u00e9nior siguen contando con su casa en propiedad. El\u00a0<strong>porcentaje de casa propia es mayor cuanta m\u00e1s edad tiene el cabeza de familia<\/strong>. Es m\u00e1s, los\u00a0<strong>mayores de 74 a\u00f1os<\/strong>\u00a0representan el\u00a0<strong>\u00fanico grupo de edad en el que ha crecido la tasa de propietarios.<\/strong>\u00a0Es una de las principales conclusiones de la\u00a0<strong>Encuesta Financiera de las Familias<\/strong>\u00a0que el\u00a0Banco de Espa\u00f1a\u00a0acaba de publicar, con datos relativos a 2020. Este informe, que se elabora cada tres a\u00f1os, supone la estad\u00edstica m\u00e1s exhaustiva sobre el patrimonio de los hogares espa\u00f1oles.<\/p>\n<p><strong>M\u00e1s de 8 de cada 10 mayores de 75 a\u00f1os, con casa en propiedad<\/strong><\/p>\n<p>En 2020 un\u00a0<strong>83,4% de los mayores de 74 a\u00f1os eran propietarios de una casa<\/strong>, frente al 82,4% de 2017. Se acercan as\u00ed a los datos de 2008, cuando el 87,8% pose\u00edan una vivienda en propiedad.<\/p>\n<p>\u201cEntre finales de 2017 y finales de 2020, el porcentaje de hogares que era propietario de su vivienda principal continu\u00f3 descendiendo de forma apreciable, desde el\u00a075,9% al 73,9%\u201d, asegura el informe del Banco de Espa\u00f1a.\u00a0<strong>En general, se observan ca\u00eddas generalizadas en este porcentaje en casi todos los grupos<\/strong>, que son especialmente acusadas para los m\u00e1s j\u00f3venes, tanto los menores de 35 a\u00f1os, como los comprendidos entre 35 y 44 a\u00f1os.<\/p>\n<p>Los s\u00e9nior de entre<strong>\u00a065 y 74 a\u00f1os son propietarios de vivienda en un porcentaje muy parecido al grupo de edad que les sigue. El 83,2<\/strong>\u00a0cuenta con casa propia. Sin embargo, a diferencia de los mayores de 75 a\u00f1os, este porcentaje ha ca\u00eddo en poco m\u00e1s de un punto porcentual respecto a los datos de 2017. Si nos fijamos en los que su edad est\u00e1 comprendida\u00a0<strong>entre los 55 y los 64 a\u00f1os, un 81,7% son propietarios<\/strong>, dos puntos porcentuales menos que en 2017.<\/p>\n<p>\u201cPara los hogares que son propietarios de su vivienda principal, el valor mediano de \u00e9sta es de 130.000\u00a0euros\u201d, recoge la Encuesta del Banco de Espa\u00f1a. Este valor crece a medida que aumenta la\u00a0renta y es m\u00e1s elevado para los hogares con cabeza de familia de\u00a0<strong>entre 65 y 74 a\u00f1os<\/strong>. El valor mediano de su vivienda asciende a\u00a0<strong>143.200\u00a0euros<\/strong>. En general, y para todos los grupos de edad, el valor de las viviendas refleja enormes ca\u00eddas desde el pinchazo de la burbuja inmobiliaria.<\/p>\n<p><strong>Segunda vivienda, cuesti\u00f3n de edad<\/strong><\/p>\n<p>Los s\u00e9nior en Espa\u00f1a, no solo poseen\u00a0vivienda en propiedad\u00a0mayoritariamente, sino que son quienes poseen segundas residencias.<\/p>\n<p>El 45,3% de los hogares\u00a0era propietario\u00a0de activos inmobiliarios distintos a su vivienda principal. M\u00e1s concretamente, un 32,6% posee una vivienda que no es su vivienda principal, seguida, por orden de importancia, de un 12,6% que posee solares y fincas. Estas proporciones aumentan con la renta, pero, sobre todo, con la edad. El mayor porcentaje de hogares en posesi\u00f3n de otras propiedades inmobiliarias se observa entre los hogares cuyo cabeza de familia tiene entre 65 y 74 a\u00f1os. \u00a0Respecto al final de 2017, el porcentaje de hogares que era propietario de una segunda vivienda creci\u00f3 hasta finales de 2020 solo para los mayores de 75 a\u00f1os.<\/p>\n<p>As\u00ed las cosas,\u00a0<strong>un 60,15% de los ciudadanos entre 65 y 74 a\u00f1os cuentan otras propiedades inmobiliarias<\/strong>\u00a0adem\u00e1s de su vivienda principal;<strong>\u00a0un 53,21% los mayores de 75 a\u00f1os tienen segunda residencia\u00a0<\/strong>y un\u00a0<strong>51,89% de quienes tienen entre 55 y 64 a\u00f1os<\/strong>\u00a0poseen otra casa.<\/p>\n<p>Quiz\u00e1 los mayores de 75 a\u00f1os tengan menos propiedades que el grupo de edad siguiente, pero \u00e9stas son de m\u00e1s valor. De acuerdo a los datos del Banco de Espa\u00f1a, el valor medio de la segunda residencia para los mayores de 75 a\u00f1os est\u00e1 en\u00a0<strong>121.200 euros, y el de los comprendidos entre 65 y 74 a\u00f1os en 107.380 euros.<\/strong><\/p>\n<p>Estos datos demuestran que el valor de las segundas residencias de los senior superan con mucho (de hecho, doblan con creces) el valor de la primera vivienda de los pocos j\u00f3venes que poseen casa en propiedad.<\/p>\n<p><strong>Los nuevos hogares, unipersonales<\/strong><\/p>\n<p>\u201cEl ritmo de creaci\u00f3n de hogares experiment\u00f3 un repunte en el per\u00edodo 2017-2020 en comparaci\u00f3n con el per\u00edodo 2014-2017\u201d. Seg\u00fan la informaci\u00f3n de la\u00a0Encuesta de Poblaci\u00f3n Activa (EPA), el n\u00famero de hogares se increment\u00f3 entre finales de 2017 y finales de 2020 en un 1,55%, aunque a\u00fan lejos del aumento del 4,6% que se registraba entre 2008 y 2011.<\/p>\n<p>La dificultad para acceder a la vivienda por parte de los j\u00f3venes, tiene que mucho que ver en esta<strong>\u00a0ralentizaci\u00f3n<\/strong>. De hecho, de acuerdo a los datos del Banco de Espa\u00f1a, \u201cuna\u00a0<strong>parte sustancial de estos nuevos hogares se corresponde con hogares unipersonales<\/strong>\u201d y, por grupos de edad, \u201caumentaron los hogares unipersonales formados por personas\u00a0<strong>de entre 45 y 64 a\u00f1os\u201d<\/strong>. Los\u00a0<strong>mayores de 65 a\u00f1os se mantuvieron estables en torno al 44%<\/strong>.<\/p>\n","protected":false},"excerpt":{"rendered":"<p>Seg\u00fan el Banco de Espa\u00f1a, un 60% de los s\u00e9nior mayores de 65 a\u00f1os tiene una segunda residencia.<\/p>\n","protected":false},"author":4,"featured_media":0,"comment_status":"open","ping_status":"open","sticky":false,"template":"","format":"standard","meta":{"footnotes":""},"categories":[327,328,475],"tags":[],"class_list":["post-44631","post","type-post","status-publish","format-standard","hentry","category-mayores","category-noticiasboletin","category-noticias-interes"],"yoast_head":"<!-- This site is optimized with the Yoast SEO plugin v27.5 - https:\/\/yoast.com\/product\/yoast-seo-wordpress\/ -->\n<title>La vivienda en propiedad solo crece entre los mayores de 75 a\u00f1os: m\u00e1s de 8 de cada 10 tiene casa. &#8211; Solidaridad Intergeneracional<\/title>\n<meta name=\"robots\" content=\"index, follow, max-snippet:-1, max-image-preview:large, max-video-preview:-1\" \/>\n<link rel=\"canonical\" href=\"https:\/\/solidaridadintergeneracional.es\/wp\/la-vivienda-en-propiedad-solo-crece-entre-los-mayores-de-75-anos-mas-de-8-de-cada-10-tiene-casa-2\/\" \/>\n<meta property=\"og:locale\" content=\"es_ES\" \/>\n<meta property=\"og:type\" content=\"article\" \/>\n<meta property=\"og:title\" content=\"La vivienda en propiedad solo crece entre los mayores de 75 a\u00f1os: m\u00e1s de 8 de cada 10 tiene casa. &#8211; Solidaridad Intergeneracional\" \/>\n<meta property=\"og:description\" content=\"Seg\u00fan el Banco de Espa\u00f1a, un 60% de los s\u00e9nior mayores de 65 a\u00f1os tiene una segunda residencia.\" \/>\n<meta property=\"og:url\" content=\"https:\/\/solidaridadintergeneracional.es\/wp\/la-vivienda-en-propiedad-solo-crece-entre-los-mayores-de-75-anos-mas-de-8-de-cada-10-tiene-casa-2\/\" \/>\n<meta property=\"og:site_name\" content=\"Solidaridad Intergeneracional\" \/>\n<meta property=\"article:publisher\" content=\"https:\/\/www.facebook.com\/SolidaridadIntergeneracional\/\" \/>\n<meta property=\"article:published_time\" content=\"2022-09-01T07:52:31+00:00\" \/>\n<meta name=\"author\" content=\"si\" \/>\n<meta name=\"twitter:card\" content=\"summary_large_image\" \/>\n<meta name=\"twitter:creator\" content=\"@E_Familia_\" \/>\n<meta name=\"twitter:site\" content=\"@E_Familia_\" \/>\n<meta name=\"twitter:label1\" content=\"Escrito por\" \/>\n\t<meta name=\"twitter:data1\" content=\"si\" \/>\n\t<meta name=\"twitter:label2\" content=\"Tiempo de lectura\" \/>\n\t<meta name=\"twitter:data2\" content=\"5 minutos\" \/>\n<script type=\"application\/ld+json\" class=\"yoast-schema-graph\">{\"@context\":\"https:\\\/\\\/schema.org\",\"@graph\":[{\"@type\":\"Article\",\"@id\":\"https:\\\/\\\/solidaridadintergeneracional.es\\\/wp\\\/la-vivienda-en-propiedad-solo-crece-entre-los-mayores-de-75-anos-mas-de-8-de-cada-10-tiene-casa-2\\\/#article\",\"isPartOf\":{\"@id\":\"https:\\\/\\\/solidaridadintergeneracional.es\\\/wp\\\/la-vivienda-en-propiedad-solo-crece-entre-los-mayores-de-75-anos-mas-de-8-de-cada-10-tiene-casa-2\\\/\"},\"author\":{\"name\":\"si\",\"@id\":\"https:\\\/\\\/solidaridadintergeneracional.es\\\/wp\\\/#\\\/schema\\\/person\\\/11b0a1fa51202f39d00480733f95254f\"},\"headline\":\"La vivienda en propiedad solo crece entre los mayores de 75 a\u00f1os: m\u00e1s de 8 de cada 10 tiene casa.\",\"datePublished\":\"2022-09-01T07:52:31+00:00\",\"mainEntityOfPage\":{\"@id\":\"https:\\\/\\\/solidaridadintergeneracional.es\\\/wp\\\/la-vivienda-en-propiedad-solo-crece-entre-los-mayores-de-75-anos-mas-de-8-de-cada-10-tiene-casa-2\\\/\"},\"wordCount\":957,\"commentCount\":0,\"publisher\":{\"@id\":\"https:\\\/\\\/solidaridadintergeneracional.es\\\/wp\\\/#organization\"},\"articleSection\":[\"Mayores\",\"Noticias Bolet\u00edn\",\"Noticias de Interes\"],\"inLanguage\":\"es\",\"potentialAction\":[{\"@type\":\"CommentAction\",\"name\":\"Comment\",\"target\":[\"https:\\\/\\\/solidaridadintergeneracional.es\\\/wp\\\/la-vivienda-en-propiedad-solo-crece-entre-los-mayores-de-75-anos-mas-de-8-de-cada-10-tiene-casa-2\\\/#respond\"]}]},{\"@type\":\"WebPage\",\"@id\":\"https:\\\/\\\/solidaridadintergeneracional.es\\\/wp\\\/la-vivienda-en-propiedad-solo-crece-entre-los-mayores-de-75-anos-mas-de-8-de-cada-10-tiene-casa-2\\\/\",\"url\":\"https:\\\/\\\/solidaridadintergeneracional.es\\\/wp\\\/la-vivienda-en-propiedad-solo-crece-entre-los-mayores-de-75-anos-mas-de-8-de-cada-10-tiene-casa-2\\\/\",\"name\":\"La vivienda en propiedad solo crece entre los mayores de 75 a\u00f1os: m\u00e1s de 8 de cada 10 tiene casa. &#8211; Solidaridad Intergeneracional\",\"isPartOf\":{\"@id\":\"https:\\\/\\\/solidaridadintergeneracional.es\\\/wp\\\/#website\"},\"datePublished\":\"2022-09-01T07:52:31+00:00\",\"breadcrumb\":{\"@id\":\"https:\\\/\\\/solidaridadintergeneracional.es\\\/wp\\\/la-vivienda-en-propiedad-solo-crece-entre-los-mayores-de-75-anos-mas-de-8-de-cada-10-tiene-casa-2\\\/#breadcrumb\"},\"inLanguage\":\"es\",\"potentialAction\":[{\"@type\":\"ReadAction\",\"target\":[\"https:\\\/\\\/solidaridadintergeneracional.es\\\/wp\\\/la-vivienda-en-propiedad-solo-crece-entre-los-mayores-de-75-anos-mas-de-8-de-cada-10-tiene-casa-2\\\/\"]}]},{\"@type\":\"BreadcrumbList\",\"@id\":\"https:\\\/\\\/solidaridadintergeneracional.es\\\/wp\\\/la-vivienda-en-propiedad-solo-crece-entre-los-mayores-de-75-anos-mas-de-8-de-cada-10-tiene-casa-2\\\/#breadcrumb\",\"itemListElement\":[{\"@type\":\"ListItem\",\"position\":1,\"name\":\"Portada\",\"item\":\"https:\\\/\\\/solidaridadintergeneracional.es\\\/wp\\\/\"},{\"@type\":\"ListItem\",\"position\":2,\"name\":\"La vivienda en propiedad solo crece entre los mayores de 75 a\u00f1os: m\u00e1s de 8 de cada 10 tiene casa.\"}]},{\"@type\":\"WebSite\",\"@id\":\"https:\\\/\\\/solidaridadintergeneracional.es\\\/wp\\\/#website\",\"url\":\"https:\\\/\\\/solidaridadintergeneracional.es\\\/wp\\\/\",\"name\":\"Solidaridad Intergeneracional\",\"description\":\"Toda la informaci\u00f3n sociosanitaria a tu servicio\",\"publisher\":{\"@id\":\"https:\\\/\\\/solidaridadintergeneracional.es\\\/wp\\\/#organization\"},\"potentialAction\":[{\"@type\":\"SearchAction\",\"target\":{\"@type\":\"EntryPoint\",\"urlTemplate\":\"https:\\\/\\\/solidaridadintergeneracional.es\\\/wp\\\/?s={search_term_string}\"},\"query-input\":{\"@type\":\"PropertyValueSpecification\",\"valueRequired\":true,\"valueName\":\"search_term_string\"}}],\"inLanguage\":\"es\"},{\"@type\":\"Organization\",\"@id\":\"https:\\\/\\\/solidaridadintergeneracional.es\\\/wp\\\/#organization\",\"name\":\"Solidaridad Intergeneracional\",\"url\":\"https:\\\/\\\/solidaridadintergeneracional.es\\\/wp\\\/\",\"logo\":{\"@type\":\"ImageObject\",\"inLanguage\":\"es\",\"@id\":\"https:\\\/\\\/solidaridadintergeneracional.es\\\/wp\\\/#\\\/schema\\\/logo\\\/image\\\/\",\"url\":\"https:\\\/\\\/solidaridadintergeneracional.es\\\/wp\\\/wp-content\\\/uploads\\\/2020\\\/02\\\/logo-solidaridad.963ff81b.png\",\"contentUrl\":\"https:\\\/\\\/solidaridadintergeneracional.es\\\/wp\\\/wp-content\\\/uploads\\\/2020\\\/02\\\/logo-solidaridad.963ff81b.png\",\"width\":825,\"height\":288,\"caption\":\"Solidaridad Intergeneracional\"},\"image\":{\"@id\":\"https:\\\/\\\/solidaridadintergeneracional.es\\\/wp\\\/#\\\/schema\\\/logo\\\/image\\\/\"},\"sameAs\":[\"https:\\\/\\\/www.facebook.com\\\/SolidaridadIntergeneracional\\\/\",\"https:\\\/\\\/x.com\\\/E_Familia_\",\"https:\\\/\\\/www.youtube.com\\\/channel\\\/UCt5BNW3Z7_ACkBDg_6ujXTQ\"]},{\"@type\":\"Person\",\"@id\":\"https:\\\/\\\/solidaridadintergeneracional.es\\\/wp\\\/#\\\/schema\\\/person\\\/11b0a1fa51202f39d00480733f95254f\",\"name\":\"si\",\"image\":{\"@type\":\"ImageObject\",\"inLanguage\":\"es\",\"@id\":\"https:\\\/\\\/secure.gravatar.com\\\/avatar\\\/78a3c958cdfa02cebe4cef6584310c6c1a485de36dd11996bd07839447a20077?s=96&d=mm&r=g\",\"url\":\"https:\\\/\\\/secure.gravatar.com\\\/avatar\\\/78a3c958cdfa02cebe4cef6584310c6c1a485de36dd11996bd07839447a20077?s=96&d=mm&r=g\",\"contentUrl\":\"https:\\\/\\\/secure.gravatar.com\\\/avatar\\\/78a3c958cdfa02cebe4cef6584310c6c1a485de36dd11996bd07839447a20077?s=96&d=mm&r=g\",\"caption\":\"si\"},\"url\":\"https:\\\/\\\/solidaridadintergeneracional.es\\\/wp\\\/author\\\/si\\\/\"}]}<\/script>\n<!-- \/ Yoast SEO plugin. -->","yoast_head_json":{"title":"La vivienda en propiedad solo crece entre los mayores de 75 a\u00f1os: m\u00e1s de 8 de cada 10 tiene casa. &#8211; Solidaridad Intergeneracional","robots":{"index":"index","follow":"follow","max-snippet":"max-snippet:-1","max-image-preview":"max-image-preview:large","max-video-preview":"max-video-preview:-1"},"canonical":"https:\/\/solidaridadintergeneracional.es\/wp\/la-vivienda-en-propiedad-solo-crece-entre-los-mayores-de-75-anos-mas-de-8-de-cada-10-tiene-casa-2\/","og_locale":"es_ES","og_type":"article","og_title":"La vivienda en propiedad solo crece entre los mayores de 75 a\u00f1os: m\u00e1s de 8 de cada 10 tiene casa. &#8211; Solidaridad Intergeneracional","og_description":"Seg\u00fan el Banco de Espa\u00f1a, un 60% de los s\u00e9nior mayores de 65 a\u00f1os tiene una segunda residencia.","og_url":"https:\/\/solidaridadintergeneracional.es\/wp\/la-vivienda-en-propiedad-solo-crece-entre-los-mayores-de-75-anos-mas-de-8-de-cada-10-tiene-casa-2\/","og_site_name":"Solidaridad Intergeneracional","article_publisher":"https:\/\/www.facebook.com\/SolidaridadIntergeneracional\/","article_published_time":"2022-09-01T07:52:31+00:00","author":"si","twitter_card":"summary_large_image","twitter_creator":"@E_Familia_","twitter_site":"@E_Familia_","twitter_misc":{"Escrito por":"si","Tiempo de lectura":"5 minutos"},"schema":{"@context":"https:\/\/schema.org","@graph":[{"@type":"Article","@id":"https:\/\/solidaridadintergeneracional.es\/wp\/la-vivienda-en-propiedad-solo-crece-entre-los-mayores-de-75-anos-mas-de-8-de-cada-10-tiene-casa-2\/#article","isPartOf":{"@id":"https:\/\/solidaridadintergeneracional.es\/wp\/la-vivienda-en-propiedad-solo-crece-entre-los-mayores-de-75-anos-mas-de-8-de-cada-10-tiene-casa-2\/"},"author":{"name":"si","@id":"https:\/\/solidaridadintergeneracional.es\/wp\/#\/schema\/person\/11b0a1fa51202f39d00480733f95254f"},"headline":"La vivienda en propiedad solo crece entre los mayores de 75 a\u00f1os: m\u00e1s de 8 de cada 10 tiene casa.","datePublished":"2022-09-01T07:52:31+00:00","mainEntityOfPage":{"@id":"https:\/\/solidaridadintergeneracional.es\/wp\/la-vivienda-en-propiedad-solo-crece-entre-los-mayores-de-75-anos-mas-de-8-de-cada-10-tiene-casa-2\/"},"wordCount":957,"commentCount":0,"publisher":{"@id":"https:\/\/solidaridadintergeneracional.es\/wp\/#organization"},"articleSection":["Mayores","Noticias Bolet\u00edn","Noticias de Interes"],"inLanguage":"es","potentialAction":[{"@type":"CommentAction","name":"Comment","target":["https:\/\/solidaridadintergeneracional.es\/wp\/la-vivienda-en-propiedad-solo-crece-entre-los-mayores-de-75-anos-mas-de-8-de-cada-10-tiene-casa-2\/#respond"]}]},{"@type":"WebPage","@id":"https:\/\/solidaridadintergeneracional.es\/wp\/la-vivienda-en-propiedad-solo-crece-entre-los-mayores-de-75-anos-mas-de-8-de-cada-10-tiene-casa-2\/","url":"https:\/\/solidaridadintergeneracional.es\/wp\/la-vivienda-en-propiedad-solo-crece-entre-los-mayores-de-75-anos-mas-de-8-de-cada-10-tiene-casa-2\/","name":"La vivienda en propiedad solo crece entre los mayores de 75 a\u00f1os: m\u00e1s de 8 de cada 10 tiene casa. &#8211; Solidaridad Intergeneracional","isPartOf":{"@id":"https:\/\/solidaridadintergeneracional.es\/wp\/#website"},"datePublished":"2022-09-01T07:52:31+00:00","breadcrumb":{"@id":"https:\/\/solidaridadintergeneracional.es\/wp\/la-vivienda-en-propiedad-solo-crece-entre-los-mayores-de-75-anos-mas-de-8-de-cada-10-tiene-casa-2\/#breadcrumb"},"inLanguage":"es","potentialAction":[{"@type":"ReadAction","target":["https:\/\/solidaridadintergeneracional.es\/wp\/la-vivienda-en-propiedad-solo-crece-entre-los-mayores-de-75-anos-mas-de-8-de-cada-10-tiene-casa-2\/"]}]},{"@type":"BreadcrumbList","@id":"https:\/\/solidaridadintergeneracional.es\/wp\/la-vivienda-en-propiedad-solo-crece-entre-los-mayores-de-75-anos-mas-de-8-de-cada-10-tiene-casa-2\/#breadcrumb","itemListElement":[{"@type":"ListItem","position":1,"name":"Portada","item":"https:\/\/solidaridadintergeneracional.es\/wp\/"},{"@type":"ListItem","position":2,"name":"La vivienda en propiedad solo crece entre los mayores de 75 a\u00f1os: m\u00e1s de 8 de cada 10 tiene casa."}]},{"@type":"WebSite","@id":"https:\/\/solidaridadintergeneracional.es\/wp\/#website","url":"https:\/\/solidaridadintergeneracional.es\/wp\/","name":"Solidaridad Intergeneracional","description":"Toda la informaci\u00f3n sociosanitaria a tu servicio","publisher":{"@id":"https:\/\/solidaridadintergeneracional.es\/wp\/#organization"},"potentialAction":[{"@type":"SearchAction","target":{"@type":"EntryPoint","urlTemplate":"https:\/\/solidaridadintergeneracional.es\/wp\/?s={search_term_string}"},"query-input":{"@type":"PropertyValueSpecification","valueRequired":true,"valueName":"search_term_string"}}],"inLanguage":"es"},{"@type":"Organization","@id":"https:\/\/solidaridadintergeneracional.es\/wp\/#organization","name":"Solidaridad Intergeneracional","url":"https:\/\/solidaridadintergeneracional.es\/wp\/","logo":{"@type":"ImageObject","inLanguage":"es","@id":"https:\/\/solidaridadintergeneracional.es\/wp\/#\/schema\/logo\/image\/","url":"https:\/\/solidaridadintergeneracional.es\/wp\/wp-content\/uploads\/2020\/02\/logo-solidaridad.963ff81b.png","contentUrl":"https:\/\/solidaridadintergeneracional.es\/wp\/wp-content\/uploads\/2020\/02\/logo-solidaridad.963ff81b.png","width":825,"height":288,"caption":"Solidaridad Intergeneracional"},"image":{"@id":"https:\/\/solidaridadintergeneracional.es\/wp\/#\/schema\/logo\/image\/"},"sameAs":["https:\/\/www.facebook.com\/SolidaridadIntergeneracional\/","https:\/\/x.com\/E_Familia_","https:\/\/www.youtube.com\/channel\/UCt5BNW3Z7_ACkBDg_6ujXTQ"]},{"@type":"Person","@id":"https:\/\/solidaridadintergeneracional.es\/wp\/#\/schema\/person\/11b0a1fa51202f39d00480733f95254f","name":"si","image":{"@type":"ImageObject","inLanguage":"es","@id":"https:\/\/secure.gravatar.com\/avatar\/78a3c958cdfa02cebe4cef6584310c6c1a485de36dd11996bd07839447a20077?s=96&d=mm&r=g","url":"https:\/\/secure.gravatar.com\/avatar\/78a3c958cdfa02cebe4cef6584310c6c1a485de36dd11996bd07839447a20077?s=96&d=mm&r=g","contentUrl":"https:\/\/secure.gravatar.com\/avatar\/78a3c958cdfa02cebe4cef6584310c6c1a485de36dd11996bd07839447a20077?s=96&d=mm&r=g","caption":"si"},"url":"https:\/\/solidaridadintergeneracional.es\/wp\/author\/si\/"}]}},"_links":{"self":[{"href":"https:\/\/solidaridadintergeneracional.es\/wp\/wp-json\/wp\/v2\/posts\/44631","targetHints":{"allow":["GET"]}}],"collection":[{"href":"https:\/\/solidaridadintergeneracional.es\/wp\/wp-json\/wp\/v2\/posts"}],"about":[{"href":"https:\/\/solidaridadintergeneracional.es\/wp\/wp-json\/wp\/v2\/types\/post"}],"author":[{"embeddable":true,"href":"https:\/\/solidaridadintergeneracional.es\/wp\/wp-json\/wp\/v2\/users\/4"}],"replies":[{"embeddable":true,"href":"https:\/\/solidaridadintergeneracional.es\/wp\/wp-json\/wp\/v2\/comments?post=44631"}],"version-history":[{"count":0,"href":"https:\/\/solidaridadintergeneracional.es\/wp\/wp-json\/wp\/v2\/posts\/44631\/revisions"}],"wp:attachment":[{"href":"https:\/\/solidaridadintergeneracional.es\/wp\/wp-json\/wp\/v2\/media?parent=44631"}],"wp:term":[{"taxonomy":"category","embeddable":true,"href":"https:\/\/solidaridadintergeneracional.es\/wp\/wp-json\/wp\/v2\/categories?post=44631"},{"taxonomy":"post_tag","embeddable":true,"href":"https:\/\/solidaridadintergeneracional.es\/wp\/wp-json\/wp\/v2\/tags?post=44631"}],"curies":[{"name":"wp","href":"https:\/\/api.w.org\/{rel}","templated":true}]}}