{"id":43429,"date":"2022-06-07T07:01:06","date_gmt":"2022-06-07T07:01:06","guid":{"rendered":"https:\/\/solidaridadintergeneracional.es\/wp\/?p=43429"},"modified":"2022-06-07T07:01:06","modified_gmt":"2022-06-07T07:01:06","slug":"la-importancia-de-la-familia-en-el-desarrollo-infantil-y-para-evitar-comportamientos-de-riesgo-2","status":"publish","type":"post","link":"https:\/\/solidaridadintergeneracional.es\/wp\/la-importancia-de-la-familia-en-el-desarrollo-infantil-y-para-evitar-comportamientos-de-riesgo-2\/","title":{"rendered":"La importancia de la familia en el desarrollo infantil y para evitar comportamientos de riesgo."},"content":{"rendered":"<h5 class=\"subtitulo\">Rebeca Diego y Patricia Jim\u00e9nez Garc\u00eda-Escribano, de la Universidad Internacional de Valencia, analizan en D\u00eda de la Familia la importancia del entorno en el desarrollo de los menores.<\/h5>\n<p>S.F<\/p>\n<p><a href=\"https:\/\/www.abc.es\/familia\/padres-hijos\/abci-importancia-familia-desarrollo-infantil-y-para-evitar-comportamientos-riesgo-202205150416_noticia.html\" target=\"_blank\" rel=\"noopener\">Enlace noticia original<\/a><\/p>\n<p><strong>Rebeca Diego<\/strong>, Docente del M\u00e1ster Universitario en Psicolog\u00eda en la Infancia y Adolescencia de la Universidad Internacional de Valencia (VIU), recuerda que<strong>\u00a0la familia es el entorno socializador primario<\/strong>\u00a0de las personas, por lo que debe estar presente y accesible para ni\u00f1as, ni\u00f1os y adolescentes. \u00abEs donde se aprenden los primeros c\u00f3digos sobre c\u00f3mo interactuar en el mundo, algunos de los cuales nos van a acompa\u00f1ar durante toda nuestra vida. Para el<strong>\u00a0desarrollo sano infantojuvenil<\/strong>, crear un v\u00ednculo de apego seguro es importante. El\u00a0<strong>v\u00ednculo de apego<\/strong>\u00a0es la relaci\u00f3n m\u00e1s temprana que se gesta y la que nos permite aprender a regular nuestro sistema emocional\u00bb, explica.<\/p>\n<p>Seg\u00fan la experta, gracias a la interacci\u00f3n de los\u00a0<a href=\"https:\/\/www.abc.es\/familia\/padres-hijos\/abci-cinco-consejos-para-potenciar-resiliencia-nuestros-hijos-202203200041_noticia.html\" data-voc-vtm-id=\"in-text-traffic\">hijos<\/a>\u00a0con sus familias, \u00abse desarrollan modelos internos de funcionamiento que influyen en c\u00f3mo se relacionar\u00e1n consigo mismas y con las dem\u00e1s personas a lo largo del ciclo vital\u00bb.<\/p>\n<p>De hecho, \u00abla infancia es una etapa especialmente sensible a este desarrollo y es fundamental que las familias conozcan pautas adecuadas de\u00a0<strong>relaci\u00f3n con sus hijos<\/strong>\u00a0que faciliten un v\u00ednculo de\u00a0<strong>apego seguro<\/strong>. Esto implica que, adem\u00e1s de asegurarles alimentaci\u00f3n, sue\u00f1o e higiene, existan patrones afectivos y emocionales adecuados, amables, sanos y que aporten seguridad en etapa infantojuvenil\u00bb.<\/p>\n<p class=\"ladillo\"><strong>\u00bfC\u00f3mo se puede potenciar?<\/strong><\/p>\n<p>Para impulsar el desarrollo sano infantil en las familias, Diego recuerda lo que dice la psicolog\u00eda: \u00ab<strong>el estilo de parentalidad m\u00e1s adecuado es el democr\u00e1tico<\/strong>\u00bb. La raz\u00f3n es que produce \u00abefectos positivos en la socializaci\u00f3n e incluye como caracter\u00edsticas fundamentales la\u00a0<strong>comunicaci\u00f3n bidireccional en la familia<\/strong>, el trato c\u00e1lido y amable, unas acciones que dan seguridad, el respeto a la individualidad, as\u00ed como a los propios intereses y el establecimiento de valores y lazos afectivos sanos\u00bb.<\/p>\n<p class=\"ladillo\"><strong>Adolescencia<\/strong><\/p>\n<p>Por otro lado, la<strong>\u00a0Dra. Patricia Jim\u00e9nez Garc\u00eda-Escribano<\/strong>, directora del M\u00e1ster Universitario en Psicolog\u00eda de la Intervenci\u00f3n Social y Comunitaria de la VIU, recuerda c\u00f3mo la<strong>\u00a0cohesi\u00f3n familiar es clave para evitar comportamientos de riesgo.<\/strong><\/p>\n<p>\u00abHoy d\u00eda, podemos entender a la familia como el conjunto de personas que tienen un proyecto de vida en com\u00fan, en el que se generan fuertes sentimientos de pertenencia y compromiso, en el que se establecen intensas relaciones de intimidad y juega un papel fundamental en el desarrollo infantil\u00bb, contextualiza la experta. A su vez, recuerda que el papel de los progenitores \u00abno consiste \u00fanicamente en garantizar la supervivencia de los hijos, sino que se establecen como promotores de la integraci\u00f3n social y cultural de sus hijos, aportando un clima de afecto, apoyo y estimulaci\u00f3n desde el cual el menor pueda explorar el mundo\u00bb.<\/p>\n<p>Por eso, un\u00a0<strong>buen clima familiar y una adecuada cohesi\u00f3n<\/strong>\u00a0se convierten en factores claves de protecci\u00f3n para los\u00a0adolescentes\u00a0respecto al\u00a0<strong>consumo de drogas y otras conductas de riesgo<\/strong>. \u00abEs fundamental que la familia cree espacios en el que fomentar mejores v\u00ednculos familiares y propiciar una positiva cohesi\u00f3n\u00bb. Permitir que todos puedan preservar su intimidad o<strong>\u00a0expresen libremente sus emociones<\/strong>, opiniones, quejas y desacuerdos, es vital. \u00abPara ello, desde la familia hay que propiciar la adquisici\u00f3n de competencias personales y sociales, el desarrollo intelectual favoreciendo su participaci\u00f3n en actividades formativas, educativas y culturales y el empleo de valores morales que sustente las conductas\u00bb, concluye.<\/p>\n","protected":false},"excerpt":{"rendered":"<p>Rebeca Diego y Patricia Jim\u00e9nez Garc\u00eda-Escribano, de la Universidad Internacional de Valencia, analizan en D\u00eda de la Familia la importancia del entorno en el desarrollo de los menores.<\/p>\n","protected":false},"author":1,"featured_media":0,"comment_status":"open","ping_status":"open","sticky":false,"template":"","format":"standard","meta":{"footnotes":""},"categories":[322,325,328],"tags":[],"class_list":["post-43429","post","type-post","status-publish","format-standard","hentry","category-articulosdeinteres","category-familia","category-noticiasboletin"],"yoast_head":"<!-- This site is optimized with the Yoast SEO plugin v27.5 - https:\/\/yoast.com\/product\/yoast-seo-wordpress\/ -->\n<title>La importancia de la familia en el desarrollo infantil y para evitar comportamientos de riesgo. &#8211; Solidaridad Intergeneracional<\/title>\n<meta name=\"robots\" content=\"index, follow, max-snippet:-1, max-image-preview:large, max-video-preview:-1\" \/>\n<link rel=\"canonical\" href=\"https:\/\/solidaridadintergeneracional.es\/wp\/la-importancia-de-la-familia-en-el-desarrollo-infantil-y-para-evitar-comportamientos-de-riesgo-2\/\" \/>\n<meta property=\"og:locale\" content=\"es_ES\" \/>\n<meta property=\"og:type\" content=\"article\" \/>\n<meta property=\"og:title\" content=\"La importancia de la familia en el desarrollo infantil y para evitar comportamientos de riesgo. &#8211; Solidaridad Intergeneracional\" \/>\n<meta property=\"og:description\" content=\"Rebeca Diego y Patricia Jim\u00e9nez Garc\u00eda-Escribano, de la Universidad Internacional de Valencia, analizan en D\u00eda de la Familia la importancia del entorno en el desarrollo de los menores.\" \/>\n<meta property=\"og:url\" content=\"https:\/\/solidaridadintergeneracional.es\/wp\/la-importancia-de-la-familia-en-el-desarrollo-infantil-y-para-evitar-comportamientos-de-riesgo-2\/\" \/>\n<meta property=\"og:site_name\" content=\"Solidaridad Intergeneracional\" \/>\n<meta property=\"article:publisher\" content=\"https:\/\/www.facebook.com\/SolidaridadIntergeneracional\/\" \/>\n<meta property=\"article:published_time\" content=\"2022-06-07T07:01:06+00:00\" \/>\n<meta name=\"author\" content=\"Solidaridad Intergeneracional\" \/>\n<meta name=\"twitter:card\" content=\"summary_large_image\" \/>\n<meta name=\"twitter:creator\" content=\"@E_Familia_\" \/>\n<meta name=\"twitter:site\" content=\"@E_Familia_\" \/>\n<meta name=\"twitter:label1\" content=\"Escrito por\" \/>\n\t<meta name=\"twitter:data1\" content=\"Solidaridad Intergeneracional\" \/>\n\t<meta name=\"twitter:label2\" content=\"Tiempo de lectura\" \/>\n\t<meta name=\"twitter:data2\" content=\"3 minutos\" \/>\n<script type=\"application\/ld+json\" class=\"yoast-schema-graph\">{\"@context\":\"https:\\\/\\\/schema.org\",\"@graph\":[{\"@type\":\"Article\",\"@id\":\"https:\\\/\\\/solidaridadintergeneracional.es\\\/wp\\\/la-importancia-de-la-familia-en-el-desarrollo-infantil-y-para-evitar-comportamientos-de-riesgo-2\\\/#article\",\"isPartOf\":{\"@id\":\"https:\\\/\\\/solidaridadintergeneracional.es\\\/wp\\\/la-importancia-de-la-familia-en-el-desarrollo-infantil-y-para-evitar-comportamientos-de-riesgo-2\\\/\"},\"author\":{\"name\":\"Solidaridad Intergeneracional\",\"@id\":\"https:\\\/\\\/solidaridadintergeneracional.es\\\/wp\\\/#\\\/schema\\\/person\\\/e8b31aad699715395f8afbf3f8755d51\"},\"headline\":\"La importancia de la familia en el desarrollo infantil y para evitar comportamientos de riesgo.\",\"datePublished\":\"2022-06-07T07:01:06+00:00\",\"mainEntityOfPage\":{\"@id\":\"https:\\\/\\\/solidaridadintergeneracional.es\\\/wp\\\/la-importancia-de-la-familia-en-el-desarrollo-infantil-y-para-evitar-comportamientos-de-riesgo-2\\\/\"},\"wordCount\":626,\"commentCount\":0,\"publisher\":{\"@id\":\"https:\\\/\\\/solidaridadintergeneracional.es\\\/wp\\\/#organization\"},\"articleSection\":[\"Art\u00edculos de Inter\u00e9s\",\"Familia\",\"Noticias Bolet\u00edn\"],\"inLanguage\":\"es\",\"potentialAction\":[{\"@type\":\"CommentAction\",\"name\":\"Comment\",\"target\":[\"https:\\\/\\\/solidaridadintergeneracional.es\\\/wp\\\/la-importancia-de-la-familia-en-el-desarrollo-infantil-y-para-evitar-comportamientos-de-riesgo-2\\\/#respond\"]}]},{\"@type\":\"WebPage\",\"@id\":\"https:\\\/\\\/solidaridadintergeneracional.es\\\/wp\\\/la-importancia-de-la-familia-en-el-desarrollo-infantil-y-para-evitar-comportamientos-de-riesgo-2\\\/\",\"url\":\"https:\\\/\\\/solidaridadintergeneracional.es\\\/wp\\\/la-importancia-de-la-familia-en-el-desarrollo-infantil-y-para-evitar-comportamientos-de-riesgo-2\\\/\",\"name\":\"La importancia de la familia en el desarrollo infantil y para evitar comportamientos de riesgo. &#8211; Solidaridad Intergeneracional\",\"isPartOf\":{\"@id\":\"https:\\\/\\\/solidaridadintergeneracional.es\\\/wp\\\/#website\"},\"datePublished\":\"2022-06-07T07:01:06+00:00\",\"breadcrumb\":{\"@id\":\"https:\\\/\\\/solidaridadintergeneracional.es\\\/wp\\\/la-importancia-de-la-familia-en-el-desarrollo-infantil-y-para-evitar-comportamientos-de-riesgo-2\\\/#breadcrumb\"},\"inLanguage\":\"es\",\"potentialAction\":[{\"@type\":\"ReadAction\",\"target\":[\"https:\\\/\\\/solidaridadintergeneracional.es\\\/wp\\\/la-importancia-de-la-familia-en-el-desarrollo-infantil-y-para-evitar-comportamientos-de-riesgo-2\\\/\"]}]},{\"@type\":\"BreadcrumbList\",\"@id\":\"https:\\\/\\\/solidaridadintergeneracional.es\\\/wp\\\/la-importancia-de-la-familia-en-el-desarrollo-infantil-y-para-evitar-comportamientos-de-riesgo-2\\\/#breadcrumb\",\"itemListElement\":[{\"@type\":\"ListItem\",\"position\":1,\"name\":\"Portada\",\"item\":\"https:\\\/\\\/solidaridadintergeneracional.es\\\/wp\\\/\"},{\"@type\":\"ListItem\",\"position\":2,\"name\":\"La importancia de la familia en el desarrollo infantil y para evitar comportamientos de riesgo.\"}]},{\"@type\":\"WebSite\",\"@id\":\"https:\\\/\\\/solidaridadintergeneracional.es\\\/wp\\\/#website\",\"url\":\"https:\\\/\\\/solidaridadintergeneracional.es\\\/wp\\\/\",\"name\":\"Solidaridad Intergeneracional\",\"description\":\"Toda la informaci\u00f3n sociosanitaria a tu servicio\",\"publisher\":{\"@id\":\"https:\\\/\\\/solidaridadintergeneracional.es\\\/wp\\\/#organization\"},\"potentialAction\":[{\"@type\":\"SearchAction\",\"target\":{\"@type\":\"EntryPoint\",\"urlTemplate\":\"https:\\\/\\\/solidaridadintergeneracional.es\\\/wp\\\/?s={search_term_string}\"},\"query-input\":{\"@type\":\"PropertyValueSpecification\",\"valueRequired\":true,\"valueName\":\"search_term_string\"}}],\"inLanguage\":\"es\"},{\"@type\":\"Organization\",\"@id\":\"https:\\\/\\\/solidaridadintergeneracional.es\\\/wp\\\/#organization\",\"name\":\"Solidaridad Intergeneracional\",\"url\":\"https:\\\/\\\/solidaridadintergeneracional.es\\\/wp\\\/\",\"logo\":{\"@type\":\"ImageObject\",\"inLanguage\":\"es\",\"@id\":\"https:\\\/\\\/solidaridadintergeneracional.es\\\/wp\\\/#\\\/schema\\\/logo\\\/image\\\/\",\"url\":\"https:\\\/\\\/solidaridadintergeneracional.es\\\/wp\\\/wp-content\\\/uploads\\\/2020\\\/02\\\/logo-solidaridad.963ff81b.png\",\"contentUrl\":\"https:\\\/\\\/solidaridadintergeneracional.es\\\/wp\\\/wp-content\\\/uploads\\\/2020\\\/02\\\/logo-solidaridad.963ff81b.png\",\"width\":825,\"height\":288,\"caption\":\"Solidaridad Intergeneracional\"},\"image\":{\"@id\":\"https:\\\/\\\/solidaridadintergeneracional.es\\\/wp\\\/#\\\/schema\\\/logo\\\/image\\\/\"},\"sameAs\":[\"https:\\\/\\\/www.facebook.com\\\/SolidaridadIntergeneracional\\\/\",\"https:\\\/\\\/x.com\\\/E_Familia_\",\"https:\\\/\\\/www.youtube.com\\\/channel\\\/UCt5BNW3Z7_ACkBDg_6ujXTQ\"]},{\"@type\":\"Person\",\"@id\":\"https:\\\/\\\/solidaridadintergeneracional.es\\\/wp\\\/#\\\/schema\\\/person\\\/e8b31aad699715395f8afbf3f8755d51\",\"name\":\"Solidaridad Intergeneracional\",\"image\":{\"@type\":\"ImageObject\",\"inLanguage\":\"es\",\"@id\":\"https:\\\/\\\/secure.gravatar.com\\\/avatar\\\/e18721a5c4aaa3fecf1fe45b5d7708a7037f8a862dbc28483b4cf55a6ac0fb56?s=96&d=mm&r=g\",\"url\":\"https:\\\/\\\/secure.gravatar.com\\\/avatar\\\/e18721a5c4aaa3fecf1fe45b5d7708a7037f8a862dbc28483b4cf55a6ac0fb56?s=96&d=mm&r=g\",\"contentUrl\":\"https:\\\/\\\/secure.gravatar.com\\\/avatar\\\/e18721a5c4aaa3fecf1fe45b5d7708a7037f8a862dbc28483b4cf55a6ac0fb56?s=96&d=mm&r=g\",\"caption\":\"Solidaridad Intergeneracional\"},\"url\":\"https:\\\/\\\/solidaridadintergeneracional.es\\\/wp\\\/author\\\/admin\\\/\"}]}<\/script>\n<!-- \/ Yoast SEO plugin. -->","yoast_head_json":{"title":"La importancia de la familia en el desarrollo infantil y para evitar comportamientos de riesgo. &#8211; Solidaridad Intergeneracional","robots":{"index":"index","follow":"follow","max-snippet":"max-snippet:-1","max-image-preview":"max-image-preview:large","max-video-preview":"max-video-preview:-1"},"canonical":"https:\/\/solidaridadintergeneracional.es\/wp\/la-importancia-de-la-familia-en-el-desarrollo-infantil-y-para-evitar-comportamientos-de-riesgo-2\/","og_locale":"es_ES","og_type":"article","og_title":"La importancia de la familia en el desarrollo infantil y para evitar comportamientos de riesgo. &#8211; Solidaridad Intergeneracional","og_description":"Rebeca Diego y Patricia Jim\u00e9nez Garc\u00eda-Escribano, de la Universidad Internacional de Valencia, analizan en D\u00eda de la Familia la importancia del entorno en el desarrollo de los menores.","og_url":"https:\/\/solidaridadintergeneracional.es\/wp\/la-importancia-de-la-familia-en-el-desarrollo-infantil-y-para-evitar-comportamientos-de-riesgo-2\/","og_site_name":"Solidaridad Intergeneracional","article_publisher":"https:\/\/www.facebook.com\/SolidaridadIntergeneracional\/","article_published_time":"2022-06-07T07:01:06+00:00","author":"Solidaridad Intergeneracional","twitter_card":"summary_large_image","twitter_creator":"@E_Familia_","twitter_site":"@E_Familia_","twitter_misc":{"Escrito por":"Solidaridad Intergeneracional","Tiempo de lectura":"3 minutos"},"schema":{"@context":"https:\/\/schema.org","@graph":[{"@type":"Article","@id":"https:\/\/solidaridadintergeneracional.es\/wp\/la-importancia-de-la-familia-en-el-desarrollo-infantil-y-para-evitar-comportamientos-de-riesgo-2\/#article","isPartOf":{"@id":"https:\/\/solidaridadintergeneracional.es\/wp\/la-importancia-de-la-familia-en-el-desarrollo-infantil-y-para-evitar-comportamientos-de-riesgo-2\/"},"author":{"name":"Solidaridad Intergeneracional","@id":"https:\/\/solidaridadintergeneracional.es\/wp\/#\/schema\/person\/e8b31aad699715395f8afbf3f8755d51"},"headline":"La importancia de la familia en el desarrollo infantil y para evitar comportamientos de riesgo.","datePublished":"2022-06-07T07:01:06+00:00","mainEntityOfPage":{"@id":"https:\/\/solidaridadintergeneracional.es\/wp\/la-importancia-de-la-familia-en-el-desarrollo-infantil-y-para-evitar-comportamientos-de-riesgo-2\/"},"wordCount":626,"commentCount":0,"publisher":{"@id":"https:\/\/solidaridadintergeneracional.es\/wp\/#organization"},"articleSection":["Art\u00edculos de Inter\u00e9s","Familia","Noticias Bolet\u00edn"],"inLanguage":"es","potentialAction":[{"@type":"CommentAction","name":"Comment","target":["https:\/\/solidaridadintergeneracional.es\/wp\/la-importancia-de-la-familia-en-el-desarrollo-infantil-y-para-evitar-comportamientos-de-riesgo-2\/#respond"]}]},{"@type":"WebPage","@id":"https:\/\/solidaridadintergeneracional.es\/wp\/la-importancia-de-la-familia-en-el-desarrollo-infantil-y-para-evitar-comportamientos-de-riesgo-2\/","url":"https:\/\/solidaridadintergeneracional.es\/wp\/la-importancia-de-la-familia-en-el-desarrollo-infantil-y-para-evitar-comportamientos-de-riesgo-2\/","name":"La importancia de la familia en el desarrollo infantil y para evitar comportamientos de riesgo. &#8211; Solidaridad Intergeneracional","isPartOf":{"@id":"https:\/\/solidaridadintergeneracional.es\/wp\/#website"},"datePublished":"2022-06-07T07:01:06+00:00","breadcrumb":{"@id":"https:\/\/solidaridadintergeneracional.es\/wp\/la-importancia-de-la-familia-en-el-desarrollo-infantil-y-para-evitar-comportamientos-de-riesgo-2\/#breadcrumb"},"inLanguage":"es","potentialAction":[{"@type":"ReadAction","target":["https:\/\/solidaridadintergeneracional.es\/wp\/la-importancia-de-la-familia-en-el-desarrollo-infantil-y-para-evitar-comportamientos-de-riesgo-2\/"]}]},{"@type":"BreadcrumbList","@id":"https:\/\/solidaridadintergeneracional.es\/wp\/la-importancia-de-la-familia-en-el-desarrollo-infantil-y-para-evitar-comportamientos-de-riesgo-2\/#breadcrumb","itemListElement":[{"@type":"ListItem","position":1,"name":"Portada","item":"https:\/\/solidaridadintergeneracional.es\/wp\/"},{"@type":"ListItem","position":2,"name":"La importancia de la familia en el desarrollo infantil y para evitar comportamientos de riesgo."}]},{"@type":"WebSite","@id":"https:\/\/solidaridadintergeneracional.es\/wp\/#website","url":"https:\/\/solidaridadintergeneracional.es\/wp\/","name":"Solidaridad Intergeneracional","description":"Toda la informaci\u00f3n sociosanitaria a tu servicio","publisher":{"@id":"https:\/\/solidaridadintergeneracional.es\/wp\/#organization"},"potentialAction":[{"@type":"SearchAction","target":{"@type":"EntryPoint","urlTemplate":"https:\/\/solidaridadintergeneracional.es\/wp\/?s={search_term_string}"},"query-input":{"@type":"PropertyValueSpecification","valueRequired":true,"valueName":"search_term_string"}}],"inLanguage":"es"},{"@type":"Organization","@id":"https:\/\/solidaridadintergeneracional.es\/wp\/#organization","name":"Solidaridad Intergeneracional","url":"https:\/\/solidaridadintergeneracional.es\/wp\/","logo":{"@type":"ImageObject","inLanguage":"es","@id":"https:\/\/solidaridadintergeneracional.es\/wp\/#\/schema\/logo\/image\/","url":"https:\/\/solidaridadintergeneracional.es\/wp\/wp-content\/uploads\/2020\/02\/logo-solidaridad.963ff81b.png","contentUrl":"https:\/\/solidaridadintergeneracional.es\/wp\/wp-content\/uploads\/2020\/02\/logo-solidaridad.963ff81b.png","width":825,"height":288,"caption":"Solidaridad Intergeneracional"},"image":{"@id":"https:\/\/solidaridadintergeneracional.es\/wp\/#\/schema\/logo\/image\/"},"sameAs":["https:\/\/www.facebook.com\/SolidaridadIntergeneracional\/","https:\/\/x.com\/E_Familia_","https:\/\/www.youtube.com\/channel\/UCt5BNW3Z7_ACkBDg_6ujXTQ"]},{"@type":"Person","@id":"https:\/\/solidaridadintergeneracional.es\/wp\/#\/schema\/person\/e8b31aad699715395f8afbf3f8755d51","name":"Solidaridad Intergeneracional","image":{"@type":"ImageObject","inLanguage":"es","@id":"https:\/\/secure.gravatar.com\/avatar\/e18721a5c4aaa3fecf1fe45b5d7708a7037f8a862dbc28483b4cf55a6ac0fb56?s=96&d=mm&r=g","url":"https:\/\/secure.gravatar.com\/avatar\/e18721a5c4aaa3fecf1fe45b5d7708a7037f8a862dbc28483b4cf55a6ac0fb56?s=96&d=mm&r=g","contentUrl":"https:\/\/secure.gravatar.com\/avatar\/e18721a5c4aaa3fecf1fe45b5d7708a7037f8a862dbc28483b4cf55a6ac0fb56?s=96&d=mm&r=g","caption":"Solidaridad Intergeneracional"},"url":"https:\/\/solidaridadintergeneracional.es\/wp\/author\/admin\/"}]}},"_links":{"self":[{"href":"https:\/\/solidaridadintergeneracional.es\/wp\/wp-json\/wp\/v2\/posts\/43429","targetHints":{"allow":["GET"]}}],"collection":[{"href":"https:\/\/solidaridadintergeneracional.es\/wp\/wp-json\/wp\/v2\/posts"}],"about":[{"href":"https:\/\/solidaridadintergeneracional.es\/wp\/wp-json\/wp\/v2\/types\/post"}],"author":[{"embeddable":true,"href":"https:\/\/solidaridadintergeneracional.es\/wp\/wp-json\/wp\/v2\/users\/1"}],"replies":[{"embeddable":true,"href":"https:\/\/solidaridadintergeneracional.es\/wp\/wp-json\/wp\/v2\/comments?post=43429"}],"version-history":[{"count":0,"href":"https:\/\/solidaridadintergeneracional.es\/wp\/wp-json\/wp\/v2\/posts\/43429\/revisions"}],"wp:attachment":[{"href":"https:\/\/solidaridadintergeneracional.es\/wp\/wp-json\/wp\/v2\/media?parent=43429"}],"wp:term":[{"taxonomy":"category","embeddable":true,"href":"https:\/\/solidaridadintergeneracional.es\/wp\/wp-json\/wp\/v2\/categories?post=43429"},{"taxonomy":"post_tag","embeddable":true,"href":"https:\/\/solidaridadintergeneracional.es\/wp\/wp-json\/wp\/v2\/tags?post=43429"}],"curies":[{"name":"wp","href":"https:\/\/api.w.org\/{rel}","templated":true}]}}