{"id":34712,"date":"2020-10-26T09:16:11","date_gmt":"2020-10-26T09:16:11","guid":{"rendered":"https:\/\/solidaridadintergeneracional.es\/wp\/?p=34712"},"modified":"2020-10-26T09:16:11","modified_gmt":"2020-10-26T09:16:11","slug":"estas-son-las-mejores-mascarillas-que-puedes-comprar-en-el-supermercado-segun-la-ocu","status":"publish","type":"post","link":"https:\/\/solidaridadintergeneracional.es\/wp\/estas-son-las-mejores-mascarillas-que-puedes-comprar-en-el-supermercado-segun-la-ocu\/","title":{"rendered":"Estas son las mejores mascarillas que puedes comprar en el supermercado, seg\u00fan la OCU."},"content":{"rendered":"<h5 class=\"landscapePhotoRight__subTitle\">La Organizaci\u00f3n de Consumidores y Usuarios, OCU, ha analizado las caracter\u00edsticas de las mascarillas higi\u00e9nicas reutilizables y no reutilizables que se venden en 11 establecimientos diferentes.<\/h5>\n<p>El Confidencial<\/p>\n<p>La\u00a0crisis del coronavirus\u00a0lo ha trastocado todo y los\u00a0h\u00e1bitos de consumo\u00a0no han sido una excepci\u00f3n. Desde el pasado marzo productos como el gel hidroalcoh\u00f3lico y las<strong>\u00a0mascarillas higi\u00e9nicas\u00a0<\/strong>se han ganado un puesto privilegiado en las cestas de la compra de todo el mundo. De hecho, desde el inicio de la pandemia su demanda es tan elevada que en Espa\u00f1a las grandes cadenas de supermercados los comercializan e incluso algunas, dando un paso m\u00e1s, se han puesto a fabricar mascarillas a trav\u00e9s de sus marcas blancas dejando un mercado pr\u00e1cticamente consolidado.<\/p>\n<p>Pero,\u00a0<strong>\u00bfcu\u00e1les son las mejores para el consumidor?\u00a0<\/strong>Seg\u00fan un estudio elaborado por la Organizaci\u00f3n de Consumidores y Usuarios, OCU, publicado varios meses despu\u00e9s de que se decretase el estado de alarma en el que se analizan las mascarillas higi\u00e9nicas reutilizables y no reutilizables que se venden en 11 supermercados distintos, la respuesta es:\u00a0<strong>las que vende Mercadona bajo la marca Deliplus<\/strong>. Sin embargo, estas no son las \u00fanicas bien valoradas por la organizaci\u00f3n de consumidores.<\/p>\n<p>Este es el resultado completo del an\u00e1lisis:<\/p>\n<ol class=\"bodyList bodyList--ordered\">\n<li class=\"bodyList__item\"><strong>Mascarillas higi\u00e9nicas no reutilizables Deliplus de Mercadona:<\/strong>\u00a0las m\u00e1scaras sanitarias mejor valoradas por los expertos de la OCU han sido las de Deliplus. Estas han obtenido 87 puntos en el an\u00e1lisis y destacan por su eficacia de filtraci\u00f3n, en la que han obtenido 96 puntos sobre 100. Adem\u00e1s, el precio de referencia del paquete de 10 es de seis euros, lo que junto a su calidad las convierten en lo que la OCU ha bautizado como &#8220;compra maestra&#8221;<\/li>\n<li class=\"bodyList__item\"><strong>Mascarillas m\u00e9dicas tres capas Mask4U de DIA:\u00a0<\/strong>las mascarillas de los supermercados DIA tambi\u00e9n est\u00e1n catalogadas por la OCU como &#8220;compra maestra&#8221;. En este caso han obtenido 85 puntos en el an\u00e1lisis y destacan por la calidad de su etiquetado e instrucciones, en el que obtienen 98 puntos, y por la eficacia de filtraci\u00f3n, un apartado en el que se les han otorgado 92 puntos. Su precio de referencia para el &#8216;pack&#8217; de 10 es tambi\u00e9n de seis euros.<\/li>\n<li class=\"bodyList__item\"><strong>Mascarilla desechable Jiangsu Execllence de Lidl:<\/strong>\u00a0solo con un punto menos que las de DIA, las mascarillas que vende Lidl ocupan el tercer puesto en cuanto a calidad. En este caso, su etiquetado e instrucciones han conseguido los 100 puntos que puede dar la OCU en cada categor\u00eda mientras que en eficacia de filtraci\u00f3n ha obtenido 96 y en inspecci\u00f3n visual y ajuste, 70. El precio de referencia del paquete de 10 es de 5,99 euros.<\/li>\n<li class=\"bodyList__item\"><strong>Mascarilla desechable Teachealth de Eroski:\u00a0<\/strong>el cuarto puesto es para las mascarillas de tres capas que vende Eroski. En este caso la puntuaci\u00f3n obtenida es de 82 y est\u00e1n consideradas como de &#8220;muy buena calidad&#8221; al igual que las anteriores. Destacan en el an\u00e1lisis por su eficacia de filtraci\u00f3n, en la que obtienen 92 de los 100 puntos que se pod\u00edan otorgar, y se venden por 29,90 euros el paquete de 50, siendo su precio por uso de 0,60.<\/li>\n<li class=\"bodyList__item\"><strong>Mascarillas higi\u00e9nicas desechables Inca Market de Alcampo y Mascarillas quir\u00fargicas desechables Jocca Pharma de Aldi:<\/strong>\u00a0en el quinto lugar se produce un empate. Las m\u00e1scaras de Alcampo y Aldi han obtenido ambas 81 puntos, estando consideradas tambi\u00e9n como de &#8220;muy buena calidad&#8221;. Las primeras se venden en paquetes de cinco con un precio de referencia de 2,95 euros y las segundas, en paquetes de 10 por 5,99 euros.<\/li>\n<li class=\"bodyList__item\"><strong>Mascarillas Suzhou Xiang Li de El Corte Ingl\u00e9s:\u00a0<\/strong>el sexto puesto es el primero que ocupan unas mascarillas con una calidad m\u00e1s baja. Seg\u00fan la OCU, las m\u00e1scaras que vende El Corte Ingl\u00e9s son con 72 puntos, de &#8220;buena calidad&#8221;, un escal\u00f3n por debajo de todas las anteriores. En este caso, lo mejor valorado ha sido la respirabilidad, con 85 puntos seguida de la eficacia de filtraci\u00f3n, con 82. Su precio de referencia es de 39,95 euros y se venden en paquetes de 50, lo que supone un precio por uso de 0,80 euros.<\/li>\n<li class=\"bodyList__item\"><strong>Mascarillas faciales higi\u00e9nicas KI 8501-2 Hebei Shi&#8217;An de Carrefour:\u00a0<\/strong>las mascarillas que comercializa Carrefour han obtenido 71 puntos en el an\u00e1lisis, habiendo sido su eficacia de filtraci\u00f3n el aspecto mejor valorado por los expertos de la OCU (80 puntos). Este producto se vende en paquetes de 25 unidades por 14,90 euros, lo que supone un precio por uso de 0,60 euros.<\/li>\n<li class=\"bodyList__item\"><strong>Mascarillas higi\u00e9nicas reutilizables multicapa Belpla de Consum:\u00a0<\/strong>los supermercados valencianos Consum venden unas mascarillas que la OCU ha considerado de &#8220;buena calidad&#8221; y ha marcado como &#8220;compra maestra&#8221;. Estas han obtenido 65 puntos y se pueden comprar en paquetes de 10 por 9,95 euros.<\/li>\n<li class=\"bodyList__item\"><strong>Mascarilla reutilizable de \u00c1gatha Ruiz de la Prada de Lidl:<\/strong> bajando un escal\u00f3n en la calidad, la OCU clasifica a las mascarillas reutilizables de Lidl dise\u00f1adas por \u00c1gatha Ruiz de la Prada como de &#8220;calidad media&#8221;. En este caso, el producto obtiene una puntuaci\u00f3n de 61 y su precio de referencia es de 3,99 euros por un paquete de dos.<\/li>\n<li class=\"bodyList__item\"><strong>Mascarillas higi\u00e9nicas reutilizables Lyocell-Textil Santaneria de Carrefour:\u00a0<\/strong>en el \u00faltimo puesto del an\u00e1lisis, marcadas como de &#8220;calidad media&#8221;, se sit\u00faan las mascarillas Textil Santanderiana de Santander. En este caso, el producto ha obtenido 54 puntos y lo mejor valorado ha sido la resistencia de su arn\u00e9s, que ha obtenido 90 puntos sobre 100. Se venden en paquetes de dos por un precio de referencia de siete euros.<\/li>\n<\/ol>\n<p><a href=\"https:\/\/www.elconfidencial.com\/alma-corazon-vida\/2020-10-13\/estas-mejores-mascarillas-supermercado_2685067\/\" target=\"_blank\" rel=\"noopener noreferrer\">https:\/\/www.elconfidencial.com\/alma-corazon-vida\/2020-10-13\/estas-mejores-mascarillas-supermercado_2685067\/\u00a0<\/a><\/p>\n","protected":false},"excerpt":{"rendered":"<p>La Organizaci\u00f3n de Consumidores y Usuarios, OCU, ha analizado las caracter\u00edsticas de las mascarillas higi\u00e9nicas reutilizables y no reutilizables que se venden en 11 establecimientos diferentes.<\/p>\n","protected":false},"author":4,"featured_media":0,"comment_status":"open","ping_status":"open","sticky":false,"template":"","format":"standard","meta":{"footnotes":""},"categories":[322,327,328],"tags":[],"class_list":["post-34712","post","type-post","status-publish","format-standard","hentry","category-articulosdeinteres","category-mayores","category-noticiasboletin"],"yoast_head":"<!-- This site is optimized with the Yoast SEO plugin v27.5 - https:\/\/yoast.com\/product\/yoast-seo-wordpress\/ -->\n<title>Estas son las mejores mascarillas que puedes comprar en el supermercado, seg\u00fan la OCU. &#8211; Solidaridad Intergeneracional<\/title>\n<meta name=\"robots\" content=\"index, follow, max-snippet:-1, max-image-preview:large, max-video-preview:-1\" \/>\n<link rel=\"canonical\" href=\"https:\/\/solidaridadintergeneracional.es\/wp\/estas-son-las-mejores-mascarillas-que-puedes-comprar-en-el-supermercado-segun-la-ocu\/\" \/>\n<meta property=\"og:locale\" content=\"es_ES\" \/>\n<meta property=\"og:type\" content=\"article\" \/>\n<meta property=\"og:title\" content=\"Estas son las mejores mascarillas que puedes comprar en el supermercado, seg\u00fan la OCU. &#8211; Solidaridad Intergeneracional\" \/>\n<meta property=\"og:description\" content=\"La Organizaci\u00f3n de Consumidores y Usuarios, OCU, ha analizado las caracter\u00edsticas de las mascarillas higi\u00e9nicas reutilizables y no reutilizables que se venden en 11 establecimientos diferentes.\" \/>\n<meta property=\"og:url\" content=\"https:\/\/solidaridadintergeneracional.es\/wp\/estas-son-las-mejores-mascarillas-que-puedes-comprar-en-el-supermercado-segun-la-ocu\/\" \/>\n<meta property=\"og:site_name\" content=\"Solidaridad Intergeneracional\" \/>\n<meta property=\"article:publisher\" content=\"https:\/\/www.facebook.com\/SolidaridadIntergeneracional\/\" \/>\n<meta property=\"article:published_time\" content=\"2020-10-26T09:16:11+00:00\" \/>\n<meta name=\"author\" content=\"si\" \/>\n<meta name=\"twitter:card\" content=\"summary_large_image\" \/>\n<meta name=\"twitter:creator\" content=\"@E_Familia_\" \/>\n<meta name=\"twitter:site\" content=\"@E_Familia_\" \/>\n<meta name=\"twitter:label1\" content=\"Escrito por\" \/>\n\t<meta name=\"twitter:data1\" content=\"si\" \/>\n\t<meta name=\"twitter:label2\" content=\"Tiempo de lectura\" \/>\n\t<meta name=\"twitter:data2\" content=\"5 minutos\" \/>\n<script type=\"application\/ld+json\" class=\"yoast-schema-graph\">{\"@context\":\"https:\\\/\\\/schema.org\",\"@graph\":[{\"@type\":\"Article\",\"@id\":\"https:\\\/\\\/solidaridadintergeneracional.es\\\/wp\\\/estas-son-las-mejores-mascarillas-que-puedes-comprar-en-el-supermercado-segun-la-ocu\\\/#article\",\"isPartOf\":{\"@id\":\"https:\\\/\\\/solidaridadintergeneracional.es\\\/wp\\\/estas-son-las-mejores-mascarillas-que-puedes-comprar-en-el-supermercado-segun-la-ocu\\\/\"},\"author\":{\"name\":\"si\",\"@id\":\"https:\\\/\\\/solidaridadintergeneracional.es\\\/wp\\\/#\\\/schema\\\/person\\\/11b0a1fa51202f39d00480733f95254f\"},\"headline\":\"Estas son las mejores mascarillas que puedes comprar en el supermercado, seg\u00fan la OCU.\",\"datePublished\":\"2020-10-26T09:16:11+00:00\",\"mainEntityOfPage\":{\"@id\":\"https:\\\/\\\/solidaridadintergeneracional.es\\\/wp\\\/estas-son-las-mejores-mascarillas-que-puedes-comprar-en-el-supermercado-segun-la-ocu\\\/\"},\"wordCount\":950,\"commentCount\":0,\"publisher\":{\"@id\":\"https:\\\/\\\/solidaridadintergeneracional.es\\\/wp\\\/#organization\"},\"articleSection\":[\"Art\u00edculos de Inter\u00e9s\",\"Mayores\",\"Noticias Bolet\u00edn\"],\"inLanguage\":\"es\",\"potentialAction\":[{\"@type\":\"CommentAction\",\"name\":\"Comment\",\"target\":[\"https:\\\/\\\/solidaridadintergeneracional.es\\\/wp\\\/estas-son-las-mejores-mascarillas-que-puedes-comprar-en-el-supermercado-segun-la-ocu\\\/#respond\"]}]},{\"@type\":\"WebPage\",\"@id\":\"https:\\\/\\\/solidaridadintergeneracional.es\\\/wp\\\/estas-son-las-mejores-mascarillas-que-puedes-comprar-en-el-supermercado-segun-la-ocu\\\/\",\"url\":\"https:\\\/\\\/solidaridadintergeneracional.es\\\/wp\\\/estas-son-las-mejores-mascarillas-que-puedes-comprar-en-el-supermercado-segun-la-ocu\\\/\",\"name\":\"Estas son las mejores mascarillas que puedes comprar en el supermercado, seg\u00fan la OCU. &#8211; Solidaridad Intergeneracional\",\"isPartOf\":{\"@id\":\"https:\\\/\\\/solidaridadintergeneracional.es\\\/wp\\\/#website\"},\"datePublished\":\"2020-10-26T09:16:11+00:00\",\"breadcrumb\":{\"@id\":\"https:\\\/\\\/solidaridadintergeneracional.es\\\/wp\\\/estas-son-las-mejores-mascarillas-que-puedes-comprar-en-el-supermercado-segun-la-ocu\\\/#breadcrumb\"},\"inLanguage\":\"es\",\"potentialAction\":[{\"@type\":\"ReadAction\",\"target\":[\"https:\\\/\\\/solidaridadintergeneracional.es\\\/wp\\\/estas-son-las-mejores-mascarillas-que-puedes-comprar-en-el-supermercado-segun-la-ocu\\\/\"]}]},{\"@type\":\"BreadcrumbList\",\"@id\":\"https:\\\/\\\/solidaridadintergeneracional.es\\\/wp\\\/estas-son-las-mejores-mascarillas-que-puedes-comprar-en-el-supermercado-segun-la-ocu\\\/#breadcrumb\",\"itemListElement\":[{\"@type\":\"ListItem\",\"position\":1,\"name\":\"Portada\",\"item\":\"https:\\\/\\\/solidaridadintergeneracional.es\\\/wp\\\/\"},{\"@type\":\"ListItem\",\"position\":2,\"name\":\"Estas son las mejores mascarillas que puedes comprar en el supermercado, seg\u00fan la OCU.\"}]},{\"@type\":\"WebSite\",\"@id\":\"https:\\\/\\\/solidaridadintergeneracional.es\\\/wp\\\/#website\",\"url\":\"https:\\\/\\\/solidaridadintergeneracional.es\\\/wp\\\/\",\"name\":\"Solidaridad Intergeneracional\",\"description\":\"Toda la informaci\u00f3n sociosanitaria a tu servicio\",\"publisher\":{\"@id\":\"https:\\\/\\\/solidaridadintergeneracional.es\\\/wp\\\/#organization\"},\"potentialAction\":[{\"@type\":\"SearchAction\",\"target\":{\"@type\":\"EntryPoint\",\"urlTemplate\":\"https:\\\/\\\/solidaridadintergeneracional.es\\\/wp\\\/?s={search_term_string}\"},\"query-input\":{\"@type\":\"PropertyValueSpecification\",\"valueRequired\":true,\"valueName\":\"search_term_string\"}}],\"inLanguage\":\"es\"},{\"@type\":\"Organization\",\"@id\":\"https:\\\/\\\/solidaridadintergeneracional.es\\\/wp\\\/#organization\",\"name\":\"Solidaridad Intergeneracional\",\"url\":\"https:\\\/\\\/solidaridadintergeneracional.es\\\/wp\\\/\",\"logo\":{\"@type\":\"ImageObject\",\"inLanguage\":\"es\",\"@id\":\"https:\\\/\\\/solidaridadintergeneracional.es\\\/wp\\\/#\\\/schema\\\/logo\\\/image\\\/\",\"url\":\"https:\\\/\\\/solidaridadintergeneracional.es\\\/wp\\\/wp-content\\\/uploads\\\/2020\\\/02\\\/logo-solidaridad.963ff81b.png\",\"contentUrl\":\"https:\\\/\\\/solidaridadintergeneracional.es\\\/wp\\\/wp-content\\\/uploads\\\/2020\\\/02\\\/logo-solidaridad.963ff81b.png\",\"width\":825,\"height\":288,\"caption\":\"Solidaridad Intergeneracional\"},\"image\":{\"@id\":\"https:\\\/\\\/solidaridadintergeneracional.es\\\/wp\\\/#\\\/schema\\\/logo\\\/image\\\/\"},\"sameAs\":[\"https:\\\/\\\/www.facebook.com\\\/SolidaridadIntergeneracional\\\/\",\"https:\\\/\\\/x.com\\\/E_Familia_\",\"https:\\\/\\\/www.youtube.com\\\/channel\\\/UCt5BNW3Z7_ACkBDg_6ujXTQ\"]},{\"@type\":\"Person\",\"@id\":\"https:\\\/\\\/solidaridadintergeneracional.es\\\/wp\\\/#\\\/schema\\\/person\\\/11b0a1fa51202f39d00480733f95254f\",\"name\":\"si\",\"image\":{\"@type\":\"ImageObject\",\"inLanguage\":\"es\",\"@id\":\"https:\\\/\\\/secure.gravatar.com\\\/avatar\\\/78a3c958cdfa02cebe4cef6584310c6c1a485de36dd11996bd07839447a20077?s=96&d=mm&r=g\",\"url\":\"https:\\\/\\\/secure.gravatar.com\\\/avatar\\\/78a3c958cdfa02cebe4cef6584310c6c1a485de36dd11996bd07839447a20077?s=96&d=mm&r=g\",\"contentUrl\":\"https:\\\/\\\/secure.gravatar.com\\\/avatar\\\/78a3c958cdfa02cebe4cef6584310c6c1a485de36dd11996bd07839447a20077?s=96&d=mm&r=g\",\"caption\":\"si\"},\"url\":\"https:\\\/\\\/solidaridadintergeneracional.es\\\/wp\\\/author\\\/si\\\/\"}]}<\/script>\n<!-- \/ Yoast SEO plugin. -->","yoast_head_json":{"title":"Estas son las mejores mascarillas que puedes comprar en el supermercado, seg\u00fan la OCU. &#8211; Solidaridad Intergeneracional","robots":{"index":"index","follow":"follow","max-snippet":"max-snippet:-1","max-image-preview":"max-image-preview:large","max-video-preview":"max-video-preview:-1"},"canonical":"https:\/\/solidaridadintergeneracional.es\/wp\/estas-son-las-mejores-mascarillas-que-puedes-comprar-en-el-supermercado-segun-la-ocu\/","og_locale":"es_ES","og_type":"article","og_title":"Estas son las mejores mascarillas que puedes comprar en el supermercado, seg\u00fan la OCU. &#8211; Solidaridad Intergeneracional","og_description":"La Organizaci\u00f3n de Consumidores y Usuarios, OCU, ha analizado las caracter\u00edsticas de las mascarillas higi\u00e9nicas reutilizables y no reutilizables que se venden en 11 establecimientos diferentes.","og_url":"https:\/\/solidaridadintergeneracional.es\/wp\/estas-son-las-mejores-mascarillas-que-puedes-comprar-en-el-supermercado-segun-la-ocu\/","og_site_name":"Solidaridad Intergeneracional","article_publisher":"https:\/\/www.facebook.com\/SolidaridadIntergeneracional\/","article_published_time":"2020-10-26T09:16:11+00:00","author":"si","twitter_card":"summary_large_image","twitter_creator":"@E_Familia_","twitter_site":"@E_Familia_","twitter_misc":{"Escrito por":"si","Tiempo de lectura":"5 minutos"},"schema":{"@context":"https:\/\/schema.org","@graph":[{"@type":"Article","@id":"https:\/\/solidaridadintergeneracional.es\/wp\/estas-son-las-mejores-mascarillas-que-puedes-comprar-en-el-supermercado-segun-la-ocu\/#article","isPartOf":{"@id":"https:\/\/solidaridadintergeneracional.es\/wp\/estas-son-las-mejores-mascarillas-que-puedes-comprar-en-el-supermercado-segun-la-ocu\/"},"author":{"name":"si","@id":"https:\/\/solidaridadintergeneracional.es\/wp\/#\/schema\/person\/11b0a1fa51202f39d00480733f95254f"},"headline":"Estas son las mejores mascarillas que puedes comprar en el supermercado, seg\u00fan la OCU.","datePublished":"2020-10-26T09:16:11+00:00","mainEntityOfPage":{"@id":"https:\/\/solidaridadintergeneracional.es\/wp\/estas-son-las-mejores-mascarillas-que-puedes-comprar-en-el-supermercado-segun-la-ocu\/"},"wordCount":950,"commentCount":0,"publisher":{"@id":"https:\/\/solidaridadintergeneracional.es\/wp\/#organization"},"articleSection":["Art\u00edculos de Inter\u00e9s","Mayores","Noticias Bolet\u00edn"],"inLanguage":"es","potentialAction":[{"@type":"CommentAction","name":"Comment","target":["https:\/\/solidaridadintergeneracional.es\/wp\/estas-son-las-mejores-mascarillas-que-puedes-comprar-en-el-supermercado-segun-la-ocu\/#respond"]}]},{"@type":"WebPage","@id":"https:\/\/solidaridadintergeneracional.es\/wp\/estas-son-las-mejores-mascarillas-que-puedes-comprar-en-el-supermercado-segun-la-ocu\/","url":"https:\/\/solidaridadintergeneracional.es\/wp\/estas-son-las-mejores-mascarillas-que-puedes-comprar-en-el-supermercado-segun-la-ocu\/","name":"Estas son las mejores mascarillas que puedes comprar en el supermercado, seg\u00fan la OCU. &#8211; Solidaridad Intergeneracional","isPartOf":{"@id":"https:\/\/solidaridadintergeneracional.es\/wp\/#website"},"datePublished":"2020-10-26T09:16:11+00:00","breadcrumb":{"@id":"https:\/\/solidaridadintergeneracional.es\/wp\/estas-son-las-mejores-mascarillas-que-puedes-comprar-en-el-supermercado-segun-la-ocu\/#breadcrumb"},"inLanguage":"es","potentialAction":[{"@type":"ReadAction","target":["https:\/\/solidaridadintergeneracional.es\/wp\/estas-son-las-mejores-mascarillas-que-puedes-comprar-en-el-supermercado-segun-la-ocu\/"]}]},{"@type":"BreadcrumbList","@id":"https:\/\/solidaridadintergeneracional.es\/wp\/estas-son-las-mejores-mascarillas-que-puedes-comprar-en-el-supermercado-segun-la-ocu\/#breadcrumb","itemListElement":[{"@type":"ListItem","position":1,"name":"Portada","item":"https:\/\/solidaridadintergeneracional.es\/wp\/"},{"@type":"ListItem","position":2,"name":"Estas son las mejores mascarillas que puedes comprar en el supermercado, seg\u00fan la OCU."}]},{"@type":"WebSite","@id":"https:\/\/solidaridadintergeneracional.es\/wp\/#website","url":"https:\/\/solidaridadintergeneracional.es\/wp\/","name":"Solidaridad Intergeneracional","description":"Toda la informaci\u00f3n sociosanitaria a tu servicio","publisher":{"@id":"https:\/\/solidaridadintergeneracional.es\/wp\/#organization"},"potentialAction":[{"@type":"SearchAction","target":{"@type":"EntryPoint","urlTemplate":"https:\/\/solidaridadintergeneracional.es\/wp\/?s={search_term_string}"},"query-input":{"@type":"PropertyValueSpecification","valueRequired":true,"valueName":"search_term_string"}}],"inLanguage":"es"},{"@type":"Organization","@id":"https:\/\/solidaridadintergeneracional.es\/wp\/#organization","name":"Solidaridad Intergeneracional","url":"https:\/\/solidaridadintergeneracional.es\/wp\/","logo":{"@type":"ImageObject","inLanguage":"es","@id":"https:\/\/solidaridadintergeneracional.es\/wp\/#\/schema\/logo\/image\/","url":"https:\/\/solidaridadintergeneracional.es\/wp\/wp-content\/uploads\/2020\/02\/logo-solidaridad.963ff81b.png","contentUrl":"https:\/\/solidaridadintergeneracional.es\/wp\/wp-content\/uploads\/2020\/02\/logo-solidaridad.963ff81b.png","width":825,"height":288,"caption":"Solidaridad Intergeneracional"},"image":{"@id":"https:\/\/solidaridadintergeneracional.es\/wp\/#\/schema\/logo\/image\/"},"sameAs":["https:\/\/www.facebook.com\/SolidaridadIntergeneracional\/","https:\/\/x.com\/E_Familia_","https:\/\/www.youtube.com\/channel\/UCt5BNW3Z7_ACkBDg_6ujXTQ"]},{"@type":"Person","@id":"https:\/\/solidaridadintergeneracional.es\/wp\/#\/schema\/person\/11b0a1fa51202f39d00480733f95254f","name":"si","image":{"@type":"ImageObject","inLanguage":"es","@id":"https:\/\/secure.gravatar.com\/avatar\/78a3c958cdfa02cebe4cef6584310c6c1a485de36dd11996bd07839447a20077?s=96&d=mm&r=g","url":"https:\/\/secure.gravatar.com\/avatar\/78a3c958cdfa02cebe4cef6584310c6c1a485de36dd11996bd07839447a20077?s=96&d=mm&r=g","contentUrl":"https:\/\/secure.gravatar.com\/avatar\/78a3c958cdfa02cebe4cef6584310c6c1a485de36dd11996bd07839447a20077?s=96&d=mm&r=g","caption":"si"},"url":"https:\/\/solidaridadintergeneracional.es\/wp\/author\/si\/"}]}},"_links":{"self":[{"href":"https:\/\/solidaridadintergeneracional.es\/wp\/wp-json\/wp\/v2\/posts\/34712","targetHints":{"allow":["GET"]}}],"collection":[{"href":"https:\/\/solidaridadintergeneracional.es\/wp\/wp-json\/wp\/v2\/posts"}],"about":[{"href":"https:\/\/solidaridadintergeneracional.es\/wp\/wp-json\/wp\/v2\/types\/post"}],"author":[{"embeddable":true,"href":"https:\/\/solidaridadintergeneracional.es\/wp\/wp-json\/wp\/v2\/users\/4"}],"replies":[{"embeddable":true,"href":"https:\/\/solidaridadintergeneracional.es\/wp\/wp-json\/wp\/v2\/comments?post=34712"}],"version-history":[{"count":0,"href":"https:\/\/solidaridadintergeneracional.es\/wp\/wp-json\/wp\/v2\/posts\/34712\/revisions"}],"wp:attachment":[{"href":"https:\/\/solidaridadintergeneracional.es\/wp\/wp-json\/wp\/v2\/media?parent=34712"}],"wp:term":[{"taxonomy":"category","embeddable":true,"href":"https:\/\/solidaridadintergeneracional.es\/wp\/wp-json\/wp\/v2\/categories?post=34712"},{"taxonomy":"post_tag","embeddable":true,"href":"https:\/\/solidaridadintergeneracional.es\/wp\/wp-json\/wp\/v2\/tags?post=34712"}],"curies":[{"name":"wp","href":"https:\/\/api.w.org\/{rel}","templated":true}]}}