{"id":24701,"date":"2018-06-13T00:00:00","date_gmt":"2018-06-13T00:00:00","guid":{"rendered":"http:\/\/efamilia.es\/wp\/sindrome-del-abuelo-esclavo-cuando-los-nietos-pasan-factura\/"},"modified":"2018-06-13T00:00:00","modified_gmt":"2018-06-13T00:00:00","slug":"sindrome-del-abuelo-esclavo-cuando-los-nietos-pasan-factura","status":"publish","type":"post","link":"https:\/\/solidaridadintergeneracional.es\/wp\/sindrome-del-abuelo-esclavo-cuando-los-nietos-pasan-factura\/","title":{"rendered":"S\u00edndrome del abuelo esclavo: cuando los nietos pasan factura"},"content":{"rendered":"<h4>La falta de conciliaci\u00f3n y la crisis les ha convertido en canguros de sus nietos, una sobrecarga que acaba afectando a la salud f\u00edsica y emocional.<\/h4>\n<p>PATRICIA LOZANO<\/p>\n<p>&#8220;Todos los d\u00edas recojo a mis nietos en el colegio. Me encargo de su merienda y les llevo a las extraescolares, juego con ellos y les ayudo con los deberes. Hay d\u00edas en los que siento que no puedo m\u00e1s: estoy agotada y me duele la espalda porque el ritmo que me imponen es demasiado. Pero lo hago por ayudar a mi hija porque ella y su marido trabajan y no pueden permitirse pagar una ni\u00f1era&#8221;. La que habla es Manuela, de 67 a\u00f1os y abuela de una ni\u00f1a de seis y otro ni\u00f1o de ocho. Ella no es una excepci\u00f3n, no hay m\u00e1s que echar un vistazo a la salida de cualquier colegio para darse cuenta. <\/p>\n<p>Seg\u00fan una encuesta realizada en 2010 por el Imserso, el 70% de los mayores de 65 a\u00f1os cuida de sus nietos, a los que dedican una media de seis horas diarias, lo que supone en muchas ocasiones m\u00e1s tiempo del que los propios padres dedican a sus hijos. Pr\u00e1cticamente una jornada laboral. Y, adem\u00e1s, no remunerada. El problemas es que muchos de ellos &#8220;realizan este soporte de forma no voluntaria, porque se ven obligados a hacerlo y no tienen la capacidad de poner unos l\u00edmites&#8221;, explica Pilar Rodr\u00edguez, adjunta a la gerencia de la Fundaci\u00f3n Acci\u00f3n, Bienestar y Desarrollo, que trabaja para mejorar la calidad de vida de los colectivos vulnerables. Es el conocido como s\u00edndrome del abuelo esclavo, &#8220;un problema silenciado porque los mayores tienen miedo de causar problemas a sus hijos o decepcionarles y callan&#8221;, explica Manuel Nevado, psic\u00f3logo de la Sociedad Espa\u00f1ola de Geriatr\u00eda y Gerontolog\u00eda (SEGG). El terapeuta coordina un centro de desarrollo cognitivo de personas mayores que cesa sus actividades desde mediados de junio hasta mediados de septiembre porque los abuelos, al cuidado de sus nietos a tiempo completo en \u00e9poca estival, no pueden acudir. All\u00ed ha escuchado en m\u00e1s de una ocasi\u00f3n: &#8220;\u00a1Es que nos tienen esclavizados!&#8221;. Al menos, ah\u00ed pueden desahogarse.<\/p>\n<p>Dolencias frecuentes<\/p>\n<p>Llevarles y traerles, darles de merendar, encargarse de que hagan los deberes, jugar con ellos&#8230; Las tareas diarias que tienen entre manos son muchas y arduas. En numerosas ocasiones, incluso asumen el rol de los padres en cuanto a su educaci\u00f3n. Obligaciones que suponen para muchos una sobrecarga de trabajo que en algunos pa\u00edses europeos ya ha sido reconocida: en Alemania, los abuelos canguros pueden desgravarse durante los 14 meses siguientes al nacimiento del ni\u00f1o en el caso de que el padre o madre sufran una enfermedad y el cuidador no trabaje m\u00e1s de 30 horas a la semana. En Portugal, los abuelos tienen derecho al 100% del sueldo si se dedican al cuidado del nieto durante el mes siguiente a su nacimiento. <\/p>\n<p>Cuidar de un nieto puede ser un placer, pero tambi\u00e9n puede convertirse en una pesadilla que afecta a la salud f\u00edsica y emocional. De hecho, los psic\u00f3logos y geriatras est\u00e1n viendo cada vez m\u00e1s casos en consulta: &#8220;Personas mayores que sufren agotamiento, estr\u00e9s y ansiedad que puede acabar derivando incluso en depresi\u00f3n&#8221;, analiza Rodr\u00edguez. &#8220;El bienestar del nieto se acaba anteponiendo al suyo propio, por lo que los problemas de salud que ya sufr\u00edan se agravan: la hipertensi\u00f3n se acent\u00faa, al igual que la artrosis. Tambi\u00e9n es habitual sufrir estre\u00f1imiento y dolor cr\u00f3nico en las articulaciones y la espalda por el esfuerzo que les supone, as\u00ed como dificultad para dormir por la noche derivada de ese dolor. Es frecuente descuidar la alimentaci\u00f3n y estas personas tienen un riesgo de desnutrici\u00f3n que puede afectar a enfermedades como la diabetes&#8221;, cuenta Rosa L\u00f3pez, geriatra del SEGG, que cuenta que justo ayer dos personas le reconoc\u00edan sentirse esclavizadas por la necesidad de cuidar a varios nietos a la vez. &#8220;Los abuelos ya no tienen la misma vitalidad y la movilidad que imponen los nietos es enorme: hay que cogerlos en brazos, correr detr\u00e1s de ellos&#8230;&#8221;, analiza Rodr\u00edguez. En definitiva, los abuelos cuidadores &#8220;tienen peor salud f\u00edsica que los no cuidadores y hacen un mayor uso de medicamentos junto con m\u00e1s visitas al m\u00e9dico&#8221;, cuenta Sacramento Pinazo-Hernandis, profesora de Psicolog\u00eda Social en la Universidad de Valencia. Pero no s\u00f3lo se trata del sobreesfuerzo que tienen que hacer, sino de lo que se ven obligados a dejar de lado por sus nietos, como el tiempo libre dedicado a s\u00ed mismos. <\/p>\n<p>El 60% de las espa\u00f1olas espera a pasar los 30 para tener su primer hijo, seg\u00fan datos de este a\u00f1o de Eurostat, por lo que los abuelos que cuidan de nietos peque\u00f1os son cada vez m\u00e1s mayores, lo que les dificulta a\u00fan m\u00e1s la labor. A esto se le suma que &#8220;el aumento de la esperanza de vida ha propiciado que haya m\u00e1s personas mayores con m\u00e1s probabilidades de ser abuelos durante m\u00e1s tiempo&#8221;, afirma Pinazo-Hernandis. <\/p>\n<p>La dificultad para conciliar entre la vida personal y laboral y la crisis econ\u00f3mica, con sueldos cada vez m\u00e1s bajos y la imposibilidad de contratar guarder\u00edas o cuidadoras, est\u00e1n detr\u00e1s de esta situaci\u00f3n. &#8220;En Espa\u00f1a no hay pol\u00edticas pronatalistas y los que deciden tener hijos se encuentran con este problema&#8221;, asegura L\u00f3pez. Por ello, los abuelos &#8220;han acabado convirti\u00e9ndose en un gran ej\u00e9rcito de reserva porque siempre est\u00e1n disponibles para las demandas de los hijos. Nadie les pregunta si pueden quedarse con los nietos o no, se da por hecho porque priorizamos nuestras necesidades a las suyas. En ocasiones se abusa de ellos y se les presiona para que se hagan cargo&#8221;, dice Rodr\u00edguez. <\/p>\n<p>La clave, seg\u00fan los expertos, para evitar dar m\u00e1s de lo que se puede est\u00e1 en verbalizar el problema, sugiriendo alternativas, y buscar un equilibrio. &#8220;Es necesario poner unos l\u00edmites, como por ejemplo, que los fines de semana se hagan cargo los padres o que se responsabilicen de las tutor\u00edas en el colegio. Muchos se sienten culpables por decir que no a algo, pero tienen todo el derecho de vivir despu\u00e9s de haber trabajado durante tantos a\u00f1os y de contar con tiempo para el ocio&#8221;, cuenta Nevado.<\/p>\n<p>Aspectos positivos<\/p>\n<p>Sin embargo, esto no significa que compartir tiempo con los nietos no tenga beneficios. Son muchos los estudios que aseguran que de esta forma se sienten \u00fatiles tras haber llegado a la jubilaci\u00f3n y que cuidar de ellos les aporta vitalidad, alegr\u00eda, entretenimiento y compa\u00f1\u00eda para combatir la soledad, mientras que estrechan v\u00ednculos afectivos y familiares. Pero no s\u00f3lo mejora su estado de \u00e1nimo, ya que tambi\u00e9n les ayuda a mantenerse en mejor forma f\u00edsica e incrementa su rendimiento cognitivo. <\/p>\n<p>De hecho, un estudio alem\u00e1n publicado el a\u00f1o pasado por la revista &#8216;Evolution and Human Behavior&#8217; asegura que aquellos que cuidan de sus nietos ocasionalmente viven cinco a\u00f1os m\u00e1s que los que no lo hacen. De acuerdo con esta investigaci\u00f3n, el riesgo que tienen estas personas de morir en los siguientes 20 a\u00f1os se reduce hasta un 37%. Adem\u00e1s, los autores del estudio explican que esta labor aumenta la esperanza de vida significativamente m\u00e1s que estar sano y activo.<\/p>\n<p>Distintos tipos de abuelos<\/p>\n<p>GENEROSOS. Est\u00e1n encantados con su papel de cuidadores y no les importa hacerse cargo de sus nietos todo el tiempo que sea necesario. Son personas que han dedicado su vida a cuidar a sus hijos y ahora vuelven a desarrollar ese mismo rol con el que est\u00e1n c\u00f3modos con los nietos. De esta forma se sienten realizados y \u00fatiles porque ven que est\u00e1n haciendo una labor de importancia. &#8220;Tienden a sobreprotegerles mucho y es posible que les quede un gran vac\u00edo cuando los nietos crezcan y pasen a un segundo plano&#8221;, explica el psic\u00f3logo Manuel Nevado. Este perfil suele darse principalmente en las abuelas m\u00e1s que en los abuelos.<\/p>\n<p>PASOTAS. Este modelo se impone en los pa\u00edses n\u00f3rdicos. Se trata de aquellos abuelos que consideran que los nietos son responsabilidad \u00fanica de sus padres y que son ellos los que deben hacerse cargo. Consideran que ya se han pasado toda la vida trabajando y que ahora les toca disfrutar de su merecida jubilaci\u00f3n y aprovechar su tiempo libre para viajar, leer, hacer deporte&#8230; Por ello, no tienen problemas a la hora de decir &#8220;no&#8221;. Eso no significa que no quieran pasar tiempo con sus nietos y que no disfruten de su compa\u00f1\u00eda, pero en peque\u00f1as dosis. Tampoco significa que no quieran ayudar, pero siempre de forma moderada.<\/p>\n<p>ESCLAVOS. Disfrutan de la compa\u00f1\u00eda de sus nietos y les encanta pasar tiempo con ellos, pero consideran que hacerse cargo cada d\u00eda de ellos durante tantas horas es demasiado. Estas personas viven a expensas de los horarios marcados por sus hijos y sus nietos y sienten que no disponen del tiempo libre suficiente para dedicarlo a s\u00ed mismos y sus relaciones sociales. A pesar de ello, no lo verbalizan porque se sienten en la obligaci\u00f3n de ayudar a sus hijos, aunque en muchas ocasiones se sienten sobrepasados por la dura tarea que les ha sido encomendada.<\/p>\n<p><a href=\"http:\/\/www.elmundo.es\/vida-sana\/familia-y-co\/2018\/05\/20\/5afebcc6268e3e422b8b456e.html\">www.elmundo.es\/vida-sana\/familia-y-co\/2018\/05\/20\/5afebcc6268e3e422b8b456e.html<\/a><\/p>\n","protected":false},"excerpt":{"rendered":"<p>La falta de conciliaci\u00f3n y la crisis les ha convertido en canguros de sus nietos, una sobrecarga que acaba afectando a la salud f\u00edsica y emocional.<\/p>\n","protected":false},"author":1,"featured_media":0,"comment_status":"open","ping_status":"open","sticky":false,"template":"","format":"standard","meta":{"footnotes":""},"categories":[328,321],"tags":[],"class_list":["post-24701","post","type-post","status-publish","format-standard","hentry","category-noticiasboletin","category-noticiasdeinterespre2019"],"yoast_head":"<!-- This site is optimized with the Yoast SEO plugin v27.5 - https:\/\/yoast.com\/product\/yoast-seo-wordpress\/ -->\n<title>S\u00edndrome del abuelo esclavo: cuando los nietos pasan factura &#8211; Solidaridad Intergeneracional<\/title>\n<meta name=\"robots\" content=\"index, follow, max-snippet:-1, max-image-preview:large, max-video-preview:-1\" \/>\n<link rel=\"canonical\" href=\"https:\/\/solidaridadintergeneracional.es\/wp\/sindrome-del-abuelo-esclavo-cuando-los-nietos-pasan-factura\/\" \/>\n<meta property=\"og:locale\" content=\"es_ES\" \/>\n<meta property=\"og:type\" content=\"article\" \/>\n<meta property=\"og:title\" content=\"S\u00edndrome del abuelo esclavo: cuando los nietos pasan factura &#8211; Solidaridad Intergeneracional\" \/>\n<meta property=\"og:description\" content=\"La falta de conciliaci\u00f3n y la crisis les ha convertido en canguros de sus nietos, una sobrecarga que acaba afectando a la salud f\u00edsica y emocional.\" \/>\n<meta property=\"og:url\" content=\"https:\/\/solidaridadintergeneracional.es\/wp\/sindrome-del-abuelo-esclavo-cuando-los-nietos-pasan-factura\/\" \/>\n<meta property=\"og:site_name\" content=\"Solidaridad Intergeneracional\" \/>\n<meta property=\"article:publisher\" content=\"https:\/\/www.facebook.com\/SolidaridadIntergeneracional\/\" \/>\n<meta property=\"article:published_time\" content=\"2018-06-13T00:00:00+00:00\" \/>\n<meta name=\"author\" content=\"Solidaridad Intergeneracional\" \/>\n<meta name=\"twitter:card\" content=\"summary_large_image\" \/>\n<meta name=\"twitter:creator\" content=\"@E_Familia_\" \/>\n<meta name=\"twitter:site\" content=\"@E_Familia_\" \/>\n<meta name=\"twitter:label1\" content=\"Escrito por\" \/>\n\t<meta name=\"twitter:data1\" content=\"Solidaridad Intergeneracional\" \/>\n\t<meta name=\"twitter:label2\" content=\"Tiempo de lectura\" \/>\n\t<meta name=\"twitter:data2\" content=\"8 minutos\" \/>\n<script type=\"application\/ld+json\" class=\"yoast-schema-graph\">{\"@context\":\"https:\\\/\\\/schema.org\",\"@graph\":[{\"@type\":\"Article\",\"@id\":\"https:\\\/\\\/solidaridadintergeneracional.es\\\/wp\\\/sindrome-del-abuelo-esclavo-cuando-los-nietos-pasan-factura\\\/#article\",\"isPartOf\":{\"@id\":\"https:\\\/\\\/solidaridadintergeneracional.es\\\/wp\\\/sindrome-del-abuelo-esclavo-cuando-los-nietos-pasan-factura\\\/\"},\"author\":{\"name\":\"Solidaridad Intergeneracional\",\"@id\":\"https:\\\/\\\/solidaridadintergeneracional.es\\\/wp\\\/#\\\/schema\\\/person\\\/e8b31aad699715395f8afbf3f8755d51\"},\"headline\":\"S\u00edndrome del abuelo esclavo: cuando los nietos pasan factura\",\"datePublished\":\"2018-06-13T00:00:00+00:00\",\"mainEntityOfPage\":{\"@id\":\"https:\\\/\\\/solidaridadintergeneracional.es\\\/wp\\\/sindrome-del-abuelo-esclavo-cuando-los-nietos-pasan-factura\\\/\"},\"wordCount\":1624,\"commentCount\":0,\"publisher\":{\"@id\":\"https:\\\/\\\/solidaridadintergeneracional.es\\\/wp\\\/#organization\"},\"articleSection\":[\"Noticias Bolet\u00edn\",\"Noticias de interes Pre 2019\"],\"inLanguage\":\"es\",\"potentialAction\":[{\"@type\":\"CommentAction\",\"name\":\"Comment\",\"target\":[\"https:\\\/\\\/solidaridadintergeneracional.es\\\/wp\\\/sindrome-del-abuelo-esclavo-cuando-los-nietos-pasan-factura\\\/#respond\"]}]},{\"@type\":\"WebPage\",\"@id\":\"https:\\\/\\\/solidaridadintergeneracional.es\\\/wp\\\/sindrome-del-abuelo-esclavo-cuando-los-nietos-pasan-factura\\\/\",\"url\":\"https:\\\/\\\/solidaridadintergeneracional.es\\\/wp\\\/sindrome-del-abuelo-esclavo-cuando-los-nietos-pasan-factura\\\/\",\"name\":\"S\u00edndrome del abuelo esclavo: cuando los nietos pasan factura &#8211; Solidaridad Intergeneracional\",\"isPartOf\":{\"@id\":\"https:\\\/\\\/solidaridadintergeneracional.es\\\/wp\\\/#website\"},\"datePublished\":\"2018-06-13T00:00:00+00:00\",\"breadcrumb\":{\"@id\":\"https:\\\/\\\/solidaridadintergeneracional.es\\\/wp\\\/sindrome-del-abuelo-esclavo-cuando-los-nietos-pasan-factura\\\/#breadcrumb\"},\"inLanguage\":\"es\",\"potentialAction\":[{\"@type\":\"ReadAction\",\"target\":[\"https:\\\/\\\/solidaridadintergeneracional.es\\\/wp\\\/sindrome-del-abuelo-esclavo-cuando-los-nietos-pasan-factura\\\/\"]}]},{\"@type\":\"BreadcrumbList\",\"@id\":\"https:\\\/\\\/solidaridadintergeneracional.es\\\/wp\\\/sindrome-del-abuelo-esclavo-cuando-los-nietos-pasan-factura\\\/#breadcrumb\",\"itemListElement\":[{\"@type\":\"ListItem\",\"position\":1,\"name\":\"Portada\",\"item\":\"https:\\\/\\\/solidaridadintergeneracional.es\\\/wp\\\/\"},{\"@type\":\"ListItem\",\"position\":2,\"name\":\"S\u00edndrome del abuelo esclavo: cuando los nietos pasan factura\"}]},{\"@type\":\"WebSite\",\"@id\":\"https:\\\/\\\/solidaridadintergeneracional.es\\\/wp\\\/#website\",\"url\":\"https:\\\/\\\/solidaridadintergeneracional.es\\\/wp\\\/\",\"name\":\"Solidaridad Intergeneracional\",\"description\":\"Toda la informaci\u00f3n sociosanitaria a tu servicio\",\"publisher\":{\"@id\":\"https:\\\/\\\/solidaridadintergeneracional.es\\\/wp\\\/#organization\"},\"potentialAction\":[{\"@type\":\"SearchAction\",\"target\":{\"@type\":\"EntryPoint\",\"urlTemplate\":\"https:\\\/\\\/solidaridadintergeneracional.es\\\/wp\\\/?s={search_term_string}\"},\"query-input\":{\"@type\":\"PropertyValueSpecification\",\"valueRequired\":true,\"valueName\":\"search_term_string\"}}],\"inLanguage\":\"es\"},{\"@type\":\"Organization\",\"@id\":\"https:\\\/\\\/solidaridadintergeneracional.es\\\/wp\\\/#organization\",\"name\":\"Solidaridad Intergeneracional\",\"url\":\"https:\\\/\\\/solidaridadintergeneracional.es\\\/wp\\\/\",\"logo\":{\"@type\":\"ImageObject\",\"inLanguage\":\"es\",\"@id\":\"https:\\\/\\\/solidaridadintergeneracional.es\\\/wp\\\/#\\\/schema\\\/logo\\\/image\\\/\",\"url\":\"https:\\\/\\\/solidaridadintergeneracional.es\\\/wp\\\/wp-content\\\/uploads\\\/2020\\\/02\\\/logo-solidaridad.963ff81b.png\",\"contentUrl\":\"https:\\\/\\\/solidaridadintergeneracional.es\\\/wp\\\/wp-content\\\/uploads\\\/2020\\\/02\\\/logo-solidaridad.963ff81b.png\",\"width\":825,\"height\":288,\"caption\":\"Solidaridad Intergeneracional\"},\"image\":{\"@id\":\"https:\\\/\\\/solidaridadintergeneracional.es\\\/wp\\\/#\\\/schema\\\/logo\\\/image\\\/\"},\"sameAs\":[\"https:\\\/\\\/www.facebook.com\\\/SolidaridadIntergeneracional\\\/\",\"https:\\\/\\\/x.com\\\/E_Familia_\",\"https:\\\/\\\/www.youtube.com\\\/channel\\\/UCt5BNW3Z7_ACkBDg_6ujXTQ\"]},{\"@type\":\"Person\",\"@id\":\"https:\\\/\\\/solidaridadintergeneracional.es\\\/wp\\\/#\\\/schema\\\/person\\\/e8b31aad699715395f8afbf3f8755d51\",\"name\":\"Solidaridad Intergeneracional\",\"image\":{\"@type\":\"ImageObject\",\"inLanguage\":\"es\",\"@id\":\"https:\\\/\\\/secure.gravatar.com\\\/avatar\\\/e18721a5c4aaa3fecf1fe45b5d7708a7037f8a862dbc28483b4cf55a6ac0fb56?s=96&d=mm&r=g\",\"url\":\"https:\\\/\\\/secure.gravatar.com\\\/avatar\\\/e18721a5c4aaa3fecf1fe45b5d7708a7037f8a862dbc28483b4cf55a6ac0fb56?s=96&d=mm&r=g\",\"contentUrl\":\"https:\\\/\\\/secure.gravatar.com\\\/avatar\\\/e18721a5c4aaa3fecf1fe45b5d7708a7037f8a862dbc28483b4cf55a6ac0fb56?s=96&d=mm&r=g\",\"caption\":\"Solidaridad Intergeneracional\"},\"url\":\"https:\\\/\\\/solidaridadintergeneracional.es\\\/wp\\\/author\\\/admin\\\/\"}]}<\/script>\n<!-- \/ Yoast SEO plugin. -->","yoast_head_json":{"title":"S\u00edndrome del abuelo esclavo: cuando los nietos pasan factura &#8211; Solidaridad Intergeneracional","robots":{"index":"index","follow":"follow","max-snippet":"max-snippet:-1","max-image-preview":"max-image-preview:large","max-video-preview":"max-video-preview:-1"},"canonical":"https:\/\/solidaridadintergeneracional.es\/wp\/sindrome-del-abuelo-esclavo-cuando-los-nietos-pasan-factura\/","og_locale":"es_ES","og_type":"article","og_title":"S\u00edndrome del abuelo esclavo: cuando los nietos pasan factura &#8211; Solidaridad Intergeneracional","og_description":"La falta de conciliaci\u00f3n y la crisis les ha convertido en canguros de sus nietos, una sobrecarga que acaba afectando a la salud f\u00edsica y emocional.","og_url":"https:\/\/solidaridadintergeneracional.es\/wp\/sindrome-del-abuelo-esclavo-cuando-los-nietos-pasan-factura\/","og_site_name":"Solidaridad Intergeneracional","article_publisher":"https:\/\/www.facebook.com\/SolidaridadIntergeneracional\/","article_published_time":"2018-06-13T00:00:00+00:00","author":"Solidaridad Intergeneracional","twitter_card":"summary_large_image","twitter_creator":"@E_Familia_","twitter_site":"@E_Familia_","twitter_misc":{"Escrito por":"Solidaridad Intergeneracional","Tiempo de lectura":"8 minutos"},"schema":{"@context":"https:\/\/schema.org","@graph":[{"@type":"Article","@id":"https:\/\/solidaridadintergeneracional.es\/wp\/sindrome-del-abuelo-esclavo-cuando-los-nietos-pasan-factura\/#article","isPartOf":{"@id":"https:\/\/solidaridadintergeneracional.es\/wp\/sindrome-del-abuelo-esclavo-cuando-los-nietos-pasan-factura\/"},"author":{"name":"Solidaridad Intergeneracional","@id":"https:\/\/solidaridadintergeneracional.es\/wp\/#\/schema\/person\/e8b31aad699715395f8afbf3f8755d51"},"headline":"S\u00edndrome del abuelo esclavo: cuando los nietos pasan factura","datePublished":"2018-06-13T00:00:00+00:00","mainEntityOfPage":{"@id":"https:\/\/solidaridadintergeneracional.es\/wp\/sindrome-del-abuelo-esclavo-cuando-los-nietos-pasan-factura\/"},"wordCount":1624,"commentCount":0,"publisher":{"@id":"https:\/\/solidaridadintergeneracional.es\/wp\/#organization"},"articleSection":["Noticias Bolet\u00edn","Noticias de interes Pre 2019"],"inLanguage":"es","potentialAction":[{"@type":"CommentAction","name":"Comment","target":["https:\/\/solidaridadintergeneracional.es\/wp\/sindrome-del-abuelo-esclavo-cuando-los-nietos-pasan-factura\/#respond"]}]},{"@type":"WebPage","@id":"https:\/\/solidaridadintergeneracional.es\/wp\/sindrome-del-abuelo-esclavo-cuando-los-nietos-pasan-factura\/","url":"https:\/\/solidaridadintergeneracional.es\/wp\/sindrome-del-abuelo-esclavo-cuando-los-nietos-pasan-factura\/","name":"S\u00edndrome del abuelo esclavo: cuando los nietos pasan factura &#8211; Solidaridad Intergeneracional","isPartOf":{"@id":"https:\/\/solidaridadintergeneracional.es\/wp\/#website"},"datePublished":"2018-06-13T00:00:00+00:00","breadcrumb":{"@id":"https:\/\/solidaridadintergeneracional.es\/wp\/sindrome-del-abuelo-esclavo-cuando-los-nietos-pasan-factura\/#breadcrumb"},"inLanguage":"es","potentialAction":[{"@type":"ReadAction","target":["https:\/\/solidaridadintergeneracional.es\/wp\/sindrome-del-abuelo-esclavo-cuando-los-nietos-pasan-factura\/"]}]},{"@type":"BreadcrumbList","@id":"https:\/\/solidaridadintergeneracional.es\/wp\/sindrome-del-abuelo-esclavo-cuando-los-nietos-pasan-factura\/#breadcrumb","itemListElement":[{"@type":"ListItem","position":1,"name":"Portada","item":"https:\/\/solidaridadintergeneracional.es\/wp\/"},{"@type":"ListItem","position":2,"name":"S\u00edndrome del abuelo esclavo: cuando los nietos pasan factura"}]},{"@type":"WebSite","@id":"https:\/\/solidaridadintergeneracional.es\/wp\/#website","url":"https:\/\/solidaridadintergeneracional.es\/wp\/","name":"Solidaridad Intergeneracional","description":"Toda la informaci\u00f3n sociosanitaria a tu servicio","publisher":{"@id":"https:\/\/solidaridadintergeneracional.es\/wp\/#organization"},"potentialAction":[{"@type":"SearchAction","target":{"@type":"EntryPoint","urlTemplate":"https:\/\/solidaridadintergeneracional.es\/wp\/?s={search_term_string}"},"query-input":{"@type":"PropertyValueSpecification","valueRequired":true,"valueName":"search_term_string"}}],"inLanguage":"es"},{"@type":"Organization","@id":"https:\/\/solidaridadintergeneracional.es\/wp\/#organization","name":"Solidaridad Intergeneracional","url":"https:\/\/solidaridadintergeneracional.es\/wp\/","logo":{"@type":"ImageObject","inLanguage":"es","@id":"https:\/\/solidaridadintergeneracional.es\/wp\/#\/schema\/logo\/image\/","url":"https:\/\/solidaridadintergeneracional.es\/wp\/wp-content\/uploads\/2020\/02\/logo-solidaridad.963ff81b.png","contentUrl":"https:\/\/solidaridadintergeneracional.es\/wp\/wp-content\/uploads\/2020\/02\/logo-solidaridad.963ff81b.png","width":825,"height":288,"caption":"Solidaridad Intergeneracional"},"image":{"@id":"https:\/\/solidaridadintergeneracional.es\/wp\/#\/schema\/logo\/image\/"},"sameAs":["https:\/\/www.facebook.com\/SolidaridadIntergeneracional\/","https:\/\/x.com\/E_Familia_","https:\/\/www.youtube.com\/channel\/UCt5BNW3Z7_ACkBDg_6ujXTQ"]},{"@type":"Person","@id":"https:\/\/solidaridadintergeneracional.es\/wp\/#\/schema\/person\/e8b31aad699715395f8afbf3f8755d51","name":"Solidaridad Intergeneracional","image":{"@type":"ImageObject","inLanguage":"es","@id":"https:\/\/secure.gravatar.com\/avatar\/e18721a5c4aaa3fecf1fe45b5d7708a7037f8a862dbc28483b4cf55a6ac0fb56?s=96&d=mm&r=g","url":"https:\/\/secure.gravatar.com\/avatar\/e18721a5c4aaa3fecf1fe45b5d7708a7037f8a862dbc28483b4cf55a6ac0fb56?s=96&d=mm&r=g","contentUrl":"https:\/\/secure.gravatar.com\/avatar\/e18721a5c4aaa3fecf1fe45b5d7708a7037f8a862dbc28483b4cf55a6ac0fb56?s=96&d=mm&r=g","caption":"Solidaridad Intergeneracional"},"url":"https:\/\/solidaridadintergeneracional.es\/wp\/author\/admin\/"}]}},"_links":{"self":[{"href":"https:\/\/solidaridadintergeneracional.es\/wp\/wp-json\/wp\/v2\/posts\/24701","targetHints":{"allow":["GET"]}}],"collection":[{"href":"https:\/\/solidaridadintergeneracional.es\/wp\/wp-json\/wp\/v2\/posts"}],"about":[{"href":"https:\/\/solidaridadintergeneracional.es\/wp\/wp-json\/wp\/v2\/types\/post"}],"author":[{"embeddable":true,"href":"https:\/\/solidaridadintergeneracional.es\/wp\/wp-json\/wp\/v2\/users\/1"}],"replies":[{"embeddable":true,"href":"https:\/\/solidaridadintergeneracional.es\/wp\/wp-json\/wp\/v2\/comments?post=24701"}],"version-history":[{"count":0,"href":"https:\/\/solidaridadintergeneracional.es\/wp\/wp-json\/wp\/v2\/posts\/24701\/revisions"}],"wp:attachment":[{"href":"https:\/\/solidaridadintergeneracional.es\/wp\/wp-json\/wp\/v2\/media?parent=24701"}],"wp:term":[{"taxonomy":"category","embeddable":true,"href":"https:\/\/solidaridadintergeneracional.es\/wp\/wp-json\/wp\/v2\/categories?post=24701"},{"taxonomy":"post_tag","embeddable":true,"href":"https:\/\/solidaridadintergeneracional.es\/wp\/wp-json\/wp\/v2\/tags?post=24701"}],"curies":[{"name":"wp","href":"https:\/\/api.w.org\/{rel}","templated":true}]}}