{"id":24651,"date":"2018-05-24T00:00:00","date_gmt":"2018-05-24T00:00:00","guid":{"rendered":"http:\/\/efamilia.es\/wp\/la-xunta-admite-que-la-espera-para-valorar-la-discapacidad-duplica-el-plazo-legal\/"},"modified":"2018-05-24T00:00:00","modified_gmt":"2018-05-24T00:00:00","slug":"la-xunta-admite-que-la-espera-para-valorar-la-discapacidad-duplica-el-plazo-legal","status":"publish","type":"post","link":"https:\/\/solidaridadintergeneracional.es\/wp\/la-xunta-admite-que-la-espera-para-valorar-la-discapacidad-duplica-el-plazo-legal\/","title":{"rendered":"La Xunta admite que la espera para valorar la discapacidad duplica el plazo legal"},"content":{"rendered":"<h4>Pol\u00edtica Social ultima un paquete de medidas para aligerar una lista de 17.000 personas.<\/h4>\n<p>ELISA \u00c1LVAREZ<\/p>\n<p>Optar a un contrato espec\u00edfico reservado para personas con alguna discapacidad, tener deducciones en el IRPF, exenci\u00f3n del impuesto de matriculaci\u00f3n, tarjeta especial de aparcamiento o incluso optar a una vivienda de protecci\u00f3n oficial. Son algunas de las medidas que las Administraciones han puesto en marcha para facilitar la vida y la integraci\u00f3n de las personas que tienen alg\u00fan grado de discapacidad. Pero, como es l\u00f3gico, exigen acreditar esa minusval\u00eda. Y ah\u00ed aparece otro de los agujeros de la Administraci\u00f3n.<\/p>\n<p>Porque demostrar esa discapacidad es otro de los lentos procesos burocr\u00e1ticos. En estos momentos hay unas 17.000 personas en Galicia pendientes de que se les reconozca esta discapacidad. Y de media aguardan unos doscientos d\u00edas, casi siete meses, seg\u00fan los datos que maneja la Conseller\u00eda de Pol\u00edtica Social. \u00bfMucho? La orden del 25 de noviembre del 2015 por la que se regula este procedimiento recoge que ese proceso debe hacerse en un plazo m\u00e1ximo de tres meses desde la fecha de entrada de la solicitud, por lo que la propia Xunta admite que se duplican con creces los tiempos de espera legales.<\/p>\n<p>El Parlamento aprob\u00f3 hace unas semanas que se refuercen los equipos de valoraci\u00f3n para agilizar esta demora, por lo que Pol\u00edtica Social ultima un paquete de medidas con el objetivo de eliminar la lista de espera antes de que finalice el a\u00f1o.<\/p>\n<p>Los pasos previos<\/p>\n<p>A la hora de pedir el reconocimiento de un grado de discapacidad, los requisitos documentales no son muchos. Como adem\u00e1s no se exige informe social, muchos de los solicitantes lo presentan directamente en la Xunta, sin pasar por el trabajador social. En caso de que s\u00ed se opte por acudir al concello correspondiente, solo es necesario el DNI, los informes m\u00e9dicos o los justificantes de ingresos y gastos cuando sea necesario. La situaci\u00f3n econ\u00f3mica puede sumar o no computar, pero nunca resta puntuaci\u00f3n en el grado de discapacidad. <\/p>\n<p>En los servicios sociales de los ayuntamientos aseguran que todos estos tr\u00e1mites se alargan hasta los 200 d\u00edas -lo sit\u00faan en un a\u00f1o- tanto cuando se trata de un certificado inicial como cuando es una revisi\u00f3n si la persona que tiene una discapacidad reconocida como definitiva quiere valorarla por agravamiento o mejora.<\/p>\n<p>M\u00e1s r\u00e1pido en algunos casos<\/p>\n<p>Como en otro tipo de tr\u00e1mites, estas solicitudes se estudian en funci\u00f3n del orden de entrada. Pero hay excepciones. Cuando la persona depende de un empleo o de acceder a ense\u00f1anzas regladas que tienen un cupo para discapacidad, en caso de menores de 18 a\u00f1os o mayores de 90, cuando el usuario est\u00e1 pendiente de la prestaci\u00f3n por hijo a cargo o la pensi\u00f3n no contributiva, al existir un procedimiento de violencia dom\u00e9stica que se pueda ver afectado por este motivo o si caduca el grado de discapacidad. En esos casos, el usuario tiene prioridad en la valoraci\u00f3n. <\/p>\n<p>Los trabajadores sociales tambi\u00e9n destacan un aspecto que lleva a confusi\u00f3n a los afectados. En los casos en los que el certificado de discapacidad no es definitivo, es decir, que caduca, la persona debe solicitar la revisi\u00f3n. Esto implica que si no lo hace perder\u00e1 los beneficios sociales o econ\u00f3micos a los que ten\u00eda derecho, incluso la suspensi\u00f3n de una pensi\u00f3n no contributiva u otro tipo de prestaciones. Cuando se trata de tramitar estos documentos, el principal obst\u00e1culo vuelve a ser el tiempo, porque ni la documentaci\u00f3n ni las visitas que hay que realizar son excesivas. Si lo hacen a trav\u00e9s de los servicios sociales de un municipio, es suficiente con cinco gestiones: entrevista inicial, cita m\u00e9dica, encuentro para aportar la documentaci\u00f3n necesaria, cita de valoraci\u00f3n y, finalmente, al recibir la resoluci\u00f3n, consulta para conocer los beneficios o, en caso de que sea negativa, para realizar una reclamaci\u00f3n.<\/p>\n<p>Siete de cada diez se aceptan<\/p>\n<p>Del total de solicitudes presentadas, en el 66 % de los casos se reconoce alg\u00fan grado de discapacidad, y de los que piden una revisi\u00f3n, el 84 % la obtienen. La media, en conjunto, es de un 73 % de respuestas positivas.<\/p>\n<p>\u00abCre\u00ed que esperar\u00eda un a\u00f1o, y al final es m\u00e1s\u00bb<\/p>\n<p>Tiene espondilitis anquilosante axial y perif\u00e9rica, porque le afecta tanto a la columna como a las articulaciones perif\u00e9ricas. Rosa, de 53 a\u00f1os, tiene una incapacidad total a nivel laboral. Trabajaba como aut\u00f3noma de dependienta de tienda y almac\u00e9n, y ahora est\u00e9 pendiente de que le reconozcan su grado de discapacidad. <\/p>\n<p>Su solicitud comenz\u00f3 en junio del a\u00f1o pasado, y desde entonces no ha tenido ning\u00fan avance. \u00abCre\u00eda que me tocaba un a\u00f1o de espera, pero es m\u00e1s. Acabo de ir a preguntar, cuando ya casi llevo un a\u00f1o, y me dijeron que estaban llamando a las personas de octubre del 2016, as\u00ed que no me lo puedo explicar\u00bb, cuenta esta vecina del barrio coru\u00f1\u00e9s de Monte Alto. Necesita el certificado para solicitar la tarjeta de aparcamiento, la tarjeta de bus y una ayuda econ\u00f3mica. Adem\u00e1s, con ella podr\u00e1 acudir a Cogami para valorar, en funci\u00f3n del grado que le reconozcan, qu\u00e9 tipo de trabajo podr\u00eda desempe\u00f1ar. \u00abLa minusval\u00eda te da la posibilidad de solicitar una ayuda, pero si los m\u00e9dicos no me valoran, no puedo hacerlo\u00bb, explica.<\/p>\n<p>Acaba de ser sometida a dos operaciones, una en la cadera y la otra a nivel cervical. Asegura que pr\u00e1cticamente no puede mover el cuello, lo que le provoca unos dolores musculares tremendos. Lamenta que hace unos meses la Xunta anunciase que los m\u00e9dicos del Sergas podr\u00edan, voluntariamente, hacer valoraciones de discapacidad, y que en la pr\u00e1ctica los tiempos sigan siendo tan lentos: \u00abLa \u00faltima vez que fui, despu\u00e9s de llevar esperando casi un a\u00f1o, me dijeron que no me pod\u00edan ni dar una fecha aproximada de cu\u00e1ndo me iban a llamar para la primera entrevista\u00bb, explica. De momento Rosa sigue a la espera, y tambi\u00e9n intentar\u00e1 que a nivel laboral le reconozcan la incapacidad absoluta, con mayor cobertura que la total.<\/p>\n<p><a href=\"http:\/\/www.lavozdegalicia.es\/noticia\/galicia\/2018\/05\/01\/xunta-admite-espera-valorar-discapacidad-duplica-pl\">www.lavozdegalicia.es\/noticia\/galicia\/2018\/05\/01\/xunta-admite-espera-valorar-discapacidad-duplica-pl<\/a><\/p>\n","protected":false},"excerpt":{"rendered":"<p>Pol\u00edtica Social ultima un paquete de medidas para aligerar una lista de 17.000 personas.<\/p>\n","protected":false},"author":1,"featured_media":0,"comment_status":"open","ping_status":"open","sticky":false,"template":"","format":"standard","meta":{"footnotes":""},"categories":[328,321],"tags":[],"class_list":["post-24651","post","type-post","status-publish","format-standard","hentry","category-noticiasboletin","category-noticiasdeinterespre2019"],"yoast_head":"<!-- This site is optimized with the Yoast SEO plugin v27.5 - https:\/\/yoast.com\/product\/yoast-seo-wordpress\/ -->\n<title>La Xunta admite que la espera para valorar la discapacidad duplica el plazo legal &#8211; Solidaridad Intergeneracional<\/title>\n<meta name=\"robots\" content=\"index, follow, max-snippet:-1, max-image-preview:large, max-video-preview:-1\" \/>\n<link rel=\"canonical\" href=\"https:\/\/solidaridadintergeneracional.es\/wp\/la-xunta-admite-que-la-espera-para-valorar-la-discapacidad-duplica-el-plazo-legal\/\" \/>\n<meta property=\"og:locale\" content=\"es_ES\" \/>\n<meta property=\"og:type\" content=\"article\" \/>\n<meta property=\"og:title\" content=\"La Xunta admite que la espera para valorar la discapacidad duplica el plazo legal &#8211; Solidaridad Intergeneracional\" \/>\n<meta property=\"og:description\" content=\"Pol\u00edtica Social ultima un paquete de medidas para aligerar una lista de 17.000 personas.\" \/>\n<meta property=\"og:url\" content=\"https:\/\/solidaridadintergeneracional.es\/wp\/la-xunta-admite-que-la-espera-para-valorar-la-discapacidad-duplica-el-plazo-legal\/\" \/>\n<meta property=\"og:site_name\" content=\"Solidaridad Intergeneracional\" \/>\n<meta property=\"article:publisher\" content=\"https:\/\/www.facebook.com\/SolidaridadIntergeneracional\/\" \/>\n<meta property=\"article:published_time\" content=\"2018-05-24T00:00:00+00:00\" \/>\n<meta name=\"author\" content=\"Solidaridad Intergeneracional\" \/>\n<meta name=\"twitter:card\" content=\"summary_large_image\" \/>\n<meta name=\"twitter:creator\" content=\"@E_Familia_\" \/>\n<meta name=\"twitter:site\" content=\"@E_Familia_\" \/>\n<meta name=\"twitter:label1\" content=\"Escrito por\" \/>\n\t<meta name=\"twitter:data1\" content=\"Solidaridad Intergeneracional\" \/>\n\t<meta name=\"twitter:label2\" content=\"Tiempo de lectura\" \/>\n\t<meta name=\"twitter:data2\" content=\"5 minutos\" \/>\n<script type=\"application\/ld+json\" class=\"yoast-schema-graph\">{\"@context\":\"https:\\\/\\\/schema.org\",\"@graph\":[{\"@type\":\"Article\",\"@id\":\"https:\\\/\\\/solidaridadintergeneracional.es\\\/wp\\\/la-xunta-admite-que-la-espera-para-valorar-la-discapacidad-duplica-el-plazo-legal\\\/#article\",\"isPartOf\":{\"@id\":\"https:\\\/\\\/solidaridadintergeneracional.es\\\/wp\\\/la-xunta-admite-que-la-espera-para-valorar-la-discapacidad-duplica-el-plazo-legal\\\/\"},\"author\":{\"name\":\"Solidaridad Intergeneracional\",\"@id\":\"https:\\\/\\\/solidaridadintergeneracional.es\\\/wp\\\/#\\\/schema\\\/person\\\/e8b31aad699715395f8afbf3f8755d51\"},\"headline\":\"La Xunta admite que la espera para valorar la discapacidad duplica el plazo legal\",\"datePublished\":\"2018-05-24T00:00:00+00:00\",\"mainEntityOfPage\":{\"@id\":\"https:\\\/\\\/solidaridadintergeneracional.es\\\/wp\\\/la-xunta-admite-que-la-espera-para-valorar-la-discapacidad-duplica-el-plazo-legal\\\/\"},\"wordCount\":1083,\"commentCount\":0,\"publisher\":{\"@id\":\"https:\\\/\\\/solidaridadintergeneracional.es\\\/wp\\\/#organization\"},\"articleSection\":[\"Noticias Bolet\u00edn\",\"Noticias de interes Pre 2019\"],\"inLanguage\":\"es\",\"potentialAction\":[{\"@type\":\"CommentAction\",\"name\":\"Comment\",\"target\":[\"https:\\\/\\\/solidaridadintergeneracional.es\\\/wp\\\/la-xunta-admite-que-la-espera-para-valorar-la-discapacidad-duplica-el-plazo-legal\\\/#respond\"]}]},{\"@type\":\"WebPage\",\"@id\":\"https:\\\/\\\/solidaridadintergeneracional.es\\\/wp\\\/la-xunta-admite-que-la-espera-para-valorar-la-discapacidad-duplica-el-plazo-legal\\\/\",\"url\":\"https:\\\/\\\/solidaridadintergeneracional.es\\\/wp\\\/la-xunta-admite-que-la-espera-para-valorar-la-discapacidad-duplica-el-plazo-legal\\\/\",\"name\":\"La Xunta admite que la espera para valorar la discapacidad duplica el plazo legal &#8211; Solidaridad Intergeneracional\",\"isPartOf\":{\"@id\":\"https:\\\/\\\/solidaridadintergeneracional.es\\\/wp\\\/#website\"},\"datePublished\":\"2018-05-24T00:00:00+00:00\",\"breadcrumb\":{\"@id\":\"https:\\\/\\\/solidaridadintergeneracional.es\\\/wp\\\/la-xunta-admite-que-la-espera-para-valorar-la-discapacidad-duplica-el-plazo-legal\\\/#breadcrumb\"},\"inLanguage\":\"es\",\"potentialAction\":[{\"@type\":\"ReadAction\",\"target\":[\"https:\\\/\\\/solidaridadintergeneracional.es\\\/wp\\\/la-xunta-admite-que-la-espera-para-valorar-la-discapacidad-duplica-el-plazo-legal\\\/\"]}]},{\"@type\":\"BreadcrumbList\",\"@id\":\"https:\\\/\\\/solidaridadintergeneracional.es\\\/wp\\\/la-xunta-admite-que-la-espera-para-valorar-la-discapacidad-duplica-el-plazo-legal\\\/#breadcrumb\",\"itemListElement\":[{\"@type\":\"ListItem\",\"position\":1,\"name\":\"Portada\",\"item\":\"https:\\\/\\\/solidaridadintergeneracional.es\\\/wp\\\/\"},{\"@type\":\"ListItem\",\"position\":2,\"name\":\"La Xunta admite que la espera para valorar la discapacidad duplica el plazo legal\"}]},{\"@type\":\"WebSite\",\"@id\":\"https:\\\/\\\/solidaridadintergeneracional.es\\\/wp\\\/#website\",\"url\":\"https:\\\/\\\/solidaridadintergeneracional.es\\\/wp\\\/\",\"name\":\"Solidaridad Intergeneracional\",\"description\":\"Toda la informaci\u00f3n sociosanitaria a tu servicio\",\"publisher\":{\"@id\":\"https:\\\/\\\/solidaridadintergeneracional.es\\\/wp\\\/#organization\"},\"potentialAction\":[{\"@type\":\"SearchAction\",\"target\":{\"@type\":\"EntryPoint\",\"urlTemplate\":\"https:\\\/\\\/solidaridadintergeneracional.es\\\/wp\\\/?s={search_term_string}\"},\"query-input\":{\"@type\":\"PropertyValueSpecification\",\"valueRequired\":true,\"valueName\":\"search_term_string\"}}],\"inLanguage\":\"es\"},{\"@type\":\"Organization\",\"@id\":\"https:\\\/\\\/solidaridadintergeneracional.es\\\/wp\\\/#organization\",\"name\":\"Solidaridad Intergeneracional\",\"url\":\"https:\\\/\\\/solidaridadintergeneracional.es\\\/wp\\\/\",\"logo\":{\"@type\":\"ImageObject\",\"inLanguage\":\"es\",\"@id\":\"https:\\\/\\\/solidaridadintergeneracional.es\\\/wp\\\/#\\\/schema\\\/logo\\\/image\\\/\",\"url\":\"https:\\\/\\\/solidaridadintergeneracional.es\\\/wp\\\/wp-content\\\/uploads\\\/2020\\\/02\\\/logo-solidaridad.963ff81b.png\",\"contentUrl\":\"https:\\\/\\\/solidaridadintergeneracional.es\\\/wp\\\/wp-content\\\/uploads\\\/2020\\\/02\\\/logo-solidaridad.963ff81b.png\",\"width\":825,\"height\":288,\"caption\":\"Solidaridad Intergeneracional\"},\"image\":{\"@id\":\"https:\\\/\\\/solidaridadintergeneracional.es\\\/wp\\\/#\\\/schema\\\/logo\\\/image\\\/\"},\"sameAs\":[\"https:\\\/\\\/www.facebook.com\\\/SolidaridadIntergeneracional\\\/\",\"https:\\\/\\\/x.com\\\/E_Familia_\",\"https:\\\/\\\/www.youtube.com\\\/channel\\\/UCt5BNW3Z7_ACkBDg_6ujXTQ\"]},{\"@type\":\"Person\",\"@id\":\"https:\\\/\\\/solidaridadintergeneracional.es\\\/wp\\\/#\\\/schema\\\/person\\\/e8b31aad699715395f8afbf3f8755d51\",\"name\":\"Solidaridad Intergeneracional\",\"image\":{\"@type\":\"ImageObject\",\"inLanguage\":\"es\",\"@id\":\"https:\\\/\\\/secure.gravatar.com\\\/avatar\\\/e18721a5c4aaa3fecf1fe45b5d7708a7037f8a862dbc28483b4cf55a6ac0fb56?s=96&d=mm&r=g\",\"url\":\"https:\\\/\\\/secure.gravatar.com\\\/avatar\\\/e18721a5c4aaa3fecf1fe45b5d7708a7037f8a862dbc28483b4cf55a6ac0fb56?s=96&d=mm&r=g\",\"contentUrl\":\"https:\\\/\\\/secure.gravatar.com\\\/avatar\\\/e18721a5c4aaa3fecf1fe45b5d7708a7037f8a862dbc28483b4cf55a6ac0fb56?s=96&d=mm&r=g\",\"caption\":\"Solidaridad Intergeneracional\"},\"url\":\"https:\\\/\\\/solidaridadintergeneracional.es\\\/wp\\\/author\\\/admin\\\/\"}]}<\/script>\n<!-- \/ Yoast SEO plugin. -->","yoast_head_json":{"title":"La Xunta admite que la espera para valorar la discapacidad duplica el plazo legal &#8211; Solidaridad Intergeneracional","robots":{"index":"index","follow":"follow","max-snippet":"max-snippet:-1","max-image-preview":"max-image-preview:large","max-video-preview":"max-video-preview:-1"},"canonical":"https:\/\/solidaridadintergeneracional.es\/wp\/la-xunta-admite-que-la-espera-para-valorar-la-discapacidad-duplica-el-plazo-legal\/","og_locale":"es_ES","og_type":"article","og_title":"La Xunta admite que la espera para valorar la discapacidad duplica el plazo legal &#8211; Solidaridad Intergeneracional","og_description":"Pol\u00edtica Social ultima un paquete de medidas para aligerar una lista de 17.000 personas.","og_url":"https:\/\/solidaridadintergeneracional.es\/wp\/la-xunta-admite-que-la-espera-para-valorar-la-discapacidad-duplica-el-plazo-legal\/","og_site_name":"Solidaridad Intergeneracional","article_publisher":"https:\/\/www.facebook.com\/SolidaridadIntergeneracional\/","article_published_time":"2018-05-24T00:00:00+00:00","author":"Solidaridad Intergeneracional","twitter_card":"summary_large_image","twitter_creator":"@E_Familia_","twitter_site":"@E_Familia_","twitter_misc":{"Escrito por":"Solidaridad Intergeneracional","Tiempo de lectura":"5 minutos"},"schema":{"@context":"https:\/\/schema.org","@graph":[{"@type":"Article","@id":"https:\/\/solidaridadintergeneracional.es\/wp\/la-xunta-admite-que-la-espera-para-valorar-la-discapacidad-duplica-el-plazo-legal\/#article","isPartOf":{"@id":"https:\/\/solidaridadintergeneracional.es\/wp\/la-xunta-admite-que-la-espera-para-valorar-la-discapacidad-duplica-el-plazo-legal\/"},"author":{"name":"Solidaridad Intergeneracional","@id":"https:\/\/solidaridadintergeneracional.es\/wp\/#\/schema\/person\/e8b31aad699715395f8afbf3f8755d51"},"headline":"La Xunta admite que la espera para valorar la discapacidad duplica el plazo legal","datePublished":"2018-05-24T00:00:00+00:00","mainEntityOfPage":{"@id":"https:\/\/solidaridadintergeneracional.es\/wp\/la-xunta-admite-que-la-espera-para-valorar-la-discapacidad-duplica-el-plazo-legal\/"},"wordCount":1083,"commentCount":0,"publisher":{"@id":"https:\/\/solidaridadintergeneracional.es\/wp\/#organization"},"articleSection":["Noticias Bolet\u00edn","Noticias de interes Pre 2019"],"inLanguage":"es","potentialAction":[{"@type":"CommentAction","name":"Comment","target":["https:\/\/solidaridadintergeneracional.es\/wp\/la-xunta-admite-que-la-espera-para-valorar-la-discapacidad-duplica-el-plazo-legal\/#respond"]}]},{"@type":"WebPage","@id":"https:\/\/solidaridadintergeneracional.es\/wp\/la-xunta-admite-que-la-espera-para-valorar-la-discapacidad-duplica-el-plazo-legal\/","url":"https:\/\/solidaridadintergeneracional.es\/wp\/la-xunta-admite-que-la-espera-para-valorar-la-discapacidad-duplica-el-plazo-legal\/","name":"La Xunta admite que la espera para valorar la discapacidad duplica el plazo legal &#8211; Solidaridad Intergeneracional","isPartOf":{"@id":"https:\/\/solidaridadintergeneracional.es\/wp\/#website"},"datePublished":"2018-05-24T00:00:00+00:00","breadcrumb":{"@id":"https:\/\/solidaridadintergeneracional.es\/wp\/la-xunta-admite-que-la-espera-para-valorar-la-discapacidad-duplica-el-plazo-legal\/#breadcrumb"},"inLanguage":"es","potentialAction":[{"@type":"ReadAction","target":["https:\/\/solidaridadintergeneracional.es\/wp\/la-xunta-admite-que-la-espera-para-valorar-la-discapacidad-duplica-el-plazo-legal\/"]}]},{"@type":"BreadcrumbList","@id":"https:\/\/solidaridadintergeneracional.es\/wp\/la-xunta-admite-que-la-espera-para-valorar-la-discapacidad-duplica-el-plazo-legal\/#breadcrumb","itemListElement":[{"@type":"ListItem","position":1,"name":"Portada","item":"https:\/\/solidaridadintergeneracional.es\/wp\/"},{"@type":"ListItem","position":2,"name":"La Xunta admite que la espera para valorar la discapacidad duplica el plazo legal"}]},{"@type":"WebSite","@id":"https:\/\/solidaridadintergeneracional.es\/wp\/#website","url":"https:\/\/solidaridadintergeneracional.es\/wp\/","name":"Solidaridad Intergeneracional","description":"Toda la informaci\u00f3n sociosanitaria a tu servicio","publisher":{"@id":"https:\/\/solidaridadintergeneracional.es\/wp\/#organization"},"potentialAction":[{"@type":"SearchAction","target":{"@type":"EntryPoint","urlTemplate":"https:\/\/solidaridadintergeneracional.es\/wp\/?s={search_term_string}"},"query-input":{"@type":"PropertyValueSpecification","valueRequired":true,"valueName":"search_term_string"}}],"inLanguage":"es"},{"@type":"Organization","@id":"https:\/\/solidaridadintergeneracional.es\/wp\/#organization","name":"Solidaridad Intergeneracional","url":"https:\/\/solidaridadintergeneracional.es\/wp\/","logo":{"@type":"ImageObject","inLanguage":"es","@id":"https:\/\/solidaridadintergeneracional.es\/wp\/#\/schema\/logo\/image\/","url":"https:\/\/solidaridadintergeneracional.es\/wp\/wp-content\/uploads\/2020\/02\/logo-solidaridad.963ff81b.png","contentUrl":"https:\/\/solidaridadintergeneracional.es\/wp\/wp-content\/uploads\/2020\/02\/logo-solidaridad.963ff81b.png","width":825,"height":288,"caption":"Solidaridad Intergeneracional"},"image":{"@id":"https:\/\/solidaridadintergeneracional.es\/wp\/#\/schema\/logo\/image\/"},"sameAs":["https:\/\/www.facebook.com\/SolidaridadIntergeneracional\/","https:\/\/x.com\/E_Familia_","https:\/\/www.youtube.com\/channel\/UCt5BNW3Z7_ACkBDg_6ujXTQ"]},{"@type":"Person","@id":"https:\/\/solidaridadintergeneracional.es\/wp\/#\/schema\/person\/e8b31aad699715395f8afbf3f8755d51","name":"Solidaridad Intergeneracional","image":{"@type":"ImageObject","inLanguage":"es","@id":"https:\/\/secure.gravatar.com\/avatar\/e18721a5c4aaa3fecf1fe45b5d7708a7037f8a862dbc28483b4cf55a6ac0fb56?s=96&d=mm&r=g","url":"https:\/\/secure.gravatar.com\/avatar\/e18721a5c4aaa3fecf1fe45b5d7708a7037f8a862dbc28483b4cf55a6ac0fb56?s=96&d=mm&r=g","contentUrl":"https:\/\/secure.gravatar.com\/avatar\/e18721a5c4aaa3fecf1fe45b5d7708a7037f8a862dbc28483b4cf55a6ac0fb56?s=96&d=mm&r=g","caption":"Solidaridad Intergeneracional"},"url":"https:\/\/solidaridadintergeneracional.es\/wp\/author\/admin\/"}]}},"_links":{"self":[{"href":"https:\/\/solidaridadintergeneracional.es\/wp\/wp-json\/wp\/v2\/posts\/24651","targetHints":{"allow":["GET"]}}],"collection":[{"href":"https:\/\/solidaridadintergeneracional.es\/wp\/wp-json\/wp\/v2\/posts"}],"about":[{"href":"https:\/\/solidaridadintergeneracional.es\/wp\/wp-json\/wp\/v2\/types\/post"}],"author":[{"embeddable":true,"href":"https:\/\/solidaridadintergeneracional.es\/wp\/wp-json\/wp\/v2\/users\/1"}],"replies":[{"embeddable":true,"href":"https:\/\/solidaridadintergeneracional.es\/wp\/wp-json\/wp\/v2\/comments?post=24651"}],"version-history":[{"count":0,"href":"https:\/\/solidaridadintergeneracional.es\/wp\/wp-json\/wp\/v2\/posts\/24651\/revisions"}],"wp:attachment":[{"href":"https:\/\/solidaridadintergeneracional.es\/wp\/wp-json\/wp\/v2\/media?parent=24651"}],"wp:term":[{"taxonomy":"category","embeddable":true,"href":"https:\/\/solidaridadintergeneracional.es\/wp\/wp-json\/wp\/v2\/categories?post=24651"},{"taxonomy":"post_tag","embeddable":true,"href":"https:\/\/solidaridadintergeneracional.es\/wp\/wp-json\/wp\/v2\/tags?post=24651"}],"curies":[{"name":"wp","href":"https:\/\/api.w.org\/{rel}","templated":true}]}}