{"id":24470,"date":"2017-12-12T00:00:00","date_gmt":"2017-12-12T00:00:00","guid":{"rendered":"http:\/\/efamilia.es\/wp\/vivir-en-pareja-nos-protege-frente-a-la-demencia\/"},"modified":"2017-12-12T00:00:00","modified_gmt":"2017-12-12T00:00:00","slug":"vivir-en-pareja-nos-protege-frente-a-la-demencia","status":"publish","type":"post","link":"https:\/\/solidaridadintergeneracional.es\/wp\/vivir-en-pareja-nos-protege-frente-a-la-demencia\/","title":{"rendered":"Vivir en pareja nos protege frente a la demencia"},"content":{"rendered":"<h4>Un estudio publicado en \u00abJournal of Neurology Neurosurgery &#038; Psychiatry\u00bb muestra que el matrimonio puede reducir el riesgo de desarrollar demencia.<\/h4>\n<p>ABCSALUD<\/p>\n<p>Los &#8216;solterones&#8217; y viudos tienen un mayor riesgo de desarrollar demencia; por el contrario las personas que viven en pareja parece estar protegidas, indica un estudio publicado en el \u00abJournal of Neurology Neurosurgery &#038; Psychiatry\u00bb que ha analizado a m\u00e1s de 800.000 participantes de 15 distintos estudios realizados en Europa, Am\u00e9rica del Norte, Am\u00e9rica del Sur y Asia.<\/p>\n<p>Los datos del trabajo muestran que, en comparaci\u00f3n con los que estaban casados, los &#8216;solitarios&#8217; ten\u00edan un 42 por ciento m\u00e1s de probabilidades de desarrollar demencia. Parte de este riesgo, aseguan los investigadores, podr\u00eda explicarse por una peor salud f\u00edsica entre personas solteras. Sin embargo, los estudios m\u00e1s recientes, que incluyeron personas nacidas despu\u00e9s de 1927, indicaron un riesgo del 24 por ciento, lo que sugiere una disminuci\u00f3n de este asociaci\u00f3n, pero no est\u00e1 claro por qu\u00e9.<\/p>\n<p>Seg\u00fan el estudio, los viudos ten\u00edan un 20 por ciento m\u00e1s de probabilidades de desarrollar demencia que las personas casadas.<\/p>\n<p>En un editorial , Christopher Chen y Vincent Mok, de, respectivamente, la Universidad Nacional de Singapur y la Universidad China de Hong Kong, sugieren que se deber\u00eda modificar la lista de factores de riesgo modificables para la demencia. Ahora bien, advierten, el descubrimiento de factores de riesgo potencialmente modificables no significa que la demencia se pueda evitar f\u00e1cilmente.<\/p>\n<p><a href=\"http:\/\/sevilla.abc.es\/salud\/habitos-vida-saludable\/abci-vivir-pareja-protege-frente-demencia-201711290212_n\">sevilla.abc.es\/salud\/habitos-vida-saludable\/abci-vivir-pareja-protege-frente-demencia-201711290212_n<\/a><\/p>\n","protected":false},"excerpt":{"rendered":"<p>Un estudio publicado en \u00abJournal of Neurology Neurosurgery &#038; Psychiatry\u00bb muestra que el matrimonio puede reducir el riesgo de desarrollar demencia.<\/p>\n","protected":false},"author":1,"featured_media":0,"comment_status":"open","ping_status":"open","sticky":false,"template":"","format":"standard","meta":{"footnotes":""},"categories":[328,321],"tags":[],"class_list":["post-24470","post","type-post","status-publish","format-standard","hentry","category-noticiasboletin","category-noticiasdeinterespre2019"],"yoast_head":"<!-- This site is optimized with the Yoast SEO plugin v27.5 - https:\/\/yoast.com\/product\/yoast-seo-wordpress\/ -->\n<title>Vivir en pareja nos protege frente a la demencia &#8211; Solidaridad Intergeneracional<\/title>\n<meta name=\"robots\" content=\"index, follow, max-snippet:-1, max-image-preview:large, max-video-preview:-1\" \/>\n<link rel=\"canonical\" href=\"https:\/\/solidaridadintergeneracional.es\/wp\/vivir-en-pareja-nos-protege-frente-a-la-demencia\/\" \/>\n<meta property=\"og:locale\" content=\"es_ES\" \/>\n<meta property=\"og:type\" content=\"article\" \/>\n<meta property=\"og:title\" content=\"Vivir en pareja nos protege frente a la demencia &#8211; Solidaridad Intergeneracional\" \/>\n<meta property=\"og:description\" content=\"Un estudio publicado en \u00abJournal of Neurology Neurosurgery &amp; Psychiatry\u00bb muestra que el matrimonio puede reducir el riesgo de desarrollar demencia.\" \/>\n<meta property=\"og:url\" content=\"https:\/\/solidaridadintergeneracional.es\/wp\/vivir-en-pareja-nos-protege-frente-a-la-demencia\/\" \/>\n<meta property=\"og:site_name\" content=\"Solidaridad Intergeneracional\" \/>\n<meta property=\"article:publisher\" content=\"https:\/\/www.facebook.com\/SolidaridadIntergeneracional\/\" \/>\n<meta property=\"article:published_time\" content=\"2017-12-12T00:00:00+00:00\" \/>\n<meta name=\"author\" content=\"Solidaridad Intergeneracional\" \/>\n<meta name=\"twitter:card\" content=\"summary_large_image\" \/>\n<meta name=\"twitter:creator\" content=\"@E_Familia_\" \/>\n<meta name=\"twitter:site\" content=\"@E_Familia_\" \/>\n<meta name=\"twitter:label1\" content=\"Escrito por\" \/>\n\t<meta name=\"twitter:data1\" content=\"Solidaridad Intergeneracional\" \/>\n\t<meta name=\"twitter:label2\" content=\"Tiempo de lectura\" \/>\n\t<meta name=\"twitter:data2\" content=\"1 minuto\" \/>\n<script type=\"application\/ld+json\" class=\"yoast-schema-graph\">{\"@context\":\"https:\\\/\\\/schema.org\",\"@graph\":[{\"@type\":\"Article\",\"@id\":\"https:\\\/\\\/solidaridadintergeneracional.es\\\/wp\\\/vivir-en-pareja-nos-protege-frente-a-la-demencia\\\/#article\",\"isPartOf\":{\"@id\":\"https:\\\/\\\/solidaridadintergeneracional.es\\\/wp\\\/vivir-en-pareja-nos-protege-frente-a-la-demencia\\\/\"},\"author\":{\"name\":\"Solidaridad Intergeneracional\",\"@id\":\"https:\\\/\\\/solidaridadintergeneracional.es\\\/wp\\\/#\\\/schema\\\/person\\\/e8b31aad699715395f8afbf3f8755d51\"},\"headline\":\"Vivir en pareja nos protege frente a la demencia\",\"datePublished\":\"2017-12-12T00:00:00+00:00\",\"mainEntityOfPage\":{\"@id\":\"https:\\\/\\\/solidaridadintergeneracional.es\\\/wp\\\/vivir-en-pareja-nos-protege-frente-a-la-demencia\\\/\"},\"wordCount\":259,\"commentCount\":0,\"publisher\":{\"@id\":\"https:\\\/\\\/solidaridadintergeneracional.es\\\/wp\\\/#organization\"},\"articleSection\":[\"Noticias Bolet\u00edn\",\"Noticias de interes Pre 2019\"],\"inLanguage\":\"es\",\"potentialAction\":[{\"@type\":\"CommentAction\",\"name\":\"Comment\",\"target\":[\"https:\\\/\\\/solidaridadintergeneracional.es\\\/wp\\\/vivir-en-pareja-nos-protege-frente-a-la-demencia\\\/#respond\"]}]},{\"@type\":\"WebPage\",\"@id\":\"https:\\\/\\\/solidaridadintergeneracional.es\\\/wp\\\/vivir-en-pareja-nos-protege-frente-a-la-demencia\\\/\",\"url\":\"https:\\\/\\\/solidaridadintergeneracional.es\\\/wp\\\/vivir-en-pareja-nos-protege-frente-a-la-demencia\\\/\",\"name\":\"Vivir en pareja nos protege frente a la demencia &#8211; Solidaridad Intergeneracional\",\"isPartOf\":{\"@id\":\"https:\\\/\\\/solidaridadintergeneracional.es\\\/wp\\\/#website\"},\"datePublished\":\"2017-12-12T00:00:00+00:00\",\"breadcrumb\":{\"@id\":\"https:\\\/\\\/solidaridadintergeneracional.es\\\/wp\\\/vivir-en-pareja-nos-protege-frente-a-la-demencia\\\/#breadcrumb\"},\"inLanguage\":\"es\",\"potentialAction\":[{\"@type\":\"ReadAction\",\"target\":[\"https:\\\/\\\/solidaridadintergeneracional.es\\\/wp\\\/vivir-en-pareja-nos-protege-frente-a-la-demencia\\\/\"]}]},{\"@type\":\"BreadcrumbList\",\"@id\":\"https:\\\/\\\/solidaridadintergeneracional.es\\\/wp\\\/vivir-en-pareja-nos-protege-frente-a-la-demencia\\\/#breadcrumb\",\"itemListElement\":[{\"@type\":\"ListItem\",\"position\":1,\"name\":\"Portada\",\"item\":\"https:\\\/\\\/solidaridadintergeneracional.es\\\/wp\\\/\"},{\"@type\":\"ListItem\",\"position\":2,\"name\":\"Vivir en pareja nos protege frente a la demencia\"}]},{\"@type\":\"WebSite\",\"@id\":\"https:\\\/\\\/solidaridadintergeneracional.es\\\/wp\\\/#website\",\"url\":\"https:\\\/\\\/solidaridadintergeneracional.es\\\/wp\\\/\",\"name\":\"Solidaridad Intergeneracional\",\"description\":\"Toda la informaci\u00f3n sociosanitaria a tu servicio\",\"publisher\":{\"@id\":\"https:\\\/\\\/solidaridadintergeneracional.es\\\/wp\\\/#organization\"},\"potentialAction\":[{\"@type\":\"SearchAction\",\"target\":{\"@type\":\"EntryPoint\",\"urlTemplate\":\"https:\\\/\\\/solidaridadintergeneracional.es\\\/wp\\\/?s={search_term_string}\"},\"query-input\":{\"@type\":\"PropertyValueSpecification\",\"valueRequired\":true,\"valueName\":\"search_term_string\"}}],\"inLanguage\":\"es\"},{\"@type\":\"Organization\",\"@id\":\"https:\\\/\\\/solidaridadintergeneracional.es\\\/wp\\\/#organization\",\"name\":\"Solidaridad Intergeneracional\",\"url\":\"https:\\\/\\\/solidaridadintergeneracional.es\\\/wp\\\/\",\"logo\":{\"@type\":\"ImageObject\",\"inLanguage\":\"es\",\"@id\":\"https:\\\/\\\/solidaridadintergeneracional.es\\\/wp\\\/#\\\/schema\\\/logo\\\/image\\\/\",\"url\":\"https:\\\/\\\/solidaridadintergeneracional.es\\\/wp\\\/wp-content\\\/uploads\\\/2020\\\/02\\\/logo-solidaridad.963ff81b.png\",\"contentUrl\":\"https:\\\/\\\/solidaridadintergeneracional.es\\\/wp\\\/wp-content\\\/uploads\\\/2020\\\/02\\\/logo-solidaridad.963ff81b.png\",\"width\":825,\"height\":288,\"caption\":\"Solidaridad Intergeneracional\"},\"image\":{\"@id\":\"https:\\\/\\\/solidaridadintergeneracional.es\\\/wp\\\/#\\\/schema\\\/logo\\\/image\\\/\"},\"sameAs\":[\"https:\\\/\\\/www.facebook.com\\\/SolidaridadIntergeneracional\\\/\",\"https:\\\/\\\/x.com\\\/E_Familia_\",\"https:\\\/\\\/www.youtube.com\\\/channel\\\/UCt5BNW3Z7_ACkBDg_6ujXTQ\"]},{\"@type\":\"Person\",\"@id\":\"https:\\\/\\\/solidaridadintergeneracional.es\\\/wp\\\/#\\\/schema\\\/person\\\/e8b31aad699715395f8afbf3f8755d51\",\"name\":\"Solidaridad Intergeneracional\",\"image\":{\"@type\":\"ImageObject\",\"inLanguage\":\"es\",\"@id\":\"https:\\\/\\\/secure.gravatar.com\\\/avatar\\\/e18721a5c4aaa3fecf1fe45b5d7708a7037f8a862dbc28483b4cf55a6ac0fb56?s=96&d=mm&r=g\",\"url\":\"https:\\\/\\\/secure.gravatar.com\\\/avatar\\\/e18721a5c4aaa3fecf1fe45b5d7708a7037f8a862dbc28483b4cf55a6ac0fb56?s=96&d=mm&r=g\",\"contentUrl\":\"https:\\\/\\\/secure.gravatar.com\\\/avatar\\\/e18721a5c4aaa3fecf1fe45b5d7708a7037f8a862dbc28483b4cf55a6ac0fb56?s=96&d=mm&r=g\",\"caption\":\"Solidaridad Intergeneracional\"},\"url\":\"https:\\\/\\\/solidaridadintergeneracional.es\\\/wp\\\/author\\\/admin\\\/\"}]}<\/script>\n<!-- \/ Yoast SEO plugin. -->","yoast_head_json":{"title":"Vivir en pareja nos protege frente a la demencia &#8211; Solidaridad Intergeneracional","robots":{"index":"index","follow":"follow","max-snippet":"max-snippet:-1","max-image-preview":"max-image-preview:large","max-video-preview":"max-video-preview:-1"},"canonical":"https:\/\/solidaridadintergeneracional.es\/wp\/vivir-en-pareja-nos-protege-frente-a-la-demencia\/","og_locale":"es_ES","og_type":"article","og_title":"Vivir en pareja nos protege frente a la demencia &#8211; Solidaridad Intergeneracional","og_description":"Un estudio publicado en \u00abJournal of Neurology Neurosurgery & Psychiatry\u00bb muestra que el matrimonio puede reducir el riesgo de desarrollar demencia.","og_url":"https:\/\/solidaridadintergeneracional.es\/wp\/vivir-en-pareja-nos-protege-frente-a-la-demencia\/","og_site_name":"Solidaridad Intergeneracional","article_publisher":"https:\/\/www.facebook.com\/SolidaridadIntergeneracional\/","article_published_time":"2017-12-12T00:00:00+00:00","author":"Solidaridad Intergeneracional","twitter_card":"summary_large_image","twitter_creator":"@E_Familia_","twitter_site":"@E_Familia_","twitter_misc":{"Escrito por":"Solidaridad Intergeneracional","Tiempo de lectura":"1 minuto"},"schema":{"@context":"https:\/\/schema.org","@graph":[{"@type":"Article","@id":"https:\/\/solidaridadintergeneracional.es\/wp\/vivir-en-pareja-nos-protege-frente-a-la-demencia\/#article","isPartOf":{"@id":"https:\/\/solidaridadintergeneracional.es\/wp\/vivir-en-pareja-nos-protege-frente-a-la-demencia\/"},"author":{"name":"Solidaridad Intergeneracional","@id":"https:\/\/solidaridadintergeneracional.es\/wp\/#\/schema\/person\/e8b31aad699715395f8afbf3f8755d51"},"headline":"Vivir en pareja nos protege frente a la demencia","datePublished":"2017-12-12T00:00:00+00:00","mainEntityOfPage":{"@id":"https:\/\/solidaridadintergeneracional.es\/wp\/vivir-en-pareja-nos-protege-frente-a-la-demencia\/"},"wordCount":259,"commentCount":0,"publisher":{"@id":"https:\/\/solidaridadintergeneracional.es\/wp\/#organization"},"articleSection":["Noticias Bolet\u00edn","Noticias de interes Pre 2019"],"inLanguage":"es","potentialAction":[{"@type":"CommentAction","name":"Comment","target":["https:\/\/solidaridadintergeneracional.es\/wp\/vivir-en-pareja-nos-protege-frente-a-la-demencia\/#respond"]}]},{"@type":"WebPage","@id":"https:\/\/solidaridadintergeneracional.es\/wp\/vivir-en-pareja-nos-protege-frente-a-la-demencia\/","url":"https:\/\/solidaridadintergeneracional.es\/wp\/vivir-en-pareja-nos-protege-frente-a-la-demencia\/","name":"Vivir en pareja nos protege frente a la demencia &#8211; Solidaridad Intergeneracional","isPartOf":{"@id":"https:\/\/solidaridadintergeneracional.es\/wp\/#website"},"datePublished":"2017-12-12T00:00:00+00:00","breadcrumb":{"@id":"https:\/\/solidaridadintergeneracional.es\/wp\/vivir-en-pareja-nos-protege-frente-a-la-demencia\/#breadcrumb"},"inLanguage":"es","potentialAction":[{"@type":"ReadAction","target":["https:\/\/solidaridadintergeneracional.es\/wp\/vivir-en-pareja-nos-protege-frente-a-la-demencia\/"]}]},{"@type":"BreadcrumbList","@id":"https:\/\/solidaridadintergeneracional.es\/wp\/vivir-en-pareja-nos-protege-frente-a-la-demencia\/#breadcrumb","itemListElement":[{"@type":"ListItem","position":1,"name":"Portada","item":"https:\/\/solidaridadintergeneracional.es\/wp\/"},{"@type":"ListItem","position":2,"name":"Vivir en pareja nos protege frente a la demencia"}]},{"@type":"WebSite","@id":"https:\/\/solidaridadintergeneracional.es\/wp\/#website","url":"https:\/\/solidaridadintergeneracional.es\/wp\/","name":"Solidaridad Intergeneracional","description":"Toda la informaci\u00f3n sociosanitaria a tu servicio","publisher":{"@id":"https:\/\/solidaridadintergeneracional.es\/wp\/#organization"},"potentialAction":[{"@type":"SearchAction","target":{"@type":"EntryPoint","urlTemplate":"https:\/\/solidaridadintergeneracional.es\/wp\/?s={search_term_string}"},"query-input":{"@type":"PropertyValueSpecification","valueRequired":true,"valueName":"search_term_string"}}],"inLanguage":"es"},{"@type":"Organization","@id":"https:\/\/solidaridadintergeneracional.es\/wp\/#organization","name":"Solidaridad Intergeneracional","url":"https:\/\/solidaridadintergeneracional.es\/wp\/","logo":{"@type":"ImageObject","inLanguage":"es","@id":"https:\/\/solidaridadintergeneracional.es\/wp\/#\/schema\/logo\/image\/","url":"https:\/\/solidaridadintergeneracional.es\/wp\/wp-content\/uploads\/2020\/02\/logo-solidaridad.963ff81b.png","contentUrl":"https:\/\/solidaridadintergeneracional.es\/wp\/wp-content\/uploads\/2020\/02\/logo-solidaridad.963ff81b.png","width":825,"height":288,"caption":"Solidaridad Intergeneracional"},"image":{"@id":"https:\/\/solidaridadintergeneracional.es\/wp\/#\/schema\/logo\/image\/"},"sameAs":["https:\/\/www.facebook.com\/SolidaridadIntergeneracional\/","https:\/\/x.com\/E_Familia_","https:\/\/www.youtube.com\/channel\/UCt5BNW3Z7_ACkBDg_6ujXTQ"]},{"@type":"Person","@id":"https:\/\/solidaridadintergeneracional.es\/wp\/#\/schema\/person\/e8b31aad699715395f8afbf3f8755d51","name":"Solidaridad Intergeneracional","image":{"@type":"ImageObject","inLanguage":"es","@id":"https:\/\/secure.gravatar.com\/avatar\/e18721a5c4aaa3fecf1fe45b5d7708a7037f8a862dbc28483b4cf55a6ac0fb56?s=96&d=mm&r=g","url":"https:\/\/secure.gravatar.com\/avatar\/e18721a5c4aaa3fecf1fe45b5d7708a7037f8a862dbc28483b4cf55a6ac0fb56?s=96&d=mm&r=g","contentUrl":"https:\/\/secure.gravatar.com\/avatar\/e18721a5c4aaa3fecf1fe45b5d7708a7037f8a862dbc28483b4cf55a6ac0fb56?s=96&d=mm&r=g","caption":"Solidaridad Intergeneracional"},"url":"https:\/\/solidaridadintergeneracional.es\/wp\/author\/admin\/"}]}},"_links":{"self":[{"href":"https:\/\/solidaridadintergeneracional.es\/wp\/wp-json\/wp\/v2\/posts\/24470","targetHints":{"allow":["GET"]}}],"collection":[{"href":"https:\/\/solidaridadintergeneracional.es\/wp\/wp-json\/wp\/v2\/posts"}],"about":[{"href":"https:\/\/solidaridadintergeneracional.es\/wp\/wp-json\/wp\/v2\/types\/post"}],"author":[{"embeddable":true,"href":"https:\/\/solidaridadintergeneracional.es\/wp\/wp-json\/wp\/v2\/users\/1"}],"replies":[{"embeddable":true,"href":"https:\/\/solidaridadintergeneracional.es\/wp\/wp-json\/wp\/v2\/comments?post=24470"}],"version-history":[{"count":0,"href":"https:\/\/solidaridadintergeneracional.es\/wp\/wp-json\/wp\/v2\/posts\/24470\/revisions"}],"wp:attachment":[{"href":"https:\/\/solidaridadintergeneracional.es\/wp\/wp-json\/wp\/v2\/media?parent=24470"}],"wp:term":[{"taxonomy":"category","embeddable":true,"href":"https:\/\/solidaridadintergeneracional.es\/wp\/wp-json\/wp\/v2\/categories?post=24470"},{"taxonomy":"post_tag","embeddable":true,"href":"https:\/\/solidaridadintergeneracional.es\/wp\/wp-json\/wp\/v2\/tags?post=24470"}],"curies":[{"name":"wp","href":"https:\/\/api.w.org\/{rel}","templated":true}]}}