{"id":24294,"date":"2017-08-08T00:00:00","date_gmt":"2017-08-08T00:00:00","guid":{"rendered":"http:\/\/efamilia.es\/wp\/la-terapia-con-perros-mejora-la-autoestima-de-las-personas-mayores-pasan-de-ser-cuidados-a-ser-cuidadores\/"},"modified":"2017-08-08T00:00:00","modified_gmt":"2017-08-08T00:00:00","slug":"la-terapia-con-perros-mejora-la-autoestima-de-las-personas-mayores-pasan-de-ser-cuidados-a-ser-cuidadores","status":"publish","type":"post","link":"https:\/\/solidaridadintergeneracional.es\/wp\/la-terapia-con-perros-mejora-la-autoestima-de-las-personas-mayores-pasan-de-ser-cuidados-a-ser-cuidadores\/","title":{"rendered":"\u201cLa terapia con perros mejora la autoestima de las personas mayores, pasan de ser cuidados a ser cuidadores\u201d"},"content":{"rendered":"<h4>Se trata de una actividad que busca mejorar la salud y el bienestar de los mayores, con la particularidad de que se utilizan perros como est\u00edmulo.<\/h4>\n<p>ALAIN MAORTUA (Terapeuta del Centro Gerontol\u00f3gico \u201cEgogain\u201d de Guip\u00fazcoa)<\/p>\n<p>El servicio, ubicado en Eibar (Guip\u00fazcoa), lleva realizando 10 a\u00f1os y de forma ininterrumpida las sesiones de Terapia Asistida con Animales dirigidas a personas mayores dependientes. Se trata de una actividad con resultados muy satisfactorios, y con la que disfrutan mucho las personas mayores. Las sesiones se enmarcan en el Programa de Atenci\u00f3n Psicosocial del centro, gestionado por la Fundaci\u00f3n Salud y Comunidad (FSC) y el Grupo Lagunduz. El servicio pertenece a la Diputaci\u00f3n Foral de Guip\u00fazcoa.<\/p>\n<p>Se ha comprobado que los animales de compa\u00f1\u00eda satisfacen diferentes necesidades de las personas mayores. \u00bfEn qu\u00e9 consiste esta actividad y qu\u00e9 aspectos se trabajan a trav\u00e9s de ella?<\/p>\n<p>Esta actividad es como cualquier otra terapia que se aplica con las personas mayores. Se trata de una actividad que busca mejorar su salud y su bienestar, pero con la particularidad de que se utilizan, en mi caso particular durante estas sesiones, perros como est\u00edmulo.<\/p>\n<p>Los perros son animales sociales, les encanta estar con las personas, siempre y cuando tengan la socializaci\u00f3n adecuada y tambi\u00e9n act\u00faan como puente, como facilitadores de las relaciones y sobre todo, motivan a que los mayores participen. Por otra parte, act\u00faan como est\u00edmulo para mantener y mejorar las habilidades sociales y sobre todo, para dar y recibir cari\u00f1o.<\/p>\n<p>\u00bfCu\u00e1les son los objetivos principales de la actividad?<\/p>\n<p>El objetivo principal de la actividad es que los mayores se lo pasen bien, que disfruten, porque de esta manera todo lo dem\u00e1s viene rodado. En funci\u00f3n del deterioro cognitivo que tengan, buscamos unos objetivos concretos u otros. Con los mayores que est\u00e1n mejor, trabajamos m\u00e1s ejercicios grupales y con los que presentan un deterioro mayor, llevamos a cabo actividades motrices m\u00e1s concretas que conllevan una mayor interacci\u00f3n, como acariciar a los animales, cepillarlos, abrazarlos, etc.<\/p>\n<p>\u00bfCu\u00e1ntos mayores integran el grupo de trabajo y qu\u00e9 respuesta tiene la actividad en ellos?<\/p>\n<p>Los grupos normalmente suelen ser de entre 7 y 10 personas, ello tambi\u00e9n est\u00e1 en funci\u00f3n del deterioro. Hay grupos con mayores que presentan mayor deterioro, en este caso procuramos que estos grupos sean menores porque la atenci\u00f3n es un poquito m\u00e1s individualizada. Y la respuesta es muy buena. En general, son personas que han tenido perro en casa, son amantes de los animales y, por ello, ya tienen una buena predisposici\u00f3n, est\u00e1n esperando que llegue ese momento. Tambi\u00e9n tengo alg\u00fan participante que ten\u00eda miedo a los perros y ahora es de los que mejor responde a la actividad.<\/p>\n<p>\u00bfC\u00f3mo ayuda espec\u00edficamente la terapia con perros a las personas mayores?<\/p>\n<p>Sobre todo mejora la autoestima, pasan de ser cuidados a ser cuidadores, ah\u00ed hay una diferencia muy importante y ellos eso lo agradecen mucho. Tambi\u00e9n trabajamos mucho las habilidades de comunicaci\u00f3n, la memoria; por otra parte, tambi\u00e9n la reminiscencia, ayudando a mantener la identidad personal de los mayores y sobre todo, otorg\u00e1ndoles mayor confianza a ellos mismos. Tambi\u00e9n, con esta actividad, podemos incidir en reducir los niveles de ansiedad o dar y recibir cari\u00f1o que es algo que a m\u00ed me gusta destacar especialmente.<\/p>\n<p>Dado que se trata de una actividad que se est\u00e1 desarrollando en el Centro Gerontol\u00f3gico \u201cEgogain\u201d desde hace 10 a\u00f1os. \u00bfQu\u00e9 balance haces del trabajo realizado hasta el momento?<\/p>\n<p>El balance es muy bueno, el haber cumplido 10 a\u00f1os de actividad de forma ininterrumpida lo dice todo. Han sido ya m\u00e1s de 2.000 sesiones las que hemos realizado y seguimos adelante, entonces la valoraci\u00f3n no puede ser m\u00e1s que positiva.<\/p>\n<p>Para finalizar, \u00bfalg\u00fan reto de futuro en la actividad de Terapia Asistida con Animales que nos puedas adelantar?<\/p>\n<p>Para m\u00ed un reto muy interesante ser\u00eda seguir expandiendo la actividad a otros colectivos. En mi caso, trabajo con personas mayores, pero tambi\u00e9n con personas con discapacidad intelectual y he participado tambi\u00e9n en proyectos de reinserci\u00f3n de presos, ser\u00eda ideal que no limit\u00e1ramos esta actividad a un colectivo concreto para que muchos otros se puedan beneficiar.<\/p>\n<p><a href=\"http:\/\/www.fsyc.org\/prensa\/la-terapia-con-perros-mejora-la-autoestima-de-las-personas-mayores-pasan-de-ser-\">www.fsyc.org\/prensa\/la-terapia-con-perros-mejora-la-autoestima-de-las-personas-mayores-pasan-de-ser-<\/a><\/p>\n","protected":false},"excerpt":{"rendered":"<p>Se trata de una actividad que busca mejorar la salud y el bienestar de los mayores, con la particularidad de que se utilizan perros como est\u00edmulo.<\/p>\n","protected":false},"author":1,"featured_media":0,"comment_status":"open","ping_status":"open","sticky":false,"template":"","format":"standard","meta":{"footnotes":""},"categories":[328,321],"tags":[],"class_list":["post-24294","post","type-post","status-publish","format-standard","hentry","category-noticiasboletin","category-noticiasdeinterespre2019"],"yoast_head":"<!-- This site is optimized with the Yoast SEO plugin v27.5 - https:\/\/yoast.com\/product\/yoast-seo-wordpress\/ -->\n<title>\u201cLa terapia con perros mejora la autoestima de las personas mayores, pasan de ser cuidados a ser cuidadores\u201d &#8211; Solidaridad Intergeneracional<\/title>\n<meta name=\"robots\" content=\"index, follow, max-snippet:-1, max-image-preview:large, max-video-preview:-1\" \/>\n<link rel=\"canonical\" href=\"https:\/\/solidaridadintergeneracional.es\/wp\/la-terapia-con-perros-mejora-la-autoestima-de-las-personas-mayores-pasan-de-ser-cuidados-a-ser-cuidadores\/\" \/>\n<meta property=\"og:locale\" content=\"es_ES\" \/>\n<meta property=\"og:type\" content=\"article\" \/>\n<meta property=\"og:title\" content=\"\u201cLa terapia con perros mejora la autoestima de las personas mayores, pasan de ser cuidados a ser cuidadores\u201d &#8211; Solidaridad Intergeneracional\" \/>\n<meta property=\"og:description\" content=\"Se trata de una actividad que busca mejorar la salud y el bienestar de los mayores, con la particularidad de que se utilizan perros como est\u00edmulo.\" \/>\n<meta property=\"og:url\" content=\"https:\/\/solidaridadintergeneracional.es\/wp\/la-terapia-con-perros-mejora-la-autoestima-de-las-personas-mayores-pasan-de-ser-cuidados-a-ser-cuidadores\/\" \/>\n<meta property=\"og:site_name\" content=\"Solidaridad Intergeneracional\" \/>\n<meta property=\"article:publisher\" content=\"https:\/\/www.facebook.com\/SolidaridadIntergeneracional\/\" \/>\n<meta property=\"article:published_time\" content=\"2017-08-08T00:00:00+00:00\" \/>\n<meta name=\"author\" content=\"Solidaridad Intergeneracional\" \/>\n<meta name=\"twitter:card\" content=\"summary_large_image\" \/>\n<meta name=\"twitter:creator\" content=\"@E_Familia_\" \/>\n<meta name=\"twitter:site\" content=\"@E_Familia_\" \/>\n<meta name=\"twitter:label1\" content=\"Escrito por\" \/>\n\t<meta name=\"twitter:data1\" content=\"Solidaridad Intergeneracional\" \/>\n\t<meta name=\"twitter:label2\" content=\"Tiempo de lectura\" \/>\n\t<meta name=\"twitter:data2\" content=\"4 minutos\" \/>\n<script type=\"application\/ld+json\" class=\"yoast-schema-graph\">{\"@context\":\"https:\\\/\\\/schema.org\",\"@graph\":[{\"@type\":\"Article\",\"@id\":\"https:\\\/\\\/solidaridadintergeneracional.es\\\/wp\\\/la-terapia-con-perros-mejora-la-autoestima-de-las-personas-mayores-pasan-de-ser-cuidados-a-ser-cuidadores\\\/#article\",\"isPartOf\":{\"@id\":\"https:\\\/\\\/solidaridadintergeneracional.es\\\/wp\\\/la-terapia-con-perros-mejora-la-autoestima-de-las-personas-mayores-pasan-de-ser-cuidados-a-ser-cuidadores\\\/\"},\"author\":{\"name\":\"Solidaridad Intergeneracional\",\"@id\":\"https:\\\/\\\/solidaridadintergeneracional.es\\\/wp\\\/#\\\/schema\\\/person\\\/e8b31aad699715395f8afbf3f8755d51\"},\"headline\":\"\u201cLa terapia con perros mejora la autoestima de las personas mayores, pasan de ser cuidados a ser cuidadores\u201d\",\"datePublished\":\"2017-08-08T00:00:00+00:00\",\"mainEntityOfPage\":{\"@id\":\"https:\\\/\\\/solidaridadintergeneracional.es\\\/wp\\\/la-terapia-con-perros-mejora-la-autoestima-de-las-personas-mayores-pasan-de-ser-cuidados-a-ser-cuidadores\\\/\"},\"wordCount\":754,\"commentCount\":0,\"publisher\":{\"@id\":\"https:\\\/\\\/solidaridadintergeneracional.es\\\/wp\\\/#organization\"},\"articleSection\":[\"Noticias Bolet\u00edn\",\"Noticias de interes Pre 2019\"],\"inLanguage\":\"es\",\"potentialAction\":[{\"@type\":\"CommentAction\",\"name\":\"Comment\",\"target\":[\"https:\\\/\\\/solidaridadintergeneracional.es\\\/wp\\\/la-terapia-con-perros-mejora-la-autoestima-de-las-personas-mayores-pasan-de-ser-cuidados-a-ser-cuidadores\\\/#respond\"]}]},{\"@type\":\"WebPage\",\"@id\":\"https:\\\/\\\/solidaridadintergeneracional.es\\\/wp\\\/la-terapia-con-perros-mejora-la-autoestima-de-las-personas-mayores-pasan-de-ser-cuidados-a-ser-cuidadores\\\/\",\"url\":\"https:\\\/\\\/solidaridadintergeneracional.es\\\/wp\\\/la-terapia-con-perros-mejora-la-autoestima-de-las-personas-mayores-pasan-de-ser-cuidados-a-ser-cuidadores\\\/\",\"name\":\"\u201cLa terapia con perros mejora la autoestima de las personas mayores, pasan de ser cuidados a ser cuidadores\u201d &#8211; Solidaridad Intergeneracional\",\"isPartOf\":{\"@id\":\"https:\\\/\\\/solidaridadintergeneracional.es\\\/wp\\\/#website\"},\"datePublished\":\"2017-08-08T00:00:00+00:00\",\"breadcrumb\":{\"@id\":\"https:\\\/\\\/solidaridadintergeneracional.es\\\/wp\\\/la-terapia-con-perros-mejora-la-autoestima-de-las-personas-mayores-pasan-de-ser-cuidados-a-ser-cuidadores\\\/#breadcrumb\"},\"inLanguage\":\"es\",\"potentialAction\":[{\"@type\":\"ReadAction\",\"target\":[\"https:\\\/\\\/solidaridadintergeneracional.es\\\/wp\\\/la-terapia-con-perros-mejora-la-autoestima-de-las-personas-mayores-pasan-de-ser-cuidados-a-ser-cuidadores\\\/\"]}]},{\"@type\":\"BreadcrumbList\",\"@id\":\"https:\\\/\\\/solidaridadintergeneracional.es\\\/wp\\\/la-terapia-con-perros-mejora-la-autoestima-de-las-personas-mayores-pasan-de-ser-cuidados-a-ser-cuidadores\\\/#breadcrumb\",\"itemListElement\":[{\"@type\":\"ListItem\",\"position\":1,\"name\":\"Portada\",\"item\":\"https:\\\/\\\/solidaridadintergeneracional.es\\\/wp\\\/\"},{\"@type\":\"ListItem\",\"position\":2,\"name\":\"\u201cLa terapia con perros mejora la autoestima de las personas mayores, pasan de ser cuidados a ser cuidadores\u201d\"}]},{\"@type\":\"WebSite\",\"@id\":\"https:\\\/\\\/solidaridadintergeneracional.es\\\/wp\\\/#website\",\"url\":\"https:\\\/\\\/solidaridadintergeneracional.es\\\/wp\\\/\",\"name\":\"Solidaridad Intergeneracional\",\"description\":\"Toda la informaci\u00f3n sociosanitaria a tu servicio\",\"publisher\":{\"@id\":\"https:\\\/\\\/solidaridadintergeneracional.es\\\/wp\\\/#organization\"},\"potentialAction\":[{\"@type\":\"SearchAction\",\"target\":{\"@type\":\"EntryPoint\",\"urlTemplate\":\"https:\\\/\\\/solidaridadintergeneracional.es\\\/wp\\\/?s={search_term_string}\"},\"query-input\":{\"@type\":\"PropertyValueSpecification\",\"valueRequired\":true,\"valueName\":\"search_term_string\"}}],\"inLanguage\":\"es\"},{\"@type\":\"Organization\",\"@id\":\"https:\\\/\\\/solidaridadintergeneracional.es\\\/wp\\\/#organization\",\"name\":\"Solidaridad Intergeneracional\",\"url\":\"https:\\\/\\\/solidaridadintergeneracional.es\\\/wp\\\/\",\"logo\":{\"@type\":\"ImageObject\",\"inLanguage\":\"es\",\"@id\":\"https:\\\/\\\/solidaridadintergeneracional.es\\\/wp\\\/#\\\/schema\\\/logo\\\/image\\\/\",\"url\":\"https:\\\/\\\/solidaridadintergeneracional.es\\\/wp\\\/wp-content\\\/uploads\\\/2020\\\/02\\\/logo-solidaridad.963ff81b.png\",\"contentUrl\":\"https:\\\/\\\/solidaridadintergeneracional.es\\\/wp\\\/wp-content\\\/uploads\\\/2020\\\/02\\\/logo-solidaridad.963ff81b.png\",\"width\":825,\"height\":288,\"caption\":\"Solidaridad Intergeneracional\"},\"image\":{\"@id\":\"https:\\\/\\\/solidaridadintergeneracional.es\\\/wp\\\/#\\\/schema\\\/logo\\\/image\\\/\"},\"sameAs\":[\"https:\\\/\\\/www.facebook.com\\\/SolidaridadIntergeneracional\\\/\",\"https:\\\/\\\/x.com\\\/E_Familia_\",\"https:\\\/\\\/www.youtube.com\\\/channel\\\/UCt5BNW3Z7_ACkBDg_6ujXTQ\"]},{\"@type\":\"Person\",\"@id\":\"https:\\\/\\\/solidaridadintergeneracional.es\\\/wp\\\/#\\\/schema\\\/person\\\/e8b31aad699715395f8afbf3f8755d51\",\"name\":\"Solidaridad Intergeneracional\",\"image\":{\"@type\":\"ImageObject\",\"inLanguage\":\"es\",\"@id\":\"https:\\\/\\\/secure.gravatar.com\\\/avatar\\\/e18721a5c4aaa3fecf1fe45b5d7708a7037f8a862dbc28483b4cf55a6ac0fb56?s=96&d=mm&r=g\",\"url\":\"https:\\\/\\\/secure.gravatar.com\\\/avatar\\\/e18721a5c4aaa3fecf1fe45b5d7708a7037f8a862dbc28483b4cf55a6ac0fb56?s=96&d=mm&r=g\",\"contentUrl\":\"https:\\\/\\\/secure.gravatar.com\\\/avatar\\\/e18721a5c4aaa3fecf1fe45b5d7708a7037f8a862dbc28483b4cf55a6ac0fb56?s=96&d=mm&r=g\",\"caption\":\"Solidaridad Intergeneracional\"},\"url\":\"https:\\\/\\\/solidaridadintergeneracional.es\\\/wp\\\/author\\\/admin\\\/\"}]}<\/script>\n<!-- \/ Yoast SEO plugin. -->","yoast_head_json":{"title":"\u201cLa terapia con perros mejora la autoestima de las personas mayores, pasan de ser cuidados a ser cuidadores\u201d &#8211; Solidaridad Intergeneracional","robots":{"index":"index","follow":"follow","max-snippet":"max-snippet:-1","max-image-preview":"max-image-preview:large","max-video-preview":"max-video-preview:-1"},"canonical":"https:\/\/solidaridadintergeneracional.es\/wp\/la-terapia-con-perros-mejora-la-autoestima-de-las-personas-mayores-pasan-de-ser-cuidados-a-ser-cuidadores\/","og_locale":"es_ES","og_type":"article","og_title":"\u201cLa terapia con perros mejora la autoestima de las personas mayores, pasan de ser cuidados a ser cuidadores\u201d &#8211; Solidaridad Intergeneracional","og_description":"Se trata de una actividad que busca mejorar la salud y el bienestar de los mayores, con la particularidad de que se utilizan perros como est\u00edmulo.","og_url":"https:\/\/solidaridadintergeneracional.es\/wp\/la-terapia-con-perros-mejora-la-autoestima-de-las-personas-mayores-pasan-de-ser-cuidados-a-ser-cuidadores\/","og_site_name":"Solidaridad Intergeneracional","article_publisher":"https:\/\/www.facebook.com\/SolidaridadIntergeneracional\/","article_published_time":"2017-08-08T00:00:00+00:00","author":"Solidaridad Intergeneracional","twitter_card":"summary_large_image","twitter_creator":"@E_Familia_","twitter_site":"@E_Familia_","twitter_misc":{"Escrito por":"Solidaridad Intergeneracional","Tiempo de lectura":"4 minutos"},"schema":{"@context":"https:\/\/schema.org","@graph":[{"@type":"Article","@id":"https:\/\/solidaridadintergeneracional.es\/wp\/la-terapia-con-perros-mejora-la-autoestima-de-las-personas-mayores-pasan-de-ser-cuidados-a-ser-cuidadores\/#article","isPartOf":{"@id":"https:\/\/solidaridadintergeneracional.es\/wp\/la-terapia-con-perros-mejora-la-autoestima-de-las-personas-mayores-pasan-de-ser-cuidados-a-ser-cuidadores\/"},"author":{"name":"Solidaridad Intergeneracional","@id":"https:\/\/solidaridadintergeneracional.es\/wp\/#\/schema\/person\/e8b31aad699715395f8afbf3f8755d51"},"headline":"\u201cLa terapia con perros mejora la autoestima de las personas mayores, pasan de ser cuidados a ser cuidadores\u201d","datePublished":"2017-08-08T00:00:00+00:00","mainEntityOfPage":{"@id":"https:\/\/solidaridadintergeneracional.es\/wp\/la-terapia-con-perros-mejora-la-autoestima-de-las-personas-mayores-pasan-de-ser-cuidados-a-ser-cuidadores\/"},"wordCount":754,"commentCount":0,"publisher":{"@id":"https:\/\/solidaridadintergeneracional.es\/wp\/#organization"},"articleSection":["Noticias Bolet\u00edn","Noticias de interes Pre 2019"],"inLanguage":"es","potentialAction":[{"@type":"CommentAction","name":"Comment","target":["https:\/\/solidaridadintergeneracional.es\/wp\/la-terapia-con-perros-mejora-la-autoestima-de-las-personas-mayores-pasan-de-ser-cuidados-a-ser-cuidadores\/#respond"]}]},{"@type":"WebPage","@id":"https:\/\/solidaridadintergeneracional.es\/wp\/la-terapia-con-perros-mejora-la-autoestima-de-las-personas-mayores-pasan-de-ser-cuidados-a-ser-cuidadores\/","url":"https:\/\/solidaridadintergeneracional.es\/wp\/la-terapia-con-perros-mejora-la-autoestima-de-las-personas-mayores-pasan-de-ser-cuidados-a-ser-cuidadores\/","name":"\u201cLa terapia con perros mejora la autoestima de las personas mayores, pasan de ser cuidados a ser cuidadores\u201d &#8211; Solidaridad Intergeneracional","isPartOf":{"@id":"https:\/\/solidaridadintergeneracional.es\/wp\/#website"},"datePublished":"2017-08-08T00:00:00+00:00","breadcrumb":{"@id":"https:\/\/solidaridadintergeneracional.es\/wp\/la-terapia-con-perros-mejora-la-autoestima-de-las-personas-mayores-pasan-de-ser-cuidados-a-ser-cuidadores\/#breadcrumb"},"inLanguage":"es","potentialAction":[{"@type":"ReadAction","target":["https:\/\/solidaridadintergeneracional.es\/wp\/la-terapia-con-perros-mejora-la-autoestima-de-las-personas-mayores-pasan-de-ser-cuidados-a-ser-cuidadores\/"]}]},{"@type":"BreadcrumbList","@id":"https:\/\/solidaridadintergeneracional.es\/wp\/la-terapia-con-perros-mejora-la-autoestima-de-las-personas-mayores-pasan-de-ser-cuidados-a-ser-cuidadores\/#breadcrumb","itemListElement":[{"@type":"ListItem","position":1,"name":"Portada","item":"https:\/\/solidaridadintergeneracional.es\/wp\/"},{"@type":"ListItem","position":2,"name":"\u201cLa terapia con perros mejora la autoestima de las personas mayores, pasan de ser cuidados a ser cuidadores\u201d"}]},{"@type":"WebSite","@id":"https:\/\/solidaridadintergeneracional.es\/wp\/#website","url":"https:\/\/solidaridadintergeneracional.es\/wp\/","name":"Solidaridad Intergeneracional","description":"Toda la informaci\u00f3n sociosanitaria a tu servicio","publisher":{"@id":"https:\/\/solidaridadintergeneracional.es\/wp\/#organization"},"potentialAction":[{"@type":"SearchAction","target":{"@type":"EntryPoint","urlTemplate":"https:\/\/solidaridadintergeneracional.es\/wp\/?s={search_term_string}"},"query-input":{"@type":"PropertyValueSpecification","valueRequired":true,"valueName":"search_term_string"}}],"inLanguage":"es"},{"@type":"Organization","@id":"https:\/\/solidaridadintergeneracional.es\/wp\/#organization","name":"Solidaridad Intergeneracional","url":"https:\/\/solidaridadintergeneracional.es\/wp\/","logo":{"@type":"ImageObject","inLanguage":"es","@id":"https:\/\/solidaridadintergeneracional.es\/wp\/#\/schema\/logo\/image\/","url":"https:\/\/solidaridadintergeneracional.es\/wp\/wp-content\/uploads\/2020\/02\/logo-solidaridad.963ff81b.png","contentUrl":"https:\/\/solidaridadintergeneracional.es\/wp\/wp-content\/uploads\/2020\/02\/logo-solidaridad.963ff81b.png","width":825,"height":288,"caption":"Solidaridad Intergeneracional"},"image":{"@id":"https:\/\/solidaridadintergeneracional.es\/wp\/#\/schema\/logo\/image\/"},"sameAs":["https:\/\/www.facebook.com\/SolidaridadIntergeneracional\/","https:\/\/x.com\/E_Familia_","https:\/\/www.youtube.com\/channel\/UCt5BNW3Z7_ACkBDg_6ujXTQ"]},{"@type":"Person","@id":"https:\/\/solidaridadintergeneracional.es\/wp\/#\/schema\/person\/e8b31aad699715395f8afbf3f8755d51","name":"Solidaridad Intergeneracional","image":{"@type":"ImageObject","inLanguage":"es","@id":"https:\/\/secure.gravatar.com\/avatar\/e18721a5c4aaa3fecf1fe45b5d7708a7037f8a862dbc28483b4cf55a6ac0fb56?s=96&d=mm&r=g","url":"https:\/\/secure.gravatar.com\/avatar\/e18721a5c4aaa3fecf1fe45b5d7708a7037f8a862dbc28483b4cf55a6ac0fb56?s=96&d=mm&r=g","contentUrl":"https:\/\/secure.gravatar.com\/avatar\/e18721a5c4aaa3fecf1fe45b5d7708a7037f8a862dbc28483b4cf55a6ac0fb56?s=96&d=mm&r=g","caption":"Solidaridad Intergeneracional"},"url":"https:\/\/solidaridadintergeneracional.es\/wp\/author\/admin\/"}]}},"_links":{"self":[{"href":"https:\/\/solidaridadintergeneracional.es\/wp\/wp-json\/wp\/v2\/posts\/24294","targetHints":{"allow":["GET"]}}],"collection":[{"href":"https:\/\/solidaridadintergeneracional.es\/wp\/wp-json\/wp\/v2\/posts"}],"about":[{"href":"https:\/\/solidaridadintergeneracional.es\/wp\/wp-json\/wp\/v2\/types\/post"}],"author":[{"embeddable":true,"href":"https:\/\/solidaridadintergeneracional.es\/wp\/wp-json\/wp\/v2\/users\/1"}],"replies":[{"embeddable":true,"href":"https:\/\/solidaridadintergeneracional.es\/wp\/wp-json\/wp\/v2\/comments?post=24294"}],"version-history":[{"count":0,"href":"https:\/\/solidaridadintergeneracional.es\/wp\/wp-json\/wp\/v2\/posts\/24294\/revisions"}],"wp:attachment":[{"href":"https:\/\/solidaridadintergeneracional.es\/wp\/wp-json\/wp\/v2\/media?parent=24294"}],"wp:term":[{"taxonomy":"category","embeddable":true,"href":"https:\/\/solidaridadintergeneracional.es\/wp\/wp-json\/wp\/v2\/categories?post=24294"},{"taxonomy":"post_tag","embeddable":true,"href":"https:\/\/solidaridadintergeneracional.es\/wp\/wp-json\/wp\/v2\/tags?post=24294"}],"curies":[{"name":"wp","href":"https:\/\/api.w.org\/{rel}","templated":true}]}}