{"id":23953,"date":"2017-01-09T00:00:00","date_gmt":"2017-01-09T00:00:00","guid":{"rendered":"http:\/\/efamilia.es\/wp\/familiados-una-plataforma-de-cuidadores-de-mayores-enfermos-y-personas-con-alguna-discapacidad\/"},"modified":"2017-01-09T00:00:00","modified_gmt":"2017-01-09T00:00:00","slug":"familiados-una-plataforma-de-cuidadores-de-mayores-enfermos-y-personas-con-alguna-discapacidad","status":"publish","type":"post","link":"https:\/\/solidaridadintergeneracional.es\/wp\/familiados-una-plataforma-de-cuidadores-de-mayores-enfermos-y-personas-con-alguna-discapacidad\/","title":{"rendered":"Familiados, una plataforma de cuidadores de mayores, enfermos y personas con alguna discapacidad"},"content":{"rendered":"<h4>Los servicios que se ofrecen son cuidados especiales, higiene, compa\u00f1\u00eda, comida, tareas ligeras o transporte<\/h4>\n<p>CHARO RUEDA<\/p>\n<p>familiados.com es una plataforma navarra, que comenz\u00f3 a funcionar plenamente en marzo de 2016 para proporcionar cuidadores de personas mayores, enfermos y personas con alguna discapacidad. Es una comunidad de profesionales de los cuidados, de cuidadores de calidad, a los que poder recurrir cuando las circunstancias apremian, sabiendo que est\u00e1s en buenas manos.<\/p>\n<p>El objetivo del equipo fundador de la plataforma es mejorar la experiencia que se vive cuando una persona o familia necesitan encontrar ayuda de un cuidador de manera m\u00e1s o menos inmediata. Es decir, cuando hay una urgencia o un problema familiar y se necesita encontrar ayuda ya sin renunciar a la calidad y a la confianza.<\/p>\n<p>El sistema es sencillo: se busca d\u00f3nde y para cu\u00e1ndo entre los profesionales disponibles; se selecciona al profesional que se necesite: un profesional con titulaci\u00f3n o simplemente un acompa\u00f1ante; y se contrata el servicio.<\/p>\n<p>Los servicios que se ofrecen son cuidados especiales, higiene, compa\u00f1\u00eda, comida, tareas ligeras o transporte.<\/p>\n<p>Cuando se contrata a un cuidador de esta plataforma, el dinero del usuario casi \u00edntegramente al cuidador, salvo la peque\u00f1a tarifa de mantenimiento de familiados y lo que cobra la pasarela de pagos Stripe a trav\u00e9s de la cual se paga al cuidador (es una comisi\u00f3n de banca online). Por ejemplo, si se hace una contrataci\u00f3n de 50\u20ac a trav\u00e9s de familiados, 2\u20ac van para familiados, 0.95\u20ac van a Stripe, y 47.05\u20ac le llegan al cuidador.<\/p>\n<p>La plataformas verifica los datos de los cuidadores, y trabaja para asegurarse de que lo que publican en sus perfiles es cierto. No obstante, la mejor forma de asegurarse de que los cuidadores son de confianza son las valoraciones del resto de usuarios, se\u00f1alan en  familiados, que revisa su base de cuidadores continuamente dando de baja a aquellos que de forma recurrente tienen valoraciones neutras o negativas.<\/p>\n<p>Cada cuidador elige su tarifa horaria en funci\u00f3n de sus caracter\u00edsticas y experiencia. La plataforma no influye en las tarifas, excepto para asegurarse de que ninguna es inferior a los 8\u20ac\/hora, que es el m\u00ednimo con el que un profesional puede cumplir con las obligaciones fiscales de manera adecuada.<\/p>\n<p>\u201cBuenos profesionales, pago seguro, transparencia y usuarios que eval\u00faan el servicio recibido, van construyendo una base de cuidadores selecta\u201d, afirman sus responsables.<\/p>\n<p><a href=\"http:\/\/blogs.20minutos.es\/capeando-la-crisis\/2016\/12\/27\/familiados-una-plataforma-de-cuidadores-de-mayores-\">blogs.20minutos.es\/capeando-la-crisis\/2016\/12\/27\/familiados-una-plataforma-de-cuidadores-de-mayores-<\/a><\/p>\n","protected":false},"excerpt":{"rendered":"<p>Los servicios que se ofrecen son cuidados especiales, higiene, compa\u00f1\u00eda, comida, tareas ligeras o transporte<\/p>\n","protected":false},"author":1,"featured_media":0,"comment_status":"open","ping_status":"open","sticky":false,"template":"","format":"standard","meta":{"footnotes":""},"categories":[328,321],"tags":[],"class_list":["post-23953","post","type-post","status-publish","format-standard","hentry","category-noticiasboletin","category-noticiasdeinterespre2019"],"yoast_head":"<!-- This site is optimized with the Yoast SEO plugin v27.4 - https:\/\/yoast.com\/product\/yoast-seo-wordpress\/ -->\n<title>Familiados, una plataforma de cuidadores de mayores, enfermos y personas con alguna discapacidad &#8211; Solidaridad Intergeneracional<\/title>\n<meta name=\"robots\" content=\"index, follow, max-snippet:-1, max-image-preview:large, max-video-preview:-1\" \/>\n<link rel=\"canonical\" href=\"https:\/\/solidaridadintergeneracional.es\/wp\/familiados-una-plataforma-de-cuidadores-de-mayores-enfermos-y-personas-con-alguna-discapacidad\/\" \/>\n<meta property=\"og:locale\" content=\"es_ES\" \/>\n<meta property=\"og:type\" content=\"article\" \/>\n<meta property=\"og:title\" content=\"Familiados, una plataforma de cuidadores de mayores, enfermos y personas con alguna discapacidad &#8211; Solidaridad Intergeneracional\" \/>\n<meta property=\"og:description\" content=\"Los servicios que se ofrecen son cuidados especiales, higiene, compa\u00f1\u00eda, comida, tareas ligeras o transporte\" \/>\n<meta property=\"og:url\" content=\"https:\/\/solidaridadintergeneracional.es\/wp\/familiados-una-plataforma-de-cuidadores-de-mayores-enfermos-y-personas-con-alguna-discapacidad\/\" \/>\n<meta property=\"og:site_name\" content=\"Solidaridad Intergeneracional\" \/>\n<meta property=\"article:publisher\" content=\"https:\/\/www.facebook.com\/SolidaridadIntergeneracional\/\" \/>\n<meta property=\"article:published_time\" content=\"2017-01-09T00:00:00+00:00\" \/>\n<meta name=\"author\" content=\"Solidaridad Intergeneracional\" \/>\n<meta name=\"twitter:card\" content=\"summary_large_image\" \/>\n<meta name=\"twitter:creator\" content=\"@E_Familia_\" \/>\n<meta name=\"twitter:site\" content=\"@E_Familia_\" \/>\n<meta name=\"twitter:label1\" content=\"Escrito por\" \/>\n\t<meta name=\"twitter:data1\" content=\"Solidaridad Intergeneracional\" \/>\n\t<meta name=\"twitter:label2\" content=\"Tiempo de lectura\" \/>\n\t<meta name=\"twitter:data2\" content=\"2 minutos\" \/>\n<script type=\"application\/ld+json\" class=\"yoast-schema-graph\">{\"@context\":\"https:\\\/\\\/schema.org\",\"@graph\":[{\"@type\":\"Article\",\"@id\":\"https:\\\/\\\/solidaridadintergeneracional.es\\\/wp\\\/familiados-una-plataforma-de-cuidadores-de-mayores-enfermos-y-personas-con-alguna-discapacidad\\\/#article\",\"isPartOf\":{\"@id\":\"https:\\\/\\\/solidaridadintergeneracional.es\\\/wp\\\/familiados-una-plataforma-de-cuidadores-de-mayores-enfermos-y-personas-con-alguna-discapacidad\\\/\"},\"author\":{\"name\":\"Solidaridad Intergeneracional\",\"@id\":\"https:\\\/\\\/solidaridadintergeneracional.es\\\/wp\\\/#\\\/schema\\\/person\\\/e8b31aad699715395f8afbf3f8755d51\"},\"headline\":\"Familiados, una plataforma de cuidadores de mayores, enfermos y personas con alguna discapacidad\",\"datePublished\":\"2017-01-09T00:00:00+00:00\",\"mainEntityOfPage\":{\"@id\":\"https:\\\/\\\/solidaridadintergeneracional.es\\\/wp\\\/familiados-una-plataforma-de-cuidadores-de-mayores-enfermos-y-personas-con-alguna-discapacidad\\\/\"},\"wordCount\":422,\"commentCount\":0,\"publisher\":{\"@id\":\"https:\\\/\\\/solidaridadintergeneracional.es\\\/wp\\\/#organization\"},\"articleSection\":[\"Noticias Bolet\u00edn\",\"Noticias de interes Pre 2019\"],\"inLanguage\":\"es\",\"potentialAction\":[{\"@type\":\"CommentAction\",\"name\":\"Comment\",\"target\":[\"https:\\\/\\\/solidaridadintergeneracional.es\\\/wp\\\/familiados-una-plataforma-de-cuidadores-de-mayores-enfermos-y-personas-con-alguna-discapacidad\\\/#respond\"]}]},{\"@type\":\"WebPage\",\"@id\":\"https:\\\/\\\/solidaridadintergeneracional.es\\\/wp\\\/familiados-una-plataforma-de-cuidadores-de-mayores-enfermos-y-personas-con-alguna-discapacidad\\\/\",\"url\":\"https:\\\/\\\/solidaridadintergeneracional.es\\\/wp\\\/familiados-una-plataforma-de-cuidadores-de-mayores-enfermos-y-personas-con-alguna-discapacidad\\\/\",\"name\":\"Familiados, una plataforma de cuidadores de mayores, enfermos y personas con alguna discapacidad &#8211; Solidaridad Intergeneracional\",\"isPartOf\":{\"@id\":\"https:\\\/\\\/solidaridadintergeneracional.es\\\/wp\\\/#website\"},\"datePublished\":\"2017-01-09T00:00:00+00:00\",\"breadcrumb\":{\"@id\":\"https:\\\/\\\/solidaridadintergeneracional.es\\\/wp\\\/familiados-una-plataforma-de-cuidadores-de-mayores-enfermos-y-personas-con-alguna-discapacidad\\\/#breadcrumb\"},\"inLanguage\":\"es\",\"potentialAction\":[{\"@type\":\"ReadAction\",\"target\":[\"https:\\\/\\\/solidaridadintergeneracional.es\\\/wp\\\/familiados-una-plataforma-de-cuidadores-de-mayores-enfermos-y-personas-con-alguna-discapacidad\\\/\"]}]},{\"@type\":\"BreadcrumbList\",\"@id\":\"https:\\\/\\\/solidaridadintergeneracional.es\\\/wp\\\/familiados-una-plataforma-de-cuidadores-de-mayores-enfermos-y-personas-con-alguna-discapacidad\\\/#breadcrumb\",\"itemListElement\":[{\"@type\":\"ListItem\",\"position\":1,\"name\":\"Portada\",\"item\":\"https:\\\/\\\/solidaridadintergeneracional.es\\\/wp\\\/\"},{\"@type\":\"ListItem\",\"position\":2,\"name\":\"Familiados, una plataforma de cuidadores de mayores, enfermos y personas con alguna discapacidad\"}]},{\"@type\":\"WebSite\",\"@id\":\"https:\\\/\\\/solidaridadintergeneracional.es\\\/wp\\\/#website\",\"url\":\"https:\\\/\\\/solidaridadintergeneracional.es\\\/wp\\\/\",\"name\":\"Solidaridad Intergeneracional\",\"description\":\"Toda la informaci\u00f3n sociosanitaria a tu servicio\",\"publisher\":{\"@id\":\"https:\\\/\\\/solidaridadintergeneracional.es\\\/wp\\\/#organization\"},\"potentialAction\":[{\"@type\":\"SearchAction\",\"target\":{\"@type\":\"EntryPoint\",\"urlTemplate\":\"https:\\\/\\\/solidaridadintergeneracional.es\\\/wp\\\/?s={search_term_string}\"},\"query-input\":{\"@type\":\"PropertyValueSpecification\",\"valueRequired\":true,\"valueName\":\"search_term_string\"}}],\"inLanguage\":\"es\"},{\"@type\":\"Organization\",\"@id\":\"https:\\\/\\\/solidaridadintergeneracional.es\\\/wp\\\/#organization\",\"name\":\"Solidaridad Intergeneracional\",\"url\":\"https:\\\/\\\/solidaridadintergeneracional.es\\\/wp\\\/\",\"logo\":{\"@type\":\"ImageObject\",\"inLanguage\":\"es\",\"@id\":\"https:\\\/\\\/solidaridadintergeneracional.es\\\/wp\\\/#\\\/schema\\\/logo\\\/image\\\/\",\"url\":\"https:\\\/\\\/solidaridadintergeneracional.es\\\/wp\\\/wp-content\\\/uploads\\\/2020\\\/02\\\/logo-solidaridad.963ff81b.png\",\"contentUrl\":\"https:\\\/\\\/solidaridadintergeneracional.es\\\/wp\\\/wp-content\\\/uploads\\\/2020\\\/02\\\/logo-solidaridad.963ff81b.png\",\"width\":825,\"height\":288,\"caption\":\"Solidaridad Intergeneracional\"},\"image\":{\"@id\":\"https:\\\/\\\/solidaridadintergeneracional.es\\\/wp\\\/#\\\/schema\\\/logo\\\/image\\\/\"},\"sameAs\":[\"https:\\\/\\\/www.facebook.com\\\/SolidaridadIntergeneracional\\\/\",\"https:\\\/\\\/x.com\\\/E_Familia_\",\"https:\\\/\\\/www.youtube.com\\\/channel\\\/UCt5BNW3Z7_ACkBDg_6ujXTQ\"]},{\"@type\":\"Person\",\"@id\":\"https:\\\/\\\/solidaridadintergeneracional.es\\\/wp\\\/#\\\/schema\\\/person\\\/e8b31aad699715395f8afbf3f8755d51\",\"name\":\"Solidaridad Intergeneracional\",\"image\":{\"@type\":\"ImageObject\",\"inLanguage\":\"es\",\"@id\":\"https:\\\/\\\/secure.gravatar.com\\\/avatar\\\/e18721a5c4aaa3fecf1fe45b5d7708a7037f8a862dbc28483b4cf55a6ac0fb56?s=96&d=mm&r=g\",\"url\":\"https:\\\/\\\/secure.gravatar.com\\\/avatar\\\/e18721a5c4aaa3fecf1fe45b5d7708a7037f8a862dbc28483b4cf55a6ac0fb56?s=96&d=mm&r=g\",\"contentUrl\":\"https:\\\/\\\/secure.gravatar.com\\\/avatar\\\/e18721a5c4aaa3fecf1fe45b5d7708a7037f8a862dbc28483b4cf55a6ac0fb56?s=96&d=mm&r=g\",\"caption\":\"Solidaridad Intergeneracional\"},\"url\":\"https:\\\/\\\/solidaridadintergeneracional.es\\\/wp\\\/author\\\/admin\\\/\"}]}<\/script>\n<!-- \/ Yoast SEO plugin. -->","yoast_head_json":{"title":"Familiados, una plataforma de cuidadores de mayores, enfermos y personas con alguna discapacidad &#8211; Solidaridad Intergeneracional","robots":{"index":"index","follow":"follow","max-snippet":"max-snippet:-1","max-image-preview":"max-image-preview:large","max-video-preview":"max-video-preview:-1"},"canonical":"https:\/\/solidaridadintergeneracional.es\/wp\/familiados-una-plataforma-de-cuidadores-de-mayores-enfermos-y-personas-con-alguna-discapacidad\/","og_locale":"es_ES","og_type":"article","og_title":"Familiados, una plataforma de cuidadores de mayores, enfermos y personas con alguna discapacidad &#8211; Solidaridad Intergeneracional","og_description":"Los servicios que se ofrecen son cuidados especiales, higiene, compa\u00f1\u00eda, comida, tareas ligeras o transporte","og_url":"https:\/\/solidaridadintergeneracional.es\/wp\/familiados-una-plataforma-de-cuidadores-de-mayores-enfermos-y-personas-con-alguna-discapacidad\/","og_site_name":"Solidaridad Intergeneracional","article_publisher":"https:\/\/www.facebook.com\/SolidaridadIntergeneracional\/","article_published_time":"2017-01-09T00:00:00+00:00","author":"Solidaridad Intergeneracional","twitter_card":"summary_large_image","twitter_creator":"@E_Familia_","twitter_site":"@E_Familia_","twitter_misc":{"Escrito por":"Solidaridad Intergeneracional","Tiempo de lectura":"2 minutos"},"schema":{"@context":"https:\/\/schema.org","@graph":[{"@type":"Article","@id":"https:\/\/solidaridadintergeneracional.es\/wp\/familiados-una-plataforma-de-cuidadores-de-mayores-enfermos-y-personas-con-alguna-discapacidad\/#article","isPartOf":{"@id":"https:\/\/solidaridadintergeneracional.es\/wp\/familiados-una-plataforma-de-cuidadores-de-mayores-enfermos-y-personas-con-alguna-discapacidad\/"},"author":{"name":"Solidaridad Intergeneracional","@id":"https:\/\/solidaridadintergeneracional.es\/wp\/#\/schema\/person\/e8b31aad699715395f8afbf3f8755d51"},"headline":"Familiados, una plataforma de cuidadores de mayores, enfermos y personas con alguna discapacidad","datePublished":"2017-01-09T00:00:00+00:00","mainEntityOfPage":{"@id":"https:\/\/solidaridadintergeneracional.es\/wp\/familiados-una-plataforma-de-cuidadores-de-mayores-enfermos-y-personas-con-alguna-discapacidad\/"},"wordCount":422,"commentCount":0,"publisher":{"@id":"https:\/\/solidaridadintergeneracional.es\/wp\/#organization"},"articleSection":["Noticias Bolet\u00edn","Noticias de interes Pre 2019"],"inLanguage":"es","potentialAction":[{"@type":"CommentAction","name":"Comment","target":["https:\/\/solidaridadintergeneracional.es\/wp\/familiados-una-plataforma-de-cuidadores-de-mayores-enfermos-y-personas-con-alguna-discapacidad\/#respond"]}]},{"@type":"WebPage","@id":"https:\/\/solidaridadintergeneracional.es\/wp\/familiados-una-plataforma-de-cuidadores-de-mayores-enfermos-y-personas-con-alguna-discapacidad\/","url":"https:\/\/solidaridadintergeneracional.es\/wp\/familiados-una-plataforma-de-cuidadores-de-mayores-enfermos-y-personas-con-alguna-discapacidad\/","name":"Familiados, una plataforma de cuidadores de mayores, enfermos y personas con alguna discapacidad &#8211; Solidaridad Intergeneracional","isPartOf":{"@id":"https:\/\/solidaridadintergeneracional.es\/wp\/#website"},"datePublished":"2017-01-09T00:00:00+00:00","breadcrumb":{"@id":"https:\/\/solidaridadintergeneracional.es\/wp\/familiados-una-plataforma-de-cuidadores-de-mayores-enfermos-y-personas-con-alguna-discapacidad\/#breadcrumb"},"inLanguage":"es","potentialAction":[{"@type":"ReadAction","target":["https:\/\/solidaridadintergeneracional.es\/wp\/familiados-una-plataforma-de-cuidadores-de-mayores-enfermos-y-personas-con-alguna-discapacidad\/"]}]},{"@type":"BreadcrumbList","@id":"https:\/\/solidaridadintergeneracional.es\/wp\/familiados-una-plataforma-de-cuidadores-de-mayores-enfermos-y-personas-con-alguna-discapacidad\/#breadcrumb","itemListElement":[{"@type":"ListItem","position":1,"name":"Portada","item":"https:\/\/solidaridadintergeneracional.es\/wp\/"},{"@type":"ListItem","position":2,"name":"Familiados, una plataforma de cuidadores de mayores, enfermos y personas con alguna discapacidad"}]},{"@type":"WebSite","@id":"https:\/\/solidaridadintergeneracional.es\/wp\/#website","url":"https:\/\/solidaridadintergeneracional.es\/wp\/","name":"Solidaridad Intergeneracional","description":"Toda la informaci\u00f3n sociosanitaria a tu servicio","publisher":{"@id":"https:\/\/solidaridadintergeneracional.es\/wp\/#organization"},"potentialAction":[{"@type":"SearchAction","target":{"@type":"EntryPoint","urlTemplate":"https:\/\/solidaridadintergeneracional.es\/wp\/?s={search_term_string}"},"query-input":{"@type":"PropertyValueSpecification","valueRequired":true,"valueName":"search_term_string"}}],"inLanguage":"es"},{"@type":"Organization","@id":"https:\/\/solidaridadintergeneracional.es\/wp\/#organization","name":"Solidaridad Intergeneracional","url":"https:\/\/solidaridadintergeneracional.es\/wp\/","logo":{"@type":"ImageObject","inLanguage":"es","@id":"https:\/\/solidaridadintergeneracional.es\/wp\/#\/schema\/logo\/image\/","url":"https:\/\/solidaridadintergeneracional.es\/wp\/wp-content\/uploads\/2020\/02\/logo-solidaridad.963ff81b.png","contentUrl":"https:\/\/solidaridadintergeneracional.es\/wp\/wp-content\/uploads\/2020\/02\/logo-solidaridad.963ff81b.png","width":825,"height":288,"caption":"Solidaridad Intergeneracional"},"image":{"@id":"https:\/\/solidaridadintergeneracional.es\/wp\/#\/schema\/logo\/image\/"},"sameAs":["https:\/\/www.facebook.com\/SolidaridadIntergeneracional\/","https:\/\/x.com\/E_Familia_","https:\/\/www.youtube.com\/channel\/UCt5BNW3Z7_ACkBDg_6ujXTQ"]},{"@type":"Person","@id":"https:\/\/solidaridadintergeneracional.es\/wp\/#\/schema\/person\/e8b31aad699715395f8afbf3f8755d51","name":"Solidaridad Intergeneracional","image":{"@type":"ImageObject","inLanguage":"es","@id":"https:\/\/secure.gravatar.com\/avatar\/e18721a5c4aaa3fecf1fe45b5d7708a7037f8a862dbc28483b4cf55a6ac0fb56?s=96&d=mm&r=g","url":"https:\/\/secure.gravatar.com\/avatar\/e18721a5c4aaa3fecf1fe45b5d7708a7037f8a862dbc28483b4cf55a6ac0fb56?s=96&d=mm&r=g","contentUrl":"https:\/\/secure.gravatar.com\/avatar\/e18721a5c4aaa3fecf1fe45b5d7708a7037f8a862dbc28483b4cf55a6ac0fb56?s=96&d=mm&r=g","caption":"Solidaridad Intergeneracional"},"url":"https:\/\/solidaridadintergeneracional.es\/wp\/author\/admin\/"}]}},"_links":{"self":[{"href":"https:\/\/solidaridadintergeneracional.es\/wp\/wp-json\/wp\/v2\/posts\/23953","targetHints":{"allow":["GET"]}}],"collection":[{"href":"https:\/\/solidaridadintergeneracional.es\/wp\/wp-json\/wp\/v2\/posts"}],"about":[{"href":"https:\/\/solidaridadintergeneracional.es\/wp\/wp-json\/wp\/v2\/types\/post"}],"author":[{"embeddable":true,"href":"https:\/\/solidaridadintergeneracional.es\/wp\/wp-json\/wp\/v2\/users\/1"}],"replies":[{"embeddable":true,"href":"https:\/\/solidaridadintergeneracional.es\/wp\/wp-json\/wp\/v2\/comments?post=23953"}],"version-history":[{"count":0,"href":"https:\/\/solidaridadintergeneracional.es\/wp\/wp-json\/wp\/v2\/posts\/23953\/revisions"}],"wp:attachment":[{"href":"https:\/\/solidaridadintergeneracional.es\/wp\/wp-json\/wp\/v2\/media?parent=23953"}],"wp:term":[{"taxonomy":"category","embeddable":true,"href":"https:\/\/solidaridadintergeneracional.es\/wp\/wp-json\/wp\/v2\/categories?post=23953"},{"taxonomy":"post_tag","embeddable":true,"href":"https:\/\/solidaridadintergeneracional.es\/wp\/wp-json\/wp\/v2\/tags?post=23953"}],"curies":[{"name":"wp","href":"https:\/\/api.w.org\/{rel}","templated":true}]}}