{"id":23845,"date":"2016-10-06T00:00:00","date_gmt":"2016-10-06T00:00:00","guid":{"rendered":"http:\/\/efamilia.es\/wp\/las-10-habilidades-para-la-vida\/"},"modified":"2016-10-06T00:00:00","modified_gmt":"2016-10-06T00:00:00","slug":"las-10-habilidades-para-la-vida","status":"publish","type":"post","link":"https:\/\/solidaridadintergeneracional.es\/wp\/las-10-habilidades-para-la-vida\/","title":{"rendered":"Las 10 habilidades para la vida"},"content":{"rendered":"<h4>El desarrollo de estas habilidades favorece que las personas sean capaces de elegir estilos de vida saludables<\/h4>\n<p>MONTSE ARBOIX<\/p>\n<p>Las personas, como seres sociales, se ven obligadas a establecer relaciones con sus semejantes, ya sea en el entorno familiar, educativo, laboral o de ocio. Sin embargo, no siempre es f\u00e1cil desenvolverse en un determinado contexto social. Y no es debido a la falta de capacidades, sino porque no se han adquirido las habilidades necesarias para hacerlo. Dentro del \u00e1mbito de la salud, se ha demostrado que ense\u00f1ar a desarrollar estas habilidades es la forma m\u00e1s eficaz para establecer comportamientos saludables, tanto de manera individual como colectiva. A continuaci\u00f3n se describe qu\u00e9 son y cu\u00e1les son las 10 habilidades para la vida.<\/p>\n<p>\u00bfQu\u00e9 son las habilidades para la vida?<\/p>\n<p>Definiciones que ilustren el significado de habilidades hay muchas. Algunos autores se refieren a ellas como las destrezas para conducirse por la vida de manera h\u00e1bil y competente, dentro de las posibilidades sociales y culturales de cada uno: act\u00faan como enlace entre los factores que motivan el conocimiento, las actitudes y los valores; promueven que se generen factores de protecci\u00f3n frente a problemas psicosociales derivados del entorno; y ayudan a saber c\u00f3mo enfrentarse a las exigencias y desaf\u00edos que la vida pone delante.<\/p>\n<p>En general, se identifican tres clases de habilidades: las sociales o interpersonales (como la comunicaci\u00f3n asertiva o la empat\u00eda), las cognitivas (como la toma de decisiones o el pensamiento cr\u00edtico) y las habilidades para el manejo de las emociones (como el estr\u00e9s).<\/p>\n<p>Habilidades para la promoci\u00f3n de la salud<\/p>\n<p>Las habilidades han sido adoptadas como estrategia de promoci\u00f3n de la salud, sobre todo en pa\u00edses de Am\u00e9rica Latina y Caribe, como l\u00ednea de trabajo de la Organizaci\u00f3n Mundial de la Salud (OMS) y de la Organizaci\u00f3n Panamericana de la Salud (OPS), que en la d\u00e9cada de los a\u00f1os 90 -y solo centrado en destrezas psicosociales- comenz\u00f3 a difundir materiales pedag\u00f3gicos dise\u00f1ados en promover estas habilidades en los centros educativos.<\/p>\n<p>A partir de entonces, la evidencia cient\u00edfica ha ido se\u00f1alando que la ense\u00f1anza y el aprendizaje de estas habilidades son herramientas m\u00e1s eficaces para prevenir comportamientos da\u00f1inos, que las intervenciones aisladas dirigidas a problemas espec\u00edficos. De hecho, la OMS reporta que los programas dise\u00f1ados con el objetivo de que los adolescentes adquieran habilidades para una vida saludable, adem\u00e1s de evitar el tabaquismo, mejoran las relaciones con los profesores y el rendimiento acad\u00e9mico y disminuyen las faltas de asistencia al centro educativo. Incluso, han demostrado ser mediadoras en las conductas problem\u00e1ticas.<\/p>\n<p>As\u00ed, dentro del enfoque de promoci\u00f3n de salud, las habilidades para la vida inciden en los determinantes de salud -circunstancias en que las personas nacen, crecen, viven, trabajan y envejecen, incluido el sistema de salud, las pol\u00edticas, la repartici\u00f3n del poder y los recursos- y favorecen que las personas sean capaces de elegir modos de vida saludables y un \u00f3ptimo bienestar f\u00edsico, social y psicol\u00f3gico. Por ejemplo, contribuyen a mejorar el entorno, a interactuar con los semejantes y a adquirir buenas pr\u00e1cticas de alimentaci\u00f3n y actividad f\u00edsica, entre otras.<\/p>\n<p>Las 10 habilidades, una a una<\/p>\n<p>Seg\u00fan la OMS, las habilidades para la vida diaria son las siguientes: <\/p>\n<p>1. Autoconocimiento. Capacidad de conocerse, de saber las propias fortalezas, debilidades, actitudes, valores y recursos personales y sociales con que uno cuenta para la vida y para enfrentarse a la adversidad. Es descubrir aquello que se quiere y aquello que no.<\/p>\n<p>2. Manejo de emociones y sentimientos. La habilidad para explorar las propias emociones y saber c\u00f3mo gestionarlas influye en el comportamiento de las personas. Las de m\u00e1s dif\u00edcil manejo, como la ira y la violencia, pueden tener resultados nocivos para la salud, sobre todo, en los m\u00e1s j\u00f3venes.<\/p>\n<p>3. Manejo de la tensi\u00f3n y el estr\u00e9s. Es la habilidad de reconocer las circunstancias de la vida que causan estr\u00e9s para afrontarlas de manera constructiva y eliminarlas o reducirlas de forma saludable.<\/p>\n<p>4. Comunicaci\u00f3n asertiva. Capacidad de expresar con claridad lo que se piensa, siente o necesita, autoafirmando los propios derechos, sin dejarse manipular ni manipular a los dem\u00e1s. Es la forma de comunicaci\u00f3n m\u00e1s eficiente.<\/p>\n<p>5. Empat\u00eda. La habilidad para imaginar c\u00f3mo es la vida de otra persona y qu\u00e9 siente y ponerse en su lugar para comprender mejor sus reacciones, emociones y opiniones. Tener empat\u00eda ayuda a aceptar la diversidad y mejora las relaciones interpersonales. Ser emp\u00e1tico tambi\u00e9n involucra las emociones propias: si se siente lo que sienten los dem\u00e1s es porque se comparten sentimientos.<\/p>\n<p>6. Relaciones interpersonales. Capacidad de establecer y mantener relaciones interpersonales para interactuar de modo positivo con las personas de su entorno, sobre todo familiar, y, a la vez, terminar con las relaciones que sean t\u00f3xicas, esto es, que bloqueen el propio crecimiento personal.<\/p>\n<p>7. Manejo de conflictos. Aceptando que el conflicto es parte de la condici\u00f3n humana, el reto est\u00e1 en desarrollar estrategias constructivas, es decir, que ayuden a manejarlos de manera que sean un est\u00edmulo para el desarrollo y favorezca el cambio y el crecimiento personal. Esta habilidad, en los j\u00f3venes, ayuda a reducir la ansiedad.<\/p>\n<p>8. Toma de decisiones. La habilidad de escoger ayuda a evaluar las posibilidades y a tener en cuenta las consecuencias asociadas a elecciones, tanto sobre uno mismo como en las personas del entorno.<\/p>\n<p>9. Pensamiento creativo. Para tomar decisiones y solucionar conflictos es necesario explorar todas las alternativas y consecuencias, m\u00e1s all\u00e1 de la propia experiencia personal.<\/p>\n<p>10. Pensamiento cr\u00edtico. Es la habilidad que permite analizar de manera objetiva la informaci\u00f3n disponible junto con la experiencia para llegar a conclusiones propias. Esto ayuda a los m\u00e1s j\u00f3venes a reconocer qu\u00e9 factores influyen en su comportamiento, como los medios de comunicaci\u00f3n o su grupo de iguales.<\/p>\n<p><a href=\"http:\/\/www.consumer.es\/web\/es\/salud\/psicologia\/2016\/09\/16\/224273.php\">www.consumer.es\/web\/es\/salud\/psicologia\/2016\/09\/16\/224273.php<\/a><\/p>\n","protected":false},"excerpt":{"rendered":"<p>El desarrollo de estas habilidades favorece que las personas sean capaces de elegir estilos de vida saludables<\/p>\n","protected":false},"author":1,"featured_media":0,"comment_status":"open","ping_status":"open","sticky":false,"template":"","format":"standard","meta":{"footnotes":""},"categories":[324,328],"tags":[],"class_list":["post-23845","post","type-post","status-publish","format-standard","hentry","category-lasaludysucuidado","category-noticiasboletin"],"yoast_head":"<!-- This site is optimized with the Yoast SEO plugin v27.5 - https:\/\/yoast.com\/product\/yoast-seo-wordpress\/ -->\n<title>Las 10 habilidades para la vida &#8211; Solidaridad Intergeneracional<\/title>\n<meta name=\"robots\" content=\"index, follow, max-snippet:-1, max-image-preview:large, max-video-preview:-1\" \/>\n<link rel=\"canonical\" href=\"https:\/\/solidaridadintergeneracional.es\/wp\/las-10-habilidades-para-la-vida\/\" \/>\n<meta property=\"og:locale\" content=\"es_ES\" \/>\n<meta property=\"og:type\" content=\"article\" \/>\n<meta property=\"og:title\" content=\"Las 10 habilidades para la vida &#8211; Solidaridad Intergeneracional\" \/>\n<meta property=\"og:description\" content=\"El desarrollo de estas habilidades favorece que las personas sean capaces de elegir estilos de vida saludables\" \/>\n<meta property=\"og:url\" content=\"https:\/\/solidaridadintergeneracional.es\/wp\/las-10-habilidades-para-la-vida\/\" \/>\n<meta property=\"og:site_name\" content=\"Solidaridad Intergeneracional\" \/>\n<meta property=\"article:publisher\" content=\"https:\/\/www.facebook.com\/SolidaridadIntergeneracional\/\" \/>\n<meta property=\"article:published_time\" content=\"2016-10-06T00:00:00+00:00\" \/>\n<meta name=\"author\" content=\"Solidaridad Intergeneracional\" \/>\n<meta name=\"twitter:card\" content=\"summary_large_image\" \/>\n<meta name=\"twitter:creator\" content=\"@E_Familia_\" \/>\n<meta name=\"twitter:site\" content=\"@E_Familia_\" \/>\n<meta name=\"twitter:label1\" content=\"Escrito por\" \/>\n\t<meta name=\"twitter:data1\" content=\"Solidaridad Intergeneracional\" \/>\n\t<meta name=\"twitter:label2\" content=\"Tiempo de lectura\" \/>\n\t<meta name=\"twitter:data2\" content=\"5 minutos\" \/>\n<script type=\"application\/ld+json\" class=\"yoast-schema-graph\">{\"@context\":\"https:\\\/\\\/schema.org\",\"@graph\":[{\"@type\":\"Article\",\"@id\":\"https:\\\/\\\/solidaridadintergeneracional.es\\\/wp\\\/las-10-habilidades-para-la-vida\\\/#article\",\"isPartOf\":{\"@id\":\"https:\\\/\\\/solidaridadintergeneracional.es\\\/wp\\\/las-10-habilidades-para-la-vida\\\/\"},\"author\":{\"name\":\"Solidaridad Intergeneracional\",\"@id\":\"https:\\\/\\\/solidaridadintergeneracional.es\\\/wp\\\/#\\\/schema\\\/person\\\/e8b31aad699715395f8afbf3f8755d51\"},\"headline\":\"Las 10 habilidades para la vida\",\"datePublished\":\"2016-10-06T00:00:00+00:00\",\"mainEntityOfPage\":{\"@id\":\"https:\\\/\\\/solidaridadintergeneracional.es\\\/wp\\\/las-10-habilidades-para-la-vida\\\/\"},\"wordCount\":1018,\"commentCount\":0,\"publisher\":{\"@id\":\"https:\\\/\\\/solidaridadintergeneracional.es\\\/wp\\\/#organization\"},\"articleSection\":[\"La Salud y Su cuidado\",\"Noticias Bolet\u00edn\"],\"inLanguage\":\"es\",\"potentialAction\":[{\"@type\":\"CommentAction\",\"name\":\"Comment\",\"target\":[\"https:\\\/\\\/solidaridadintergeneracional.es\\\/wp\\\/las-10-habilidades-para-la-vida\\\/#respond\"]}]},{\"@type\":\"WebPage\",\"@id\":\"https:\\\/\\\/solidaridadintergeneracional.es\\\/wp\\\/las-10-habilidades-para-la-vida\\\/\",\"url\":\"https:\\\/\\\/solidaridadintergeneracional.es\\\/wp\\\/las-10-habilidades-para-la-vida\\\/\",\"name\":\"Las 10 habilidades para la vida &#8211; Solidaridad Intergeneracional\",\"isPartOf\":{\"@id\":\"https:\\\/\\\/solidaridadintergeneracional.es\\\/wp\\\/#website\"},\"datePublished\":\"2016-10-06T00:00:00+00:00\",\"breadcrumb\":{\"@id\":\"https:\\\/\\\/solidaridadintergeneracional.es\\\/wp\\\/las-10-habilidades-para-la-vida\\\/#breadcrumb\"},\"inLanguage\":\"es\",\"potentialAction\":[{\"@type\":\"ReadAction\",\"target\":[\"https:\\\/\\\/solidaridadintergeneracional.es\\\/wp\\\/las-10-habilidades-para-la-vida\\\/\"]}]},{\"@type\":\"BreadcrumbList\",\"@id\":\"https:\\\/\\\/solidaridadintergeneracional.es\\\/wp\\\/las-10-habilidades-para-la-vida\\\/#breadcrumb\",\"itemListElement\":[{\"@type\":\"ListItem\",\"position\":1,\"name\":\"Portada\",\"item\":\"https:\\\/\\\/solidaridadintergeneracional.es\\\/wp\\\/\"},{\"@type\":\"ListItem\",\"position\":2,\"name\":\"Las 10 habilidades para la vida\"}]},{\"@type\":\"WebSite\",\"@id\":\"https:\\\/\\\/solidaridadintergeneracional.es\\\/wp\\\/#website\",\"url\":\"https:\\\/\\\/solidaridadintergeneracional.es\\\/wp\\\/\",\"name\":\"Solidaridad Intergeneracional\",\"description\":\"Toda la informaci\u00f3n sociosanitaria a tu servicio\",\"publisher\":{\"@id\":\"https:\\\/\\\/solidaridadintergeneracional.es\\\/wp\\\/#organization\"},\"potentialAction\":[{\"@type\":\"SearchAction\",\"target\":{\"@type\":\"EntryPoint\",\"urlTemplate\":\"https:\\\/\\\/solidaridadintergeneracional.es\\\/wp\\\/?s={search_term_string}\"},\"query-input\":{\"@type\":\"PropertyValueSpecification\",\"valueRequired\":true,\"valueName\":\"search_term_string\"}}],\"inLanguage\":\"es\"},{\"@type\":\"Organization\",\"@id\":\"https:\\\/\\\/solidaridadintergeneracional.es\\\/wp\\\/#organization\",\"name\":\"Solidaridad Intergeneracional\",\"url\":\"https:\\\/\\\/solidaridadintergeneracional.es\\\/wp\\\/\",\"logo\":{\"@type\":\"ImageObject\",\"inLanguage\":\"es\",\"@id\":\"https:\\\/\\\/solidaridadintergeneracional.es\\\/wp\\\/#\\\/schema\\\/logo\\\/image\\\/\",\"url\":\"https:\\\/\\\/solidaridadintergeneracional.es\\\/wp\\\/wp-content\\\/uploads\\\/2020\\\/02\\\/logo-solidaridad.963ff81b.png\",\"contentUrl\":\"https:\\\/\\\/solidaridadintergeneracional.es\\\/wp\\\/wp-content\\\/uploads\\\/2020\\\/02\\\/logo-solidaridad.963ff81b.png\",\"width\":825,\"height\":288,\"caption\":\"Solidaridad Intergeneracional\"},\"image\":{\"@id\":\"https:\\\/\\\/solidaridadintergeneracional.es\\\/wp\\\/#\\\/schema\\\/logo\\\/image\\\/\"},\"sameAs\":[\"https:\\\/\\\/www.facebook.com\\\/SolidaridadIntergeneracional\\\/\",\"https:\\\/\\\/x.com\\\/E_Familia_\",\"https:\\\/\\\/www.youtube.com\\\/channel\\\/UCt5BNW3Z7_ACkBDg_6ujXTQ\"]},{\"@type\":\"Person\",\"@id\":\"https:\\\/\\\/solidaridadintergeneracional.es\\\/wp\\\/#\\\/schema\\\/person\\\/e8b31aad699715395f8afbf3f8755d51\",\"name\":\"Solidaridad Intergeneracional\",\"image\":{\"@type\":\"ImageObject\",\"inLanguage\":\"es\",\"@id\":\"https:\\\/\\\/secure.gravatar.com\\\/avatar\\\/e18721a5c4aaa3fecf1fe45b5d7708a7037f8a862dbc28483b4cf55a6ac0fb56?s=96&d=mm&r=g\",\"url\":\"https:\\\/\\\/secure.gravatar.com\\\/avatar\\\/e18721a5c4aaa3fecf1fe45b5d7708a7037f8a862dbc28483b4cf55a6ac0fb56?s=96&d=mm&r=g\",\"contentUrl\":\"https:\\\/\\\/secure.gravatar.com\\\/avatar\\\/e18721a5c4aaa3fecf1fe45b5d7708a7037f8a862dbc28483b4cf55a6ac0fb56?s=96&d=mm&r=g\",\"caption\":\"Solidaridad Intergeneracional\"},\"url\":\"https:\\\/\\\/solidaridadintergeneracional.es\\\/wp\\\/author\\\/admin\\\/\"}]}<\/script>\n<!-- \/ Yoast SEO plugin. -->","yoast_head_json":{"title":"Las 10 habilidades para la vida &#8211; Solidaridad Intergeneracional","robots":{"index":"index","follow":"follow","max-snippet":"max-snippet:-1","max-image-preview":"max-image-preview:large","max-video-preview":"max-video-preview:-1"},"canonical":"https:\/\/solidaridadintergeneracional.es\/wp\/las-10-habilidades-para-la-vida\/","og_locale":"es_ES","og_type":"article","og_title":"Las 10 habilidades para la vida &#8211; Solidaridad Intergeneracional","og_description":"El desarrollo de estas habilidades favorece que las personas sean capaces de elegir estilos de vida saludables","og_url":"https:\/\/solidaridadintergeneracional.es\/wp\/las-10-habilidades-para-la-vida\/","og_site_name":"Solidaridad Intergeneracional","article_publisher":"https:\/\/www.facebook.com\/SolidaridadIntergeneracional\/","article_published_time":"2016-10-06T00:00:00+00:00","author":"Solidaridad Intergeneracional","twitter_card":"summary_large_image","twitter_creator":"@E_Familia_","twitter_site":"@E_Familia_","twitter_misc":{"Escrito por":"Solidaridad Intergeneracional","Tiempo de lectura":"5 minutos"},"schema":{"@context":"https:\/\/schema.org","@graph":[{"@type":"Article","@id":"https:\/\/solidaridadintergeneracional.es\/wp\/las-10-habilidades-para-la-vida\/#article","isPartOf":{"@id":"https:\/\/solidaridadintergeneracional.es\/wp\/las-10-habilidades-para-la-vida\/"},"author":{"name":"Solidaridad Intergeneracional","@id":"https:\/\/solidaridadintergeneracional.es\/wp\/#\/schema\/person\/e8b31aad699715395f8afbf3f8755d51"},"headline":"Las 10 habilidades para la vida","datePublished":"2016-10-06T00:00:00+00:00","mainEntityOfPage":{"@id":"https:\/\/solidaridadintergeneracional.es\/wp\/las-10-habilidades-para-la-vida\/"},"wordCount":1018,"commentCount":0,"publisher":{"@id":"https:\/\/solidaridadintergeneracional.es\/wp\/#organization"},"articleSection":["La Salud y Su cuidado","Noticias Bolet\u00edn"],"inLanguage":"es","potentialAction":[{"@type":"CommentAction","name":"Comment","target":["https:\/\/solidaridadintergeneracional.es\/wp\/las-10-habilidades-para-la-vida\/#respond"]}]},{"@type":"WebPage","@id":"https:\/\/solidaridadintergeneracional.es\/wp\/las-10-habilidades-para-la-vida\/","url":"https:\/\/solidaridadintergeneracional.es\/wp\/las-10-habilidades-para-la-vida\/","name":"Las 10 habilidades para la vida &#8211; Solidaridad Intergeneracional","isPartOf":{"@id":"https:\/\/solidaridadintergeneracional.es\/wp\/#website"},"datePublished":"2016-10-06T00:00:00+00:00","breadcrumb":{"@id":"https:\/\/solidaridadintergeneracional.es\/wp\/las-10-habilidades-para-la-vida\/#breadcrumb"},"inLanguage":"es","potentialAction":[{"@type":"ReadAction","target":["https:\/\/solidaridadintergeneracional.es\/wp\/las-10-habilidades-para-la-vida\/"]}]},{"@type":"BreadcrumbList","@id":"https:\/\/solidaridadintergeneracional.es\/wp\/las-10-habilidades-para-la-vida\/#breadcrumb","itemListElement":[{"@type":"ListItem","position":1,"name":"Portada","item":"https:\/\/solidaridadintergeneracional.es\/wp\/"},{"@type":"ListItem","position":2,"name":"Las 10 habilidades para la vida"}]},{"@type":"WebSite","@id":"https:\/\/solidaridadintergeneracional.es\/wp\/#website","url":"https:\/\/solidaridadintergeneracional.es\/wp\/","name":"Solidaridad Intergeneracional","description":"Toda la informaci\u00f3n sociosanitaria a tu servicio","publisher":{"@id":"https:\/\/solidaridadintergeneracional.es\/wp\/#organization"},"potentialAction":[{"@type":"SearchAction","target":{"@type":"EntryPoint","urlTemplate":"https:\/\/solidaridadintergeneracional.es\/wp\/?s={search_term_string}"},"query-input":{"@type":"PropertyValueSpecification","valueRequired":true,"valueName":"search_term_string"}}],"inLanguage":"es"},{"@type":"Organization","@id":"https:\/\/solidaridadintergeneracional.es\/wp\/#organization","name":"Solidaridad Intergeneracional","url":"https:\/\/solidaridadintergeneracional.es\/wp\/","logo":{"@type":"ImageObject","inLanguage":"es","@id":"https:\/\/solidaridadintergeneracional.es\/wp\/#\/schema\/logo\/image\/","url":"https:\/\/solidaridadintergeneracional.es\/wp\/wp-content\/uploads\/2020\/02\/logo-solidaridad.963ff81b.png","contentUrl":"https:\/\/solidaridadintergeneracional.es\/wp\/wp-content\/uploads\/2020\/02\/logo-solidaridad.963ff81b.png","width":825,"height":288,"caption":"Solidaridad Intergeneracional"},"image":{"@id":"https:\/\/solidaridadintergeneracional.es\/wp\/#\/schema\/logo\/image\/"},"sameAs":["https:\/\/www.facebook.com\/SolidaridadIntergeneracional\/","https:\/\/x.com\/E_Familia_","https:\/\/www.youtube.com\/channel\/UCt5BNW3Z7_ACkBDg_6ujXTQ"]},{"@type":"Person","@id":"https:\/\/solidaridadintergeneracional.es\/wp\/#\/schema\/person\/e8b31aad699715395f8afbf3f8755d51","name":"Solidaridad Intergeneracional","image":{"@type":"ImageObject","inLanguage":"es","@id":"https:\/\/secure.gravatar.com\/avatar\/e18721a5c4aaa3fecf1fe45b5d7708a7037f8a862dbc28483b4cf55a6ac0fb56?s=96&d=mm&r=g","url":"https:\/\/secure.gravatar.com\/avatar\/e18721a5c4aaa3fecf1fe45b5d7708a7037f8a862dbc28483b4cf55a6ac0fb56?s=96&d=mm&r=g","contentUrl":"https:\/\/secure.gravatar.com\/avatar\/e18721a5c4aaa3fecf1fe45b5d7708a7037f8a862dbc28483b4cf55a6ac0fb56?s=96&d=mm&r=g","caption":"Solidaridad Intergeneracional"},"url":"https:\/\/solidaridadintergeneracional.es\/wp\/author\/admin\/"}]}},"_links":{"self":[{"href":"https:\/\/solidaridadintergeneracional.es\/wp\/wp-json\/wp\/v2\/posts\/23845","targetHints":{"allow":["GET"]}}],"collection":[{"href":"https:\/\/solidaridadintergeneracional.es\/wp\/wp-json\/wp\/v2\/posts"}],"about":[{"href":"https:\/\/solidaridadintergeneracional.es\/wp\/wp-json\/wp\/v2\/types\/post"}],"author":[{"embeddable":true,"href":"https:\/\/solidaridadintergeneracional.es\/wp\/wp-json\/wp\/v2\/users\/1"}],"replies":[{"embeddable":true,"href":"https:\/\/solidaridadintergeneracional.es\/wp\/wp-json\/wp\/v2\/comments?post=23845"}],"version-history":[{"count":0,"href":"https:\/\/solidaridadintergeneracional.es\/wp\/wp-json\/wp\/v2\/posts\/23845\/revisions"}],"wp:attachment":[{"href":"https:\/\/solidaridadintergeneracional.es\/wp\/wp-json\/wp\/v2\/media?parent=23845"}],"wp:term":[{"taxonomy":"category","embeddable":true,"href":"https:\/\/solidaridadintergeneracional.es\/wp\/wp-json\/wp\/v2\/categories?post=23845"},{"taxonomy":"post_tag","embeddable":true,"href":"https:\/\/solidaridadintergeneracional.es\/wp\/wp-json\/wp\/v2\/tags?post=23845"}],"curies":[{"name":"wp","href":"https:\/\/api.w.org\/{rel}","templated":true}]}}