{"id":22635,"date":"2014-02-05T00:00:00","date_gmt":"2014-02-05T00:00:00","guid":{"rendered":"http:\/\/efamilia.es\/wp\/domingos-en-familia-amplia-en-denia-la-oferta-destinada-a-padres-hijos-y-abuelos\/"},"modified":"2014-02-05T00:00:00","modified_gmt":"2014-02-05T00:00:00","slug":"domingos-en-familia-amplia-en-denia-la-oferta-destinada-a-padres-hijos-y-abuelos","status":"publish","type":"post","link":"https:\/\/solidaridadintergeneracional.es\/wp\/domingos-en-familia-amplia-en-denia-la-oferta-destinada-a-padres-hijos-y-abuelos\/","title":{"rendered":"&#8216;Domingos en familia&#8217; ampl\u00eda en D\u00e9nia la oferta destinada a padres, hijos y abuelos"},"content":{"rendered":"<h4>Las actividades comenzar\u00e1n el pr\u00f3ximo d\u00eda 2 de febrero y seguir\u00e1n una vez al mes hasta junio<\/h4>\n<p>R.D. &#8211; D\u00c9NIA<\/p>\n<p>La concejala de Juventud, Isabel Gallego, present\u00f3 el calendario de la actividad &#8216;Domingos en familia&#8217; para el primer semestre del a\u00f1o. Estas ma\u00f1anas de diversi\u00f3n y convivencia entre padres, hijos, abuelos y hermanos \u00abtiene cada d\u00eda m\u00e1s \u00e9xito y est\u00e1 m\u00e1s consolidada\u00bb, por lo que la concejal\u00eda continuar\u00e1 apostando por ella y trabajando para mejorarla.<\/p>\n<p>En los pr\u00f3ximos meses, &#8216;Domingos en familia&#8217; sumar\u00e1 a el entretenimiento habitual -hinchables, ping-pong, spiribol, canastas de baloncesto y talleres pl\u00e1sticos- muchas novedades y sorpresas. Isabel Gallego adelant\u00f3 unas cuantas, como juegos gigantes -ajedrez, tres en raya o diana-; karaoke, roc\u00f3dromo o juegos hinchables de reto.<\/p>\n<p>Los &#8216;Domingos en familia&#8217; tendr\u00e1n lugar el 2 de febrero, 2 de marzo, 30 de marzo, 25 de mayo y 29 de junio. En el mes de abril, coincidiendo con las vacaciones de Pascua, la actividad se trasladar\u00e1 al martes d\u00eda 22.<\/p>\n<p>&#8216;Domingos en familia&#8217; se realiza en la Sala Polivalente de Llun\u00e0tics, en horario de 11 a 14 horas. La participaci\u00f3n es gratuita.<\/p>\n<p>La edil indic\u00f3 que las participantes del Festival Infantil de la Can\u00e7\u00f3 FIC actuar\u00e1n para los pacientes del hospital de La Pedrera el 8 de febrero, a las 17.30 horas.<\/p>\n<p>Seg\u00fan coment\u00f3, \u00abcon ello intentamos al igual que hicimos en el pasado mes de diciembre en la residencia de Santa Ll\u00facia, que los usuarios y sus familiares pasen una tarde de fin de semana alegre, entretenida y amena\u00bb.<\/p>\n<p>La responsable de Juventud de D\u00e9nia tambi\u00e9n apunt\u00f3 ha anunciado que a partir de febrero se impartir\u00e1 en Llun\u00e0tics un nuevo curso de actividades creativas socio-culturales dirigido a ni\u00f1os.<\/p>\n<p>La actividad es gratuita y ser\u00e1 los viernes de febrero, marzo y abril, de 17.30 a 19 horas, en el Aula 2 del centro juvenil Llun\u00e0tics. El \u00fanico requisito de los participantes es tener el carn\u00e9 Llun\u00e0tics en vigor.<\/p>\n<p>El curso es para un m\u00e1ximo de 20 participantes. No obstante, la concejala dijo que si la demanda es superior, se habilitar\u00eda otro grupo con un horario distinto.<\/p>\n<p>Los ni\u00f1os har\u00e1n, entre otras catividades, reciclaje, cuentacuentos, manualidades, disfraces, juegos tradicionales, expresi\u00f3n corporal, psicomotricidad y relajaci\u00f3n.<\/p>\n<p><a href=\"http:\/\/www.lasprovincias.es\/v\/20140124\/marina\/domingos-familia-amplia-denia-20140124.html\">www.lasprovincias.es\/v\/20140124\/marina\/domingos-familia-amplia-denia-20140124.html<\/a><\/p>\n","protected":false},"excerpt":{"rendered":"<p>Las actividades comenzar\u00e1n el pr\u00f3ximo d\u00eda 2 de febrero y seguir\u00e1n una vez al mes hasta junio<\/p>\n","protected":false},"author":1,"featured_media":0,"comment_status":"open","ping_status":"open","sticky":false,"template":"","format":"standard","meta":{"footnotes":""},"categories":[328,321],"tags":[],"class_list":["post-22635","post","type-post","status-publish","format-standard","hentry","category-noticiasboletin","category-noticiasdeinterespre2019"],"yoast_head":"<!-- This site is optimized with the Yoast SEO plugin v27.5 - https:\/\/yoast.com\/product\/yoast-seo-wordpress\/ -->\n<title>&#039;Domingos en familia&#039; ampl\u00eda en D\u00e9nia la oferta destinada a padres, hijos y abuelos &#8211; Solidaridad Intergeneracional<\/title>\n<meta name=\"robots\" content=\"index, follow, max-snippet:-1, max-image-preview:large, max-video-preview:-1\" \/>\n<link rel=\"canonical\" href=\"https:\/\/solidaridadintergeneracional.es\/wp\/domingos-en-familia-amplia-en-denia-la-oferta-destinada-a-padres-hijos-y-abuelos\/\" \/>\n<meta property=\"og:locale\" content=\"es_ES\" \/>\n<meta property=\"og:type\" content=\"article\" \/>\n<meta property=\"og:title\" content=\"&#039;Domingos en familia&#039; ampl\u00eda en D\u00e9nia la oferta destinada a padres, hijos y abuelos &#8211; Solidaridad Intergeneracional\" \/>\n<meta property=\"og:description\" content=\"Las actividades comenzar\u00e1n el pr\u00f3ximo d\u00eda 2 de febrero y seguir\u00e1n una vez al mes hasta junio\" \/>\n<meta property=\"og:url\" content=\"https:\/\/solidaridadintergeneracional.es\/wp\/domingos-en-familia-amplia-en-denia-la-oferta-destinada-a-padres-hijos-y-abuelos\/\" \/>\n<meta property=\"og:site_name\" content=\"Solidaridad Intergeneracional\" \/>\n<meta property=\"article:publisher\" content=\"https:\/\/www.facebook.com\/SolidaridadIntergeneracional\/\" \/>\n<meta property=\"article:published_time\" content=\"2014-02-05T00:00:00+00:00\" \/>\n<meta name=\"author\" content=\"Solidaridad Intergeneracional\" \/>\n<meta name=\"twitter:card\" content=\"summary_large_image\" \/>\n<meta name=\"twitter:creator\" content=\"@E_Familia_\" \/>\n<meta name=\"twitter:site\" content=\"@E_Familia_\" \/>\n<meta name=\"twitter:label1\" content=\"Escrito por\" \/>\n\t<meta name=\"twitter:data1\" content=\"Solidaridad Intergeneracional\" \/>\n\t<meta name=\"twitter:label2\" content=\"Tiempo de lectura\" \/>\n\t<meta name=\"twitter:data2\" content=\"2 minutos\" \/>\n<script type=\"application\/ld+json\" class=\"yoast-schema-graph\">{\"@context\":\"https:\\\/\\\/schema.org\",\"@graph\":[{\"@type\":\"Article\",\"@id\":\"https:\\\/\\\/solidaridadintergeneracional.es\\\/wp\\\/domingos-en-familia-amplia-en-denia-la-oferta-destinada-a-padres-hijos-y-abuelos\\\/#article\",\"isPartOf\":{\"@id\":\"https:\\\/\\\/solidaridadintergeneracional.es\\\/wp\\\/domingos-en-familia-amplia-en-denia-la-oferta-destinada-a-padres-hijos-y-abuelos\\\/\"},\"author\":{\"name\":\"Solidaridad Intergeneracional\",\"@id\":\"https:\\\/\\\/solidaridadintergeneracional.es\\\/wp\\\/#\\\/schema\\\/person\\\/e8b31aad699715395f8afbf3f8755d51\"},\"headline\":\"&#8216;Domingos en familia&#8217; ampl\u00eda en D\u00e9nia la oferta destinada a padres, hijos y abuelos\",\"datePublished\":\"2014-02-05T00:00:00+00:00\",\"mainEntityOfPage\":{\"@id\":\"https:\\\/\\\/solidaridadintergeneracional.es\\\/wp\\\/domingos-en-familia-amplia-en-denia-la-oferta-destinada-a-padres-hijos-y-abuelos\\\/\"},\"wordCount\":409,\"commentCount\":0,\"publisher\":{\"@id\":\"https:\\\/\\\/solidaridadintergeneracional.es\\\/wp\\\/#organization\"},\"articleSection\":[\"Noticias Bolet\u00edn\",\"Noticias de interes Pre 2019\"],\"inLanguage\":\"es\",\"potentialAction\":[{\"@type\":\"CommentAction\",\"name\":\"Comment\",\"target\":[\"https:\\\/\\\/solidaridadintergeneracional.es\\\/wp\\\/domingos-en-familia-amplia-en-denia-la-oferta-destinada-a-padres-hijos-y-abuelos\\\/#respond\"]}]},{\"@type\":\"WebPage\",\"@id\":\"https:\\\/\\\/solidaridadintergeneracional.es\\\/wp\\\/domingos-en-familia-amplia-en-denia-la-oferta-destinada-a-padres-hijos-y-abuelos\\\/\",\"url\":\"https:\\\/\\\/solidaridadintergeneracional.es\\\/wp\\\/domingos-en-familia-amplia-en-denia-la-oferta-destinada-a-padres-hijos-y-abuelos\\\/\",\"name\":\"'Domingos en familia' ampl\u00eda en D\u00e9nia la oferta destinada a padres, hijos y abuelos &#8211; Solidaridad Intergeneracional\",\"isPartOf\":{\"@id\":\"https:\\\/\\\/solidaridadintergeneracional.es\\\/wp\\\/#website\"},\"datePublished\":\"2014-02-05T00:00:00+00:00\",\"breadcrumb\":{\"@id\":\"https:\\\/\\\/solidaridadintergeneracional.es\\\/wp\\\/domingos-en-familia-amplia-en-denia-la-oferta-destinada-a-padres-hijos-y-abuelos\\\/#breadcrumb\"},\"inLanguage\":\"es\",\"potentialAction\":[{\"@type\":\"ReadAction\",\"target\":[\"https:\\\/\\\/solidaridadintergeneracional.es\\\/wp\\\/domingos-en-familia-amplia-en-denia-la-oferta-destinada-a-padres-hijos-y-abuelos\\\/\"]}]},{\"@type\":\"BreadcrumbList\",\"@id\":\"https:\\\/\\\/solidaridadintergeneracional.es\\\/wp\\\/domingos-en-familia-amplia-en-denia-la-oferta-destinada-a-padres-hijos-y-abuelos\\\/#breadcrumb\",\"itemListElement\":[{\"@type\":\"ListItem\",\"position\":1,\"name\":\"Portada\",\"item\":\"https:\\\/\\\/solidaridadintergeneracional.es\\\/wp\\\/\"},{\"@type\":\"ListItem\",\"position\":2,\"name\":\"&#8216;Domingos en familia&#8217; ampl\u00eda en D\u00e9nia la oferta destinada a padres, hijos y abuelos\"}]},{\"@type\":\"WebSite\",\"@id\":\"https:\\\/\\\/solidaridadintergeneracional.es\\\/wp\\\/#website\",\"url\":\"https:\\\/\\\/solidaridadintergeneracional.es\\\/wp\\\/\",\"name\":\"Solidaridad Intergeneracional\",\"description\":\"Toda la informaci\u00f3n sociosanitaria a tu servicio\",\"publisher\":{\"@id\":\"https:\\\/\\\/solidaridadintergeneracional.es\\\/wp\\\/#organization\"},\"potentialAction\":[{\"@type\":\"SearchAction\",\"target\":{\"@type\":\"EntryPoint\",\"urlTemplate\":\"https:\\\/\\\/solidaridadintergeneracional.es\\\/wp\\\/?s={search_term_string}\"},\"query-input\":{\"@type\":\"PropertyValueSpecification\",\"valueRequired\":true,\"valueName\":\"search_term_string\"}}],\"inLanguage\":\"es\"},{\"@type\":\"Organization\",\"@id\":\"https:\\\/\\\/solidaridadintergeneracional.es\\\/wp\\\/#organization\",\"name\":\"Solidaridad Intergeneracional\",\"url\":\"https:\\\/\\\/solidaridadintergeneracional.es\\\/wp\\\/\",\"logo\":{\"@type\":\"ImageObject\",\"inLanguage\":\"es\",\"@id\":\"https:\\\/\\\/solidaridadintergeneracional.es\\\/wp\\\/#\\\/schema\\\/logo\\\/image\\\/\",\"url\":\"https:\\\/\\\/solidaridadintergeneracional.es\\\/wp\\\/wp-content\\\/uploads\\\/2020\\\/02\\\/logo-solidaridad.963ff81b.png\",\"contentUrl\":\"https:\\\/\\\/solidaridadintergeneracional.es\\\/wp\\\/wp-content\\\/uploads\\\/2020\\\/02\\\/logo-solidaridad.963ff81b.png\",\"width\":825,\"height\":288,\"caption\":\"Solidaridad Intergeneracional\"},\"image\":{\"@id\":\"https:\\\/\\\/solidaridadintergeneracional.es\\\/wp\\\/#\\\/schema\\\/logo\\\/image\\\/\"},\"sameAs\":[\"https:\\\/\\\/www.facebook.com\\\/SolidaridadIntergeneracional\\\/\",\"https:\\\/\\\/x.com\\\/E_Familia_\",\"https:\\\/\\\/www.youtube.com\\\/channel\\\/UCt5BNW3Z7_ACkBDg_6ujXTQ\"]},{\"@type\":\"Person\",\"@id\":\"https:\\\/\\\/solidaridadintergeneracional.es\\\/wp\\\/#\\\/schema\\\/person\\\/e8b31aad699715395f8afbf3f8755d51\",\"name\":\"Solidaridad Intergeneracional\",\"image\":{\"@type\":\"ImageObject\",\"inLanguage\":\"es\",\"@id\":\"https:\\\/\\\/secure.gravatar.com\\\/avatar\\\/e18721a5c4aaa3fecf1fe45b5d7708a7037f8a862dbc28483b4cf55a6ac0fb56?s=96&d=mm&r=g\",\"url\":\"https:\\\/\\\/secure.gravatar.com\\\/avatar\\\/e18721a5c4aaa3fecf1fe45b5d7708a7037f8a862dbc28483b4cf55a6ac0fb56?s=96&d=mm&r=g\",\"contentUrl\":\"https:\\\/\\\/secure.gravatar.com\\\/avatar\\\/e18721a5c4aaa3fecf1fe45b5d7708a7037f8a862dbc28483b4cf55a6ac0fb56?s=96&d=mm&r=g\",\"caption\":\"Solidaridad Intergeneracional\"},\"url\":\"https:\\\/\\\/solidaridadintergeneracional.es\\\/wp\\\/author\\\/admin\\\/\"}]}<\/script>\n<!-- \/ Yoast SEO plugin. -->","yoast_head_json":{"title":"'Domingos en familia' ampl\u00eda en D\u00e9nia la oferta destinada a padres, hijos y abuelos &#8211; Solidaridad Intergeneracional","robots":{"index":"index","follow":"follow","max-snippet":"max-snippet:-1","max-image-preview":"max-image-preview:large","max-video-preview":"max-video-preview:-1"},"canonical":"https:\/\/solidaridadintergeneracional.es\/wp\/domingos-en-familia-amplia-en-denia-la-oferta-destinada-a-padres-hijos-y-abuelos\/","og_locale":"es_ES","og_type":"article","og_title":"'Domingos en familia' ampl\u00eda en D\u00e9nia la oferta destinada a padres, hijos y abuelos &#8211; Solidaridad Intergeneracional","og_description":"Las actividades comenzar\u00e1n el pr\u00f3ximo d\u00eda 2 de febrero y seguir\u00e1n una vez al mes hasta junio","og_url":"https:\/\/solidaridadintergeneracional.es\/wp\/domingos-en-familia-amplia-en-denia-la-oferta-destinada-a-padres-hijos-y-abuelos\/","og_site_name":"Solidaridad Intergeneracional","article_publisher":"https:\/\/www.facebook.com\/SolidaridadIntergeneracional\/","article_published_time":"2014-02-05T00:00:00+00:00","author":"Solidaridad Intergeneracional","twitter_card":"summary_large_image","twitter_creator":"@E_Familia_","twitter_site":"@E_Familia_","twitter_misc":{"Escrito por":"Solidaridad Intergeneracional","Tiempo de lectura":"2 minutos"},"schema":{"@context":"https:\/\/schema.org","@graph":[{"@type":"Article","@id":"https:\/\/solidaridadintergeneracional.es\/wp\/domingos-en-familia-amplia-en-denia-la-oferta-destinada-a-padres-hijos-y-abuelos\/#article","isPartOf":{"@id":"https:\/\/solidaridadintergeneracional.es\/wp\/domingos-en-familia-amplia-en-denia-la-oferta-destinada-a-padres-hijos-y-abuelos\/"},"author":{"name":"Solidaridad Intergeneracional","@id":"https:\/\/solidaridadintergeneracional.es\/wp\/#\/schema\/person\/e8b31aad699715395f8afbf3f8755d51"},"headline":"&#8216;Domingos en familia&#8217; ampl\u00eda en D\u00e9nia la oferta destinada a padres, hijos y abuelos","datePublished":"2014-02-05T00:00:00+00:00","mainEntityOfPage":{"@id":"https:\/\/solidaridadintergeneracional.es\/wp\/domingos-en-familia-amplia-en-denia-la-oferta-destinada-a-padres-hijos-y-abuelos\/"},"wordCount":409,"commentCount":0,"publisher":{"@id":"https:\/\/solidaridadintergeneracional.es\/wp\/#organization"},"articleSection":["Noticias Bolet\u00edn","Noticias de interes Pre 2019"],"inLanguage":"es","potentialAction":[{"@type":"CommentAction","name":"Comment","target":["https:\/\/solidaridadintergeneracional.es\/wp\/domingos-en-familia-amplia-en-denia-la-oferta-destinada-a-padres-hijos-y-abuelos\/#respond"]}]},{"@type":"WebPage","@id":"https:\/\/solidaridadintergeneracional.es\/wp\/domingos-en-familia-amplia-en-denia-la-oferta-destinada-a-padres-hijos-y-abuelos\/","url":"https:\/\/solidaridadintergeneracional.es\/wp\/domingos-en-familia-amplia-en-denia-la-oferta-destinada-a-padres-hijos-y-abuelos\/","name":"'Domingos en familia' ampl\u00eda en D\u00e9nia la oferta destinada a padres, hijos y abuelos &#8211; Solidaridad Intergeneracional","isPartOf":{"@id":"https:\/\/solidaridadintergeneracional.es\/wp\/#website"},"datePublished":"2014-02-05T00:00:00+00:00","breadcrumb":{"@id":"https:\/\/solidaridadintergeneracional.es\/wp\/domingos-en-familia-amplia-en-denia-la-oferta-destinada-a-padres-hijos-y-abuelos\/#breadcrumb"},"inLanguage":"es","potentialAction":[{"@type":"ReadAction","target":["https:\/\/solidaridadintergeneracional.es\/wp\/domingos-en-familia-amplia-en-denia-la-oferta-destinada-a-padres-hijos-y-abuelos\/"]}]},{"@type":"BreadcrumbList","@id":"https:\/\/solidaridadintergeneracional.es\/wp\/domingos-en-familia-amplia-en-denia-la-oferta-destinada-a-padres-hijos-y-abuelos\/#breadcrumb","itemListElement":[{"@type":"ListItem","position":1,"name":"Portada","item":"https:\/\/solidaridadintergeneracional.es\/wp\/"},{"@type":"ListItem","position":2,"name":"&#8216;Domingos en familia&#8217; ampl\u00eda en D\u00e9nia la oferta destinada a padres, hijos y abuelos"}]},{"@type":"WebSite","@id":"https:\/\/solidaridadintergeneracional.es\/wp\/#website","url":"https:\/\/solidaridadintergeneracional.es\/wp\/","name":"Solidaridad Intergeneracional","description":"Toda la informaci\u00f3n sociosanitaria a tu servicio","publisher":{"@id":"https:\/\/solidaridadintergeneracional.es\/wp\/#organization"},"potentialAction":[{"@type":"SearchAction","target":{"@type":"EntryPoint","urlTemplate":"https:\/\/solidaridadintergeneracional.es\/wp\/?s={search_term_string}"},"query-input":{"@type":"PropertyValueSpecification","valueRequired":true,"valueName":"search_term_string"}}],"inLanguage":"es"},{"@type":"Organization","@id":"https:\/\/solidaridadintergeneracional.es\/wp\/#organization","name":"Solidaridad Intergeneracional","url":"https:\/\/solidaridadintergeneracional.es\/wp\/","logo":{"@type":"ImageObject","inLanguage":"es","@id":"https:\/\/solidaridadintergeneracional.es\/wp\/#\/schema\/logo\/image\/","url":"https:\/\/solidaridadintergeneracional.es\/wp\/wp-content\/uploads\/2020\/02\/logo-solidaridad.963ff81b.png","contentUrl":"https:\/\/solidaridadintergeneracional.es\/wp\/wp-content\/uploads\/2020\/02\/logo-solidaridad.963ff81b.png","width":825,"height":288,"caption":"Solidaridad Intergeneracional"},"image":{"@id":"https:\/\/solidaridadintergeneracional.es\/wp\/#\/schema\/logo\/image\/"},"sameAs":["https:\/\/www.facebook.com\/SolidaridadIntergeneracional\/","https:\/\/x.com\/E_Familia_","https:\/\/www.youtube.com\/channel\/UCt5BNW3Z7_ACkBDg_6ujXTQ"]},{"@type":"Person","@id":"https:\/\/solidaridadintergeneracional.es\/wp\/#\/schema\/person\/e8b31aad699715395f8afbf3f8755d51","name":"Solidaridad Intergeneracional","image":{"@type":"ImageObject","inLanguage":"es","@id":"https:\/\/secure.gravatar.com\/avatar\/e18721a5c4aaa3fecf1fe45b5d7708a7037f8a862dbc28483b4cf55a6ac0fb56?s=96&d=mm&r=g","url":"https:\/\/secure.gravatar.com\/avatar\/e18721a5c4aaa3fecf1fe45b5d7708a7037f8a862dbc28483b4cf55a6ac0fb56?s=96&d=mm&r=g","contentUrl":"https:\/\/secure.gravatar.com\/avatar\/e18721a5c4aaa3fecf1fe45b5d7708a7037f8a862dbc28483b4cf55a6ac0fb56?s=96&d=mm&r=g","caption":"Solidaridad Intergeneracional"},"url":"https:\/\/solidaridadintergeneracional.es\/wp\/author\/admin\/"}]}},"_links":{"self":[{"href":"https:\/\/solidaridadintergeneracional.es\/wp\/wp-json\/wp\/v2\/posts\/22635","targetHints":{"allow":["GET"]}}],"collection":[{"href":"https:\/\/solidaridadintergeneracional.es\/wp\/wp-json\/wp\/v2\/posts"}],"about":[{"href":"https:\/\/solidaridadintergeneracional.es\/wp\/wp-json\/wp\/v2\/types\/post"}],"author":[{"embeddable":true,"href":"https:\/\/solidaridadintergeneracional.es\/wp\/wp-json\/wp\/v2\/users\/1"}],"replies":[{"embeddable":true,"href":"https:\/\/solidaridadintergeneracional.es\/wp\/wp-json\/wp\/v2\/comments?post=22635"}],"version-history":[{"count":0,"href":"https:\/\/solidaridadintergeneracional.es\/wp\/wp-json\/wp\/v2\/posts\/22635\/revisions"}],"wp:attachment":[{"href":"https:\/\/solidaridadintergeneracional.es\/wp\/wp-json\/wp\/v2\/media?parent=22635"}],"wp:term":[{"taxonomy":"category","embeddable":true,"href":"https:\/\/solidaridadintergeneracional.es\/wp\/wp-json\/wp\/v2\/categories?post=22635"},{"taxonomy":"post_tag","embeddable":true,"href":"https:\/\/solidaridadintergeneracional.es\/wp\/wp-json\/wp\/v2\/tags?post=22635"}],"curies":[{"name":"wp","href":"https:\/\/api.w.org\/{rel}","templated":true}]}}