{"id":22604,"date":"2014-02-05T00:00:00","date_gmt":"2014-02-05T00:00:00","guid":{"rendered":"http:\/\/efamilia.es\/wp\/oferta-de-27-000-plazas-de-viajes-para-mayores-en-castilla-y-leon\/"},"modified":"2014-02-05T00:00:00","modified_gmt":"2014-02-05T00:00:00","slug":"oferta-de-27-000-plazas-de-viajes-para-mayores-en-castilla-y-leon","status":"publish","type":"post","link":"https:\/\/solidaridadintergeneracional.es\/wp\/oferta-de-27-000-plazas-de-viajes-para-mayores-en-castilla-y-leon\/","title":{"rendered":"Oferta de 27.000 plazas de viajes para mayores en Castilla y Le\u00f3n"},"content":{"rendered":"<h4>A trav\u00e9s del \u2018Club de los 60\u2019<\/h4>\n<p>Redacci\u00f3n<\/p>\n<p>La Consejer\u00eda de Familia e Igualdad de Oportunidades de la Junta convocar\u00e1 una nueva edici\u00f3n de los viajes del \u2018Club de los 60\u2019, con una oferta de 27.000 plazas para que las personas mayores puedan viajar en primavera o en oto\u00f1o de este a\u00f1o a 30 destinos nacionales e internacionales.<\/p>\n<p>La programaci\u00f3n para este a\u00f1o incluye nuevos destinos como Canad\u00e1, Inglaterra, Selva Negra, Cuba y Marbella, y se recuperan otros como Mallorca, Cantabria y Polonia.<\/p>\n<p>Del total de viajes programados para este a\u00f1o, 16 se realizar\u00e1n en primavera y 14 en los meses de oto\u00f1o. Quienes desean viajar en primavera podr\u00e1n elegir entre ocho destinos internacionales diferentes: Canad\u00e1, Croacia, Noruega, Pa\u00edses Bajos, Italia norte, Inglaterra, Selva Negra y Cuba; y otras ocho estancias en Espa\u00f1a: Mallorca, Costa Brava, Pa\u00eds Vasco-Navarra-La Rioja, Galicia, Huelva, Oropesa del Mar (Castell\u00f3n), Cantabria y Burgos.<\/p>\n<p>Los que quieran viajar en oto\u00f1o tendr\u00e1n la posibilidad de escoger entre ocho destinos en el extranjero: Polonia, Praga-Viena-Budapest, Sicilia, Alemania oeste, Austria-Suiza, Par\u00eds, Italia sur o Portugal. Si deciden quedarse en Espa\u00f1a, tendr\u00e1n a su alcance conocer los pueblos blancos de C\u00e1diz, la costa de Almer\u00eda, Gran Canaria, Sevilla-Granada, Marbella o Valladolid.<\/p>\n<p>Castilla y Le\u00f3n<\/p>\n<p>Ante la buena acogida del programa \u2018Conoce Castilla y Le\u00f3n\u2019, provincia a provincia, que se estren\u00f3 el pasado a\u00f1o, la Consejer\u00eda ha decidido incrementar el n\u00famero de plazas, de 250 a 400, e incluir como destinos Burgos y Valladolid.<\/p>\n<p>El programa est\u00e1 dirigido a quienes se encuentren empadronados en Castilla y Le\u00f3n con al menos seis meses de antig\u00fcedad, que hayan cumplido los 60 a\u00f1os en el momento de la solicitud, en el caso de matrimonios o parejas con una convivencia similar a la conyugal, debidamente justificada, estar\u00e1 exento de cumplir este requisito uno de los solicitantes.<\/p>\n<p>Adem\u00e1s, entre los requisitos figuran que los solicitantes no padezcan enfermedades infecto-contagiosas o trastornos mentales que puedan alterar la convivencia durante el desarrollo del viaje. Asimismo, se mantiene la admisi\u00f3n de personas con discapacidad para todos los destinos, siempre que puedan valerse por s\u00ed mismos o con la ayuda de su acompa\u00f1ante.<\/p>\n<p>Solicitudes<\/p>\n<p>Las solicitudes deben presentarse a partir del 2 de febrero en las gerencias territoriales de Servicios Sociales de cada una de las provincias, salvo en Valladolid, que se har\u00e1 en la Oficina Central del &#8216;Club de los 60&#8217;. Los socios del club, adem\u00e1s, podr\u00e1n hacer la solicitud por tel\u00e9fono, llamando al 983 428206 o al 902 106060, o por internet en la p\u00e1gina www.jcyl.es\/club60.<\/p>\n<p>Cada persona deber\u00e1 presentar una \u00fanica solicitud en la que podr\u00e1 figurar un m\u00e1ximo de dos solicitantes y un m\u00e1ximo de cuatro destinos en cada campa\u00f1a (un total de ocho para este a\u00f1o), con un orden en la preferencia dentro de la solicitud.<\/p>\n<p>Adem\u00e1s, podr\u00e1 a\u00f1adir en la solicitud uno o los dos destinos propuestos del programa Conoce &#8216;Castilla y Le\u00f3n provincia a provincia&#8217;. La selecci\u00f3n de los participantes se realizar\u00e1 mediante sorteo, que se celebrar\u00e1 en cada una de las gerencias territoriales.<\/p>\n<p>A partir de ese momento, y a diferencia de a\u00f1os anteriores, la comunicaci\u00f3n y la gesti\u00f3n del programa con todos los mayores que participen en los viajes del &#8216;Club de los 60&#8217; se realizar\u00e1n de forma telef\u00f3nica y en coordinaci\u00f3n desde los servicios centrales de la Gerencia regional de Servicios Sociales con las agencias de viajes adjudicatarias.<\/p>\n<p><a href=\"http:\/\/avilared.com\/not\/8125\/oferta_de_27_000_plazas_de_viajes_para_mayores_en_castilla_y_leon\/\">avilared.com\/not\/8125\/oferta_de_27_000_plazas_de_viajes_para_mayores_en_castilla_y_leon\/<\/a><\/p>\n","protected":false},"excerpt":{"rendered":"<p>A trav\u00e9s del \u2018Club de los 60\u2019<\/p>\n","protected":false},"author":1,"featured_media":0,"comment_status":"open","ping_status":"open","sticky":false,"template":"","format":"standard","meta":{"footnotes":""},"categories":[328,321],"tags":[],"class_list":["post-22604","post","type-post","status-publish","format-standard","hentry","category-noticiasboletin","category-noticiasdeinterespre2019"],"yoast_head":"<!-- This site is optimized with the Yoast SEO plugin v27.5 - https:\/\/yoast.com\/product\/yoast-seo-wordpress\/ -->\n<title>Oferta de 27.000 plazas de viajes para mayores en Castilla y Le\u00f3n &#8211; Solidaridad Intergeneracional<\/title>\n<meta name=\"robots\" content=\"index, follow, max-snippet:-1, max-image-preview:large, max-video-preview:-1\" \/>\n<link rel=\"canonical\" href=\"https:\/\/solidaridadintergeneracional.es\/wp\/oferta-de-27-000-plazas-de-viajes-para-mayores-en-castilla-y-leon\/\" \/>\n<meta property=\"og:locale\" content=\"es_ES\" \/>\n<meta property=\"og:type\" content=\"article\" \/>\n<meta property=\"og:title\" content=\"Oferta de 27.000 plazas de viajes para mayores en Castilla y Le\u00f3n &#8211; Solidaridad Intergeneracional\" \/>\n<meta property=\"og:description\" content=\"A trav\u00e9s del \u2018Club de los 60\u2019\" \/>\n<meta property=\"og:url\" content=\"https:\/\/solidaridadintergeneracional.es\/wp\/oferta-de-27-000-plazas-de-viajes-para-mayores-en-castilla-y-leon\/\" \/>\n<meta property=\"og:site_name\" content=\"Solidaridad Intergeneracional\" \/>\n<meta property=\"article:publisher\" content=\"https:\/\/www.facebook.com\/SolidaridadIntergeneracional\/\" \/>\n<meta property=\"article:published_time\" content=\"2014-02-05T00:00:00+00:00\" \/>\n<meta name=\"author\" content=\"Solidaridad Intergeneracional\" \/>\n<meta name=\"twitter:card\" content=\"summary_large_image\" \/>\n<meta name=\"twitter:creator\" content=\"@E_Familia_\" \/>\n<meta name=\"twitter:site\" content=\"@E_Familia_\" \/>\n<meta name=\"twitter:label1\" content=\"Escrito por\" \/>\n\t<meta name=\"twitter:data1\" content=\"Solidaridad Intergeneracional\" \/>\n\t<meta name=\"twitter:label2\" content=\"Tiempo de lectura\" \/>\n\t<meta name=\"twitter:data2\" content=\"3 minutos\" \/>\n<script type=\"application\/ld+json\" class=\"yoast-schema-graph\">{\"@context\":\"https:\\\/\\\/schema.org\",\"@graph\":[{\"@type\":\"Article\",\"@id\":\"https:\\\/\\\/solidaridadintergeneracional.es\\\/wp\\\/oferta-de-27-000-plazas-de-viajes-para-mayores-en-castilla-y-leon\\\/#article\",\"isPartOf\":{\"@id\":\"https:\\\/\\\/solidaridadintergeneracional.es\\\/wp\\\/oferta-de-27-000-plazas-de-viajes-para-mayores-en-castilla-y-leon\\\/\"},\"author\":{\"name\":\"Solidaridad Intergeneracional\",\"@id\":\"https:\\\/\\\/solidaridadintergeneracional.es\\\/wp\\\/#\\\/schema\\\/person\\\/e8b31aad699715395f8afbf3f8755d51\"},\"headline\":\"Oferta de 27.000 plazas de viajes para mayores en Castilla y Le\u00f3n\",\"datePublished\":\"2014-02-05T00:00:00+00:00\",\"mainEntityOfPage\":{\"@id\":\"https:\\\/\\\/solidaridadintergeneracional.es\\\/wp\\\/oferta-de-27-000-plazas-de-viajes-para-mayores-en-castilla-y-leon\\\/\"},\"wordCount\":625,\"commentCount\":0,\"publisher\":{\"@id\":\"https:\\\/\\\/solidaridadintergeneracional.es\\\/wp\\\/#organization\"},\"articleSection\":[\"Noticias Bolet\u00edn\",\"Noticias de interes Pre 2019\"],\"inLanguage\":\"es\",\"potentialAction\":[{\"@type\":\"CommentAction\",\"name\":\"Comment\",\"target\":[\"https:\\\/\\\/solidaridadintergeneracional.es\\\/wp\\\/oferta-de-27-000-plazas-de-viajes-para-mayores-en-castilla-y-leon\\\/#respond\"]}]},{\"@type\":\"WebPage\",\"@id\":\"https:\\\/\\\/solidaridadintergeneracional.es\\\/wp\\\/oferta-de-27-000-plazas-de-viajes-para-mayores-en-castilla-y-leon\\\/\",\"url\":\"https:\\\/\\\/solidaridadintergeneracional.es\\\/wp\\\/oferta-de-27-000-plazas-de-viajes-para-mayores-en-castilla-y-leon\\\/\",\"name\":\"Oferta de 27.000 plazas de viajes para mayores en Castilla y Le\u00f3n &#8211; Solidaridad Intergeneracional\",\"isPartOf\":{\"@id\":\"https:\\\/\\\/solidaridadintergeneracional.es\\\/wp\\\/#website\"},\"datePublished\":\"2014-02-05T00:00:00+00:00\",\"breadcrumb\":{\"@id\":\"https:\\\/\\\/solidaridadintergeneracional.es\\\/wp\\\/oferta-de-27-000-plazas-de-viajes-para-mayores-en-castilla-y-leon\\\/#breadcrumb\"},\"inLanguage\":\"es\",\"potentialAction\":[{\"@type\":\"ReadAction\",\"target\":[\"https:\\\/\\\/solidaridadintergeneracional.es\\\/wp\\\/oferta-de-27-000-plazas-de-viajes-para-mayores-en-castilla-y-leon\\\/\"]}]},{\"@type\":\"BreadcrumbList\",\"@id\":\"https:\\\/\\\/solidaridadintergeneracional.es\\\/wp\\\/oferta-de-27-000-plazas-de-viajes-para-mayores-en-castilla-y-leon\\\/#breadcrumb\",\"itemListElement\":[{\"@type\":\"ListItem\",\"position\":1,\"name\":\"Portada\",\"item\":\"https:\\\/\\\/solidaridadintergeneracional.es\\\/wp\\\/\"},{\"@type\":\"ListItem\",\"position\":2,\"name\":\"Oferta de 27.000 plazas de viajes para mayores en Castilla y Le\u00f3n\"}]},{\"@type\":\"WebSite\",\"@id\":\"https:\\\/\\\/solidaridadintergeneracional.es\\\/wp\\\/#website\",\"url\":\"https:\\\/\\\/solidaridadintergeneracional.es\\\/wp\\\/\",\"name\":\"Solidaridad Intergeneracional\",\"description\":\"Toda la informaci\u00f3n sociosanitaria a tu servicio\",\"publisher\":{\"@id\":\"https:\\\/\\\/solidaridadintergeneracional.es\\\/wp\\\/#organization\"},\"potentialAction\":[{\"@type\":\"SearchAction\",\"target\":{\"@type\":\"EntryPoint\",\"urlTemplate\":\"https:\\\/\\\/solidaridadintergeneracional.es\\\/wp\\\/?s={search_term_string}\"},\"query-input\":{\"@type\":\"PropertyValueSpecification\",\"valueRequired\":true,\"valueName\":\"search_term_string\"}}],\"inLanguage\":\"es\"},{\"@type\":\"Organization\",\"@id\":\"https:\\\/\\\/solidaridadintergeneracional.es\\\/wp\\\/#organization\",\"name\":\"Solidaridad Intergeneracional\",\"url\":\"https:\\\/\\\/solidaridadintergeneracional.es\\\/wp\\\/\",\"logo\":{\"@type\":\"ImageObject\",\"inLanguage\":\"es\",\"@id\":\"https:\\\/\\\/solidaridadintergeneracional.es\\\/wp\\\/#\\\/schema\\\/logo\\\/image\\\/\",\"url\":\"https:\\\/\\\/solidaridadintergeneracional.es\\\/wp\\\/wp-content\\\/uploads\\\/2020\\\/02\\\/logo-solidaridad.963ff81b.png\",\"contentUrl\":\"https:\\\/\\\/solidaridadintergeneracional.es\\\/wp\\\/wp-content\\\/uploads\\\/2020\\\/02\\\/logo-solidaridad.963ff81b.png\",\"width\":825,\"height\":288,\"caption\":\"Solidaridad Intergeneracional\"},\"image\":{\"@id\":\"https:\\\/\\\/solidaridadintergeneracional.es\\\/wp\\\/#\\\/schema\\\/logo\\\/image\\\/\"},\"sameAs\":[\"https:\\\/\\\/www.facebook.com\\\/SolidaridadIntergeneracional\\\/\",\"https:\\\/\\\/x.com\\\/E_Familia_\",\"https:\\\/\\\/www.youtube.com\\\/channel\\\/UCt5BNW3Z7_ACkBDg_6ujXTQ\"]},{\"@type\":\"Person\",\"@id\":\"https:\\\/\\\/solidaridadintergeneracional.es\\\/wp\\\/#\\\/schema\\\/person\\\/e8b31aad699715395f8afbf3f8755d51\",\"name\":\"Solidaridad Intergeneracional\",\"image\":{\"@type\":\"ImageObject\",\"inLanguage\":\"es\",\"@id\":\"https:\\\/\\\/secure.gravatar.com\\\/avatar\\\/e18721a5c4aaa3fecf1fe45b5d7708a7037f8a862dbc28483b4cf55a6ac0fb56?s=96&d=mm&r=g\",\"url\":\"https:\\\/\\\/secure.gravatar.com\\\/avatar\\\/e18721a5c4aaa3fecf1fe45b5d7708a7037f8a862dbc28483b4cf55a6ac0fb56?s=96&d=mm&r=g\",\"contentUrl\":\"https:\\\/\\\/secure.gravatar.com\\\/avatar\\\/e18721a5c4aaa3fecf1fe45b5d7708a7037f8a862dbc28483b4cf55a6ac0fb56?s=96&d=mm&r=g\",\"caption\":\"Solidaridad Intergeneracional\"},\"url\":\"https:\\\/\\\/solidaridadintergeneracional.es\\\/wp\\\/author\\\/admin\\\/\"}]}<\/script>\n<!-- \/ Yoast SEO plugin. -->","yoast_head_json":{"title":"Oferta de 27.000 plazas de viajes para mayores en Castilla y Le\u00f3n &#8211; Solidaridad Intergeneracional","robots":{"index":"index","follow":"follow","max-snippet":"max-snippet:-1","max-image-preview":"max-image-preview:large","max-video-preview":"max-video-preview:-1"},"canonical":"https:\/\/solidaridadintergeneracional.es\/wp\/oferta-de-27-000-plazas-de-viajes-para-mayores-en-castilla-y-leon\/","og_locale":"es_ES","og_type":"article","og_title":"Oferta de 27.000 plazas de viajes para mayores en Castilla y Le\u00f3n &#8211; Solidaridad Intergeneracional","og_description":"A trav\u00e9s del \u2018Club de los 60\u2019","og_url":"https:\/\/solidaridadintergeneracional.es\/wp\/oferta-de-27-000-plazas-de-viajes-para-mayores-en-castilla-y-leon\/","og_site_name":"Solidaridad Intergeneracional","article_publisher":"https:\/\/www.facebook.com\/SolidaridadIntergeneracional\/","article_published_time":"2014-02-05T00:00:00+00:00","author":"Solidaridad Intergeneracional","twitter_card":"summary_large_image","twitter_creator":"@E_Familia_","twitter_site":"@E_Familia_","twitter_misc":{"Escrito por":"Solidaridad Intergeneracional","Tiempo de lectura":"3 minutos"},"schema":{"@context":"https:\/\/schema.org","@graph":[{"@type":"Article","@id":"https:\/\/solidaridadintergeneracional.es\/wp\/oferta-de-27-000-plazas-de-viajes-para-mayores-en-castilla-y-leon\/#article","isPartOf":{"@id":"https:\/\/solidaridadintergeneracional.es\/wp\/oferta-de-27-000-plazas-de-viajes-para-mayores-en-castilla-y-leon\/"},"author":{"name":"Solidaridad Intergeneracional","@id":"https:\/\/solidaridadintergeneracional.es\/wp\/#\/schema\/person\/e8b31aad699715395f8afbf3f8755d51"},"headline":"Oferta de 27.000 plazas de viajes para mayores en Castilla y Le\u00f3n","datePublished":"2014-02-05T00:00:00+00:00","mainEntityOfPage":{"@id":"https:\/\/solidaridadintergeneracional.es\/wp\/oferta-de-27-000-plazas-de-viajes-para-mayores-en-castilla-y-leon\/"},"wordCount":625,"commentCount":0,"publisher":{"@id":"https:\/\/solidaridadintergeneracional.es\/wp\/#organization"},"articleSection":["Noticias Bolet\u00edn","Noticias de interes Pre 2019"],"inLanguage":"es","potentialAction":[{"@type":"CommentAction","name":"Comment","target":["https:\/\/solidaridadintergeneracional.es\/wp\/oferta-de-27-000-plazas-de-viajes-para-mayores-en-castilla-y-leon\/#respond"]}]},{"@type":"WebPage","@id":"https:\/\/solidaridadintergeneracional.es\/wp\/oferta-de-27-000-plazas-de-viajes-para-mayores-en-castilla-y-leon\/","url":"https:\/\/solidaridadintergeneracional.es\/wp\/oferta-de-27-000-plazas-de-viajes-para-mayores-en-castilla-y-leon\/","name":"Oferta de 27.000 plazas de viajes para mayores en Castilla y Le\u00f3n &#8211; Solidaridad Intergeneracional","isPartOf":{"@id":"https:\/\/solidaridadintergeneracional.es\/wp\/#website"},"datePublished":"2014-02-05T00:00:00+00:00","breadcrumb":{"@id":"https:\/\/solidaridadintergeneracional.es\/wp\/oferta-de-27-000-plazas-de-viajes-para-mayores-en-castilla-y-leon\/#breadcrumb"},"inLanguage":"es","potentialAction":[{"@type":"ReadAction","target":["https:\/\/solidaridadintergeneracional.es\/wp\/oferta-de-27-000-plazas-de-viajes-para-mayores-en-castilla-y-leon\/"]}]},{"@type":"BreadcrumbList","@id":"https:\/\/solidaridadintergeneracional.es\/wp\/oferta-de-27-000-plazas-de-viajes-para-mayores-en-castilla-y-leon\/#breadcrumb","itemListElement":[{"@type":"ListItem","position":1,"name":"Portada","item":"https:\/\/solidaridadintergeneracional.es\/wp\/"},{"@type":"ListItem","position":2,"name":"Oferta de 27.000 plazas de viajes para mayores en Castilla y Le\u00f3n"}]},{"@type":"WebSite","@id":"https:\/\/solidaridadintergeneracional.es\/wp\/#website","url":"https:\/\/solidaridadintergeneracional.es\/wp\/","name":"Solidaridad Intergeneracional","description":"Toda la informaci\u00f3n sociosanitaria a tu servicio","publisher":{"@id":"https:\/\/solidaridadintergeneracional.es\/wp\/#organization"},"potentialAction":[{"@type":"SearchAction","target":{"@type":"EntryPoint","urlTemplate":"https:\/\/solidaridadintergeneracional.es\/wp\/?s={search_term_string}"},"query-input":{"@type":"PropertyValueSpecification","valueRequired":true,"valueName":"search_term_string"}}],"inLanguage":"es"},{"@type":"Organization","@id":"https:\/\/solidaridadintergeneracional.es\/wp\/#organization","name":"Solidaridad Intergeneracional","url":"https:\/\/solidaridadintergeneracional.es\/wp\/","logo":{"@type":"ImageObject","inLanguage":"es","@id":"https:\/\/solidaridadintergeneracional.es\/wp\/#\/schema\/logo\/image\/","url":"https:\/\/solidaridadintergeneracional.es\/wp\/wp-content\/uploads\/2020\/02\/logo-solidaridad.963ff81b.png","contentUrl":"https:\/\/solidaridadintergeneracional.es\/wp\/wp-content\/uploads\/2020\/02\/logo-solidaridad.963ff81b.png","width":825,"height":288,"caption":"Solidaridad Intergeneracional"},"image":{"@id":"https:\/\/solidaridadintergeneracional.es\/wp\/#\/schema\/logo\/image\/"},"sameAs":["https:\/\/www.facebook.com\/SolidaridadIntergeneracional\/","https:\/\/x.com\/E_Familia_","https:\/\/www.youtube.com\/channel\/UCt5BNW3Z7_ACkBDg_6ujXTQ"]},{"@type":"Person","@id":"https:\/\/solidaridadintergeneracional.es\/wp\/#\/schema\/person\/e8b31aad699715395f8afbf3f8755d51","name":"Solidaridad Intergeneracional","image":{"@type":"ImageObject","inLanguage":"es","@id":"https:\/\/secure.gravatar.com\/avatar\/e18721a5c4aaa3fecf1fe45b5d7708a7037f8a862dbc28483b4cf55a6ac0fb56?s=96&d=mm&r=g","url":"https:\/\/secure.gravatar.com\/avatar\/e18721a5c4aaa3fecf1fe45b5d7708a7037f8a862dbc28483b4cf55a6ac0fb56?s=96&d=mm&r=g","contentUrl":"https:\/\/secure.gravatar.com\/avatar\/e18721a5c4aaa3fecf1fe45b5d7708a7037f8a862dbc28483b4cf55a6ac0fb56?s=96&d=mm&r=g","caption":"Solidaridad Intergeneracional"},"url":"https:\/\/solidaridadintergeneracional.es\/wp\/author\/admin\/"}]}},"_links":{"self":[{"href":"https:\/\/solidaridadintergeneracional.es\/wp\/wp-json\/wp\/v2\/posts\/22604","targetHints":{"allow":["GET"]}}],"collection":[{"href":"https:\/\/solidaridadintergeneracional.es\/wp\/wp-json\/wp\/v2\/posts"}],"about":[{"href":"https:\/\/solidaridadintergeneracional.es\/wp\/wp-json\/wp\/v2\/types\/post"}],"author":[{"embeddable":true,"href":"https:\/\/solidaridadintergeneracional.es\/wp\/wp-json\/wp\/v2\/users\/1"}],"replies":[{"embeddable":true,"href":"https:\/\/solidaridadintergeneracional.es\/wp\/wp-json\/wp\/v2\/comments?post=22604"}],"version-history":[{"count":0,"href":"https:\/\/solidaridadintergeneracional.es\/wp\/wp-json\/wp\/v2\/posts\/22604\/revisions"}],"wp:attachment":[{"href":"https:\/\/solidaridadintergeneracional.es\/wp\/wp-json\/wp\/v2\/media?parent=22604"}],"wp:term":[{"taxonomy":"category","embeddable":true,"href":"https:\/\/solidaridadintergeneracional.es\/wp\/wp-json\/wp\/v2\/categories?post=22604"},{"taxonomy":"post_tag","embeddable":true,"href":"https:\/\/solidaridadintergeneracional.es\/wp\/wp-json\/wp\/v2\/tags?post=22604"}],"curies":[{"name":"wp","href":"https:\/\/api.w.org\/{rel}","templated":true}]}}