{"id":22598,"date":"2014-01-14T00:00:00","date_gmt":"2014-01-14T00:00:00","guid":{"rendered":"http:\/\/efamilia.es\/wp\/bilbao-estrena-la-red-mirada-activa-para-detectar-situaciones-de-soledad-y-desamparo-entre-las-personas-mayores\/"},"modified":"2014-01-14T00:00:00","modified_gmt":"2014-01-14T00:00:00","slug":"bilbao-estrena-la-red-mirada-activa-para-detectar-situaciones-de-soledad-y-desamparo-entre-las-personas-mayores","status":"publish","type":"post","link":"https:\/\/solidaridadintergeneracional.es\/wp\/bilbao-estrena-la-red-mirada-activa-para-detectar-situaciones-de-soledad-y-desamparo-entre-las-personas-mayores\/","title":{"rendered":"Bilbao estrena la red &#8216;Mirada activa&#8217; para detectar situaciones de soledad y desamparo entre las personas mayores"},"content":{"rendered":"<h4>Una red de solidaridad entre los mayores que permita, gracias a personas voluntarias y asociaciones, identificar cuanto antes situaciones de soledad y actuar a trav\u00e9s de los Servicios Sociales Municipales<\/h4>\n<p>BILBAO &#8211; EUROPA PRESS<\/p>\n<p>   El Ayuntamiento de Bilbao, el Grupo Servicios Sociales Integrados S. Coop. y la Obra Social &#8220;la Caixa&#8221; han aunado fuerzas para desarrollar &#8216;Mirada Activa&#8217;, una red de solidaridad entre los mayores que permita, gracias a personas voluntarias y asociaciones, identificar cuanto antes situaciones de soledad y actuar a trav\u00e9s de los Servicios Sociales Municipales.<\/p>\n<p>   Seg\u00fan ha explicado el Ayuntamiento bilba\u00edno, &#8220;abrir los ojos y prestar atenci\u00f3n a las se\u00f1ales en nuestro entorno cercano son las dos \u00fanicas condiciones necesarias para entrar a formar parte de la red de voluntariado entre los mayores que pretende tejer&#8221; el programa &#8216;Mirada Activa&#8217;.<\/p>\n<p>   Se trata de una iniciativa para detectar situaciones de soledad y desamparo entre las personas mayores y actuar lo antes posible en la prevenci\u00f3n o soluci\u00f3n de sus posibles efectos adversos.<\/p>\n<p>   Implicar a las asociaciones de mayores en la pronta localizaci\u00f3n de estas situaciones, canalizar la informaci\u00f3n al respecto hacia los Servicios Sociales Municipales y apoyar, en caso de que sea necesaria, la tramitaci\u00f3n para solicitar los recursos disponibles son los objetivos de este programa, que arranca ahora y tendr\u00e1 continuidad a lo largo de 2014.<\/p>\n<p>   El Ayuntamiento ha indicado que el creciente envejecimiento de la poblaci\u00f3n y el aumento de las personas que viven solas es &#8220;una realidad cada vez m\u00e1s presente, tambi\u00e9n en Bilbao, y es motivo, por tanto, de preocupaci\u00f3n tanto para el Consistorio como para las Asociaciones de Mayores de nuestro municipio&#8221;.<\/p>\n<p>   &#8220;Situaciones de desamparo de personas mayores que viven solas y apenas pueden cubrir sus necesidades b\u00e1sicas y que no cuentan con redes de apoyo familiar o social, as\u00ed como el aislamiento o el abandono que a veces se producen son realidades que, en ocasiones, permanecen ocultas y que es necesario identificar para desarrollar acciones preventivas y de apoyo para dichas personas&#8221;, ha advertido.<\/p>\n<p>   Seg\u00fan la \u00faltima memoria de 2012 de los Servicios Sociales del Ayuntamiento de Bilbao, de los 352.402 habitantes de la Villa, un 22,2 por ciento (78.899 personas) tiene 65 a\u00f1os o m\u00e1s. El a\u00f1o pasado, 21.765 de \u00e9stas personas (un 69% eran hombres y un 31% mujeres) fueron atendidas a trav\u00e9s de este recurso municipal, lo que supone s\u00f3lo un 28 por ciento del total.<\/p>\n<p>   &#8216;Mirada Activa&#8217; arranc\u00f3 con la creaci\u00f3n y puesta en marcha de la &#8216;Red Activa de Mayores&#8217;, para la que la participaci\u00f3n de las asociaciones de mayores de la Villa &#8220;ha sido y es fundamental, ya que aportan personas pertenecientes a dichas entidades en labores de voluntariado, para que puedan formarse como personas de referencia&#8221;, ha indicado el Ayuntamiento.<\/p>\n<p>&#8220;ANTENAS SOCIALES&#8221;<\/p>\n<p>   El pasado 14 de noviembre se celebr\u00f3 una reuni\u00f3n informativa con las 53 asociaciones de mayores de Bilbao con el objetivo de facilitarles informaci\u00f3n sobre la puesta en marcha del proyecto y, a partir de entonces, cada entidad ha identificado a dos &#8220;antenas sociales&#8221; que sirvan de personas referentes para la detecci\u00f3n de situaciones de soledad.<\/p>\n<p>   Las &#8220;antenas sociales&#8221; est\u00e1n recibiendo un curso de formaci\u00f3n de tal forma que sean ellas las encargadas de visibilizar el proyecto dentro de su entidad, actuar como referentes, delimitar la identificaci\u00f3n de personas en situaciones de soledad y otras posibles situaciones de riesgo e informar a los Servicios Sociales Municipales para que se pongan en marcha los recursos oportunos, en caso de que sea necesario.<\/p>\n<p>   Asimismo, a mediados de 2014 se prev\u00e9 la existencia de un informe de conclusiones sobre la consecuci\u00f3n de objetivos, cuyos resultados se comunicar\u00e1 a las asociaciones de mayores.<\/p>\n<p><a href=\"http:\/\/www.europapress.es\/euskadi\/noticia-bilbao-estrena-red-mirada-activa-detectar-situaciones-soledad-des\">www.europapress.es\/euskadi\/noticia-bilbao-estrena-red-mirada-activa-detectar-situaciones-soledad-des<\/a><\/p>\n","protected":false},"excerpt":{"rendered":"<p>Una red de solidaridad entre los mayores que permita, gracias a personas voluntarias y asociaciones, identificar cuanto antes situaciones de soledad y actuar a trav\u00e9s de los Servicios Sociales Municipales<\/p>\n","protected":false},"author":1,"featured_media":0,"comment_status":"open","ping_status":"open","sticky":false,"template":"","format":"standard","meta":{"footnotes":""},"categories":[328,321],"tags":[],"class_list":["post-22598","post","type-post","status-publish","format-standard","hentry","category-noticiasboletin","category-noticiasdeinterespre2019"],"yoast_head":"<!-- This site is optimized with the Yoast SEO plugin v27.5 - https:\/\/yoast.com\/product\/yoast-seo-wordpress\/ -->\n<title>Bilbao estrena la red &#039;Mirada activa&#039; para detectar situaciones de soledad y desamparo entre las personas mayores &#8211; Solidaridad Intergeneracional<\/title>\n<meta name=\"robots\" content=\"index, follow, max-snippet:-1, max-image-preview:large, max-video-preview:-1\" \/>\n<link rel=\"canonical\" href=\"https:\/\/solidaridadintergeneracional.es\/wp\/bilbao-estrena-la-red-mirada-activa-para-detectar-situaciones-de-soledad-y-desamparo-entre-las-personas-mayores\/\" \/>\n<meta property=\"og:locale\" content=\"es_ES\" \/>\n<meta property=\"og:type\" content=\"article\" \/>\n<meta property=\"og:title\" content=\"Bilbao estrena la red &#039;Mirada activa&#039; para detectar situaciones de soledad y desamparo entre las personas mayores &#8211; Solidaridad Intergeneracional\" \/>\n<meta property=\"og:description\" content=\"Una red de solidaridad entre los mayores que permita, gracias a personas voluntarias y asociaciones, identificar cuanto antes situaciones de soledad y actuar a trav\u00e9s de los Servicios Sociales Municipales\" \/>\n<meta property=\"og:url\" content=\"https:\/\/solidaridadintergeneracional.es\/wp\/bilbao-estrena-la-red-mirada-activa-para-detectar-situaciones-de-soledad-y-desamparo-entre-las-personas-mayores\/\" \/>\n<meta property=\"og:site_name\" content=\"Solidaridad Intergeneracional\" \/>\n<meta property=\"article:publisher\" content=\"https:\/\/www.facebook.com\/SolidaridadIntergeneracional\/\" \/>\n<meta property=\"article:published_time\" content=\"2014-01-14T00:00:00+00:00\" \/>\n<meta name=\"author\" content=\"Solidaridad Intergeneracional\" \/>\n<meta name=\"twitter:card\" content=\"summary_large_image\" \/>\n<meta name=\"twitter:creator\" content=\"@E_Familia_\" \/>\n<meta name=\"twitter:site\" content=\"@E_Familia_\" \/>\n<meta name=\"twitter:label1\" content=\"Escrito por\" \/>\n\t<meta name=\"twitter:data1\" content=\"Solidaridad Intergeneracional\" \/>\n\t<meta name=\"twitter:label2\" content=\"Tiempo de lectura\" \/>\n\t<meta name=\"twitter:data2\" content=\"3 minutos\" \/>\n<script type=\"application\/ld+json\" class=\"yoast-schema-graph\">{\"@context\":\"https:\\\/\\\/schema.org\",\"@graph\":[{\"@type\":\"Article\",\"@id\":\"https:\\\/\\\/solidaridadintergeneracional.es\\\/wp\\\/bilbao-estrena-la-red-mirada-activa-para-detectar-situaciones-de-soledad-y-desamparo-entre-las-personas-mayores\\\/#article\",\"isPartOf\":{\"@id\":\"https:\\\/\\\/solidaridadintergeneracional.es\\\/wp\\\/bilbao-estrena-la-red-mirada-activa-para-detectar-situaciones-de-soledad-y-desamparo-entre-las-personas-mayores\\\/\"},\"author\":{\"name\":\"Solidaridad Intergeneracional\",\"@id\":\"https:\\\/\\\/solidaridadintergeneracional.es\\\/wp\\\/#\\\/schema\\\/person\\\/e8b31aad699715395f8afbf3f8755d51\"},\"headline\":\"Bilbao estrena la red &#8216;Mirada activa&#8217; para detectar situaciones de soledad y desamparo entre las personas mayores\",\"datePublished\":\"2014-01-14T00:00:00+00:00\",\"mainEntityOfPage\":{\"@id\":\"https:\\\/\\\/solidaridadintergeneracional.es\\\/wp\\\/bilbao-estrena-la-red-mirada-activa-para-detectar-situaciones-de-soledad-y-desamparo-entre-las-personas-mayores\\\/\"},\"wordCount\":646,\"commentCount\":0,\"publisher\":{\"@id\":\"https:\\\/\\\/solidaridadintergeneracional.es\\\/wp\\\/#organization\"},\"articleSection\":[\"Noticias Bolet\u00edn\",\"Noticias de interes Pre 2019\"],\"inLanguage\":\"es\",\"potentialAction\":[{\"@type\":\"CommentAction\",\"name\":\"Comment\",\"target\":[\"https:\\\/\\\/solidaridadintergeneracional.es\\\/wp\\\/bilbao-estrena-la-red-mirada-activa-para-detectar-situaciones-de-soledad-y-desamparo-entre-las-personas-mayores\\\/#respond\"]}]},{\"@type\":\"WebPage\",\"@id\":\"https:\\\/\\\/solidaridadintergeneracional.es\\\/wp\\\/bilbao-estrena-la-red-mirada-activa-para-detectar-situaciones-de-soledad-y-desamparo-entre-las-personas-mayores\\\/\",\"url\":\"https:\\\/\\\/solidaridadintergeneracional.es\\\/wp\\\/bilbao-estrena-la-red-mirada-activa-para-detectar-situaciones-de-soledad-y-desamparo-entre-las-personas-mayores\\\/\",\"name\":\"Bilbao estrena la red 'Mirada activa' para detectar situaciones de soledad y desamparo entre las personas mayores &#8211; Solidaridad Intergeneracional\",\"isPartOf\":{\"@id\":\"https:\\\/\\\/solidaridadintergeneracional.es\\\/wp\\\/#website\"},\"datePublished\":\"2014-01-14T00:00:00+00:00\",\"breadcrumb\":{\"@id\":\"https:\\\/\\\/solidaridadintergeneracional.es\\\/wp\\\/bilbao-estrena-la-red-mirada-activa-para-detectar-situaciones-de-soledad-y-desamparo-entre-las-personas-mayores\\\/#breadcrumb\"},\"inLanguage\":\"es\",\"potentialAction\":[{\"@type\":\"ReadAction\",\"target\":[\"https:\\\/\\\/solidaridadintergeneracional.es\\\/wp\\\/bilbao-estrena-la-red-mirada-activa-para-detectar-situaciones-de-soledad-y-desamparo-entre-las-personas-mayores\\\/\"]}]},{\"@type\":\"BreadcrumbList\",\"@id\":\"https:\\\/\\\/solidaridadintergeneracional.es\\\/wp\\\/bilbao-estrena-la-red-mirada-activa-para-detectar-situaciones-de-soledad-y-desamparo-entre-las-personas-mayores\\\/#breadcrumb\",\"itemListElement\":[{\"@type\":\"ListItem\",\"position\":1,\"name\":\"Portada\",\"item\":\"https:\\\/\\\/solidaridadintergeneracional.es\\\/wp\\\/\"},{\"@type\":\"ListItem\",\"position\":2,\"name\":\"Bilbao estrena la red &#8216;Mirada activa&#8217; para detectar situaciones de soledad y desamparo entre las personas mayores\"}]},{\"@type\":\"WebSite\",\"@id\":\"https:\\\/\\\/solidaridadintergeneracional.es\\\/wp\\\/#website\",\"url\":\"https:\\\/\\\/solidaridadintergeneracional.es\\\/wp\\\/\",\"name\":\"Solidaridad Intergeneracional\",\"description\":\"Toda la informaci\u00f3n sociosanitaria a tu servicio\",\"publisher\":{\"@id\":\"https:\\\/\\\/solidaridadintergeneracional.es\\\/wp\\\/#organization\"},\"potentialAction\":[{\"@type\":\"SearchAction\",\"target\":{\"@type\":\"EntryPoint\",\"urlTemplate\":\"https:\\\/\\\/solidaridadintergeneracional.es\\\/wp\\\/?s={search_term_string}\"},\"query-input\":{\"@type\":\"PropertyValueSpecification\",\"valueRequired\":true,\"valueName\":\"search_term_string\"}}],\"inLanguage\":\"es\"},{\"@type\":\"Organization\",\"@id\":\"https:\\\/\\\/solidaridadintergeneracional.es\\\/wp\\\/#organization\",\"name\":\"Solidaridad Intergeneracional\",\"url\":\"https:\\\/\\\/solidaridadintergeneracional.es\\\/wp\\\/\",\"logo\":{\"@type\":\"ImageObject\",\"inLanguage\":\"es\",\"@id\":\"https:\\\/\\\/solidaridadintergeneracional.es\\\/wp\\\/#\\\/schema\\\/logo\\\/image\\\/\",\"url\":\"https:\\\/\\\/solidaridadintergeneracional.es\\\/wp\\\/wp-content\\\/uploads\\\/2020\\\/02\\\/logo-solidaridad.963ff81b.png\",\"contentUrl\":\"https:\\\/\\\/solidaridadintergeneracional.es\\\/wp\\\/wp-content\\\/uploads\\\/2020\\\/02\\\/logo-solidaridad.963ff81b.png\",\"width\":825,\"height\":288,\"caption\":\"Solidaridad Intergeneracional\"},\"image\":{\"@id\":\"https:\\\/\\\/solidaridadintergeneracional.es\\\/wp\\\/#\\\/schema\\\/logo\\\/image\\\/\"},\"sameAs\":[\"https:\\\/\\\/www.facebook.com\\\/SolidaridadIntergeneracional\\\/\",\"https:\\\/\\\/x.com\\\/E_Familia_\",\"https:\\\/\\\/www.youtube.com\\\/channel\\\/UCt5BNW3Z7_ACkBDg_6ujXTQ\"]},{\"@type\":\"Person\",\"@id\":\"https:\\\/\\\/solidaridadintergeneracional.es\\\/wp\\\/#\\\/schema\\\/person\\\/e8b31aad699715395f8afbf3f8755d51\",\"name\":\"Solidaridad Intergeneracional\",\"image\":{\"@type\":\"ImageObject\",\"inLanguage\":\"es\",\"@id\":\"https:\\\/\\\/secure.gravatar.com\\\/avatar\\\/e18721a5c4aaa3fecf1fe45b5d7708a7037f8a862dbc28483b4cf55a6ac0fb56?s=96&d=mm&r=g\",\"url\":\"https:\\\/\\\/secure.gravatar.com\\\/avatar\\\/e18721a5c4aaa3fecf1fe45b5d7708a7037f8a862dbc28483b4cf55a6ac0fb56?s=96&d=mm&r=g\",\"contentUrl\":\"https:\\\/\\\/secure.gravatar.com\\\/avatar\\\/e18721a5c4aaa3fecf1fe45b5d7708a7037f8a862dbc28483b4cf55a6ac0fb56?s=96&d=mm&r=g\",\"caption\":\"Solidaridad Intergeneracional\"},\"url\":\"https:\\\/\\\/solidaridadintergeneracional.es\\\/wp\\\/author\\\/admin\\\/\"}]}<\/script>\n<!-- \/ Yoast SEO plugin. -->","yoast_head_json":{"title":"Bilbao estrena la red 'Mirada activa' para detectar situaciones de soledad y desamparo entre las personas mayores &#8211; Solidaridad Intergeneracional","robots":{"index":"index","follow":"follow","max-snippet":"max-snippet:-1","max-image-preview":"max-image-preview:large","max-video-preview":"max-video-preview:-1"},"canonical":"https:\/\/solidaridadintergeneracional.es\/wp\/bilbao-estrena-la-red-mirada-activa-para-detectar-situaciones-de-soledad-y-desamparo-entre-las-personas-mayores\/","og_locale":"es_ES","og_type":"article","og_title":"Bilbao estrena la red 'Mirada activa' para detectar situaciones de soledad y desamparo entre las personas mayores &#8211; Solidaridad Intergeneracional","og_description":"Una red de solidaridad entre los mayores que permita, gracias a personas voluntarias y asociaciones, identificar cuanto antes situaciones de soledad y actuar a trav\u00e9s de los Servicios Sociales Municipales","og_url":"https:\/\/solidaridadintergeneracional.es\/wp\/bilbao-estrena-la-red-mirada-activa-para-detectar-situaciones-de-soledad-y-desamparo-entre-las-personas-mayores\/","og_site_name":"Solidaridad Intergeneracional","article_publisher":"https:\/\/www.facebook.com\/SolidaridadIntergeneracional\/","article_published_time":"2014-01-14T00:00:00+00:00","author":"Solidaridad Intergeneracional","twitter_card":"summary_large_image","twitter_creator":"@E_Familia_","twitter_site":"@E_Familia_","twitter_misc":{"Escrito por":"Solidaridad Intergeneracional","Tiempo de lectura":"3 minutos"},"schema":{"@context":"https:\/\/schema.org","@graph":[{"@type":"Article","@id":"https:\/\/solidaridadintergeneracional.es\/wp\/bilbao-estrena-la-red-mirada-activa-para-detectar-situaciones-de-soledad-y-desamparo-entre-las-personas-mayores\/#article","isPartOf":{"@id":"https:\/\/solidaridadintergeneracional.es\/wp\/bilbao-estrena-la-red-mirada-activa-para-detectar-situaciones-de-soledad-y-desamparo-entre-las-personas-mayores\/"},"author":{"name":"Solidaridad Intergeneracional","@id":"https:\/\/solidaridadintergeneracional.es\/wp\/#\/schema\/person\/e8b31aad699715395f8afbf3f8755d51"},"headline":"Bilbao estrena la red &#8216;Mirada activa&#8217; para detectar situaciones de soledad y desamparo entre las personas mayores","datePublished":"2014-01-14T00:00:00+00:00","mainEntityOfPage":{"@id":"https:\/\/solidaridadintergeneracional.es\/wp\/bilbao-estrena-la-red-mirada-activa-para-detectar-situaciones-de-soledad-y-desamparo-entre-las-personas-mayores\/"},"wordCount":646,"commentCount":0,"publisher":{"@id":"https:\/\/solidaridadintergeneracional.es\/wp\/#organization"},"articleSection":["Noticias Bolet\u00edn","Noticias de interes Pre 2019"],"inLanguage":"es","potentialAction":[{"@type":"CommentAction","name":"Comment","target":["https:\/\/solidaridadintergeneracional.es\/wp\/bilbao-estrena-la-red-mirada-activa-para-detectar-situaciones-de-soledad-y-desamparo-entre-las-personas-mayores\/#respond"]}]},{"@type":"WebPage","@id":"https:\/\/solidaridadintergeneracional.es\/wp\/bilbao-estrena-la-red-mirada-activa-para-detectar-situaciones-de-soledad-y-desamparo-entre-las-personas-mayores\/","url":"https:\/\/solidaridadintergeneracional.es\/wp\/bilbao-estrena-la-red-mirada-activa-para-detectar-situaciones-de-soledad-y-desamparo-entre-las-personas-mayores\/","name":"Bilbao estrena la red 'Mirada activa' para detectar situaciones de soledad y desamparo entre las personas mayores &#8211; Solidaridad Intergeneracional","isPartOf":{"@id":"https:\/\/solidaridadintergeneracional.es\/wp\/#website"},"datePublished":"2014-01-14T00:00:00+00:00","breadcrumb":{"@id":"https:\/\/solidaridadintergeneracional.es\/wp\/bilbao-estrena-la-red-mirada-activa-para-detectar-situaciones-de-soledad-y-desamparo-entre-las-personas-mayores\/#breadcrumb"},"inLanguage":"es","potentialAction":[{"@type":"ReadAction","target":["https:\/\/solidaridadintergeneracional.es\/wp\/bilbao-estrena-la-red-mirada-activa-para-detectar-situaciones-de-soledad-y-desamparo-entre-las-personas-mayores\/"]}]},{"@type":"BreadcrumbList","@id":"https:\/\/solidaridadintergeneracional.es\/wp\/bilbao-estrena-la-red-mirada-activa-para-detectar-situaciones-de-soledad-y-desamparo-entre-las-personas-mayores\/#breadcrumb","itemListElement":[{"@type":"ListItem","position":1,"name":"Portada","item":"https:\/\/solidaridadintergeneracional.es\/wp\/"},{"@type":"ListItem","position":2,"name":"Bilbao estrena la red &#8216;Mirada activa&#8217; para detectar situaciones de soledad y desamparo entre las personas mayores"}]},{"@type":"WebSite","@id":"https:\/\/solidaridadintergeneracional.es\/wp\/#website","url":"https:\/\/solidaridadintergeneracional.es\/wp\/","name":"Solidaridad Intergeneracional","description":"Toda la informaci\u00f3n sociosanitaria a tu servicio","publisher":{"@id":"https:\/\/solidaridadintergeneracional.es\/wp\/#organization"},"potentialAction":[{"@type":"SearchAction","target":{"@type":"EntryPoint","urlTemplate":"https:\/\/solidaridadintergeneracional.es\/wp\/?s={search_term_string}"},"query-input":{"@type":"PropertyValueSpecification","valueRequired":true,"valueName":"search_term_string"}}],"inLanguage":"es"},{"@type":"Organization","@id":"https:\/\/solidaridadintergeneracional.es\/wp\/#organization","name":"Solidaridad Intergeneracional","url":"https:\/\/solidaridadintergeneracional.es\/wp\/","logo":{"@type":"ImageObject","inLanguage":"es","@id":"https:\/\/solidaridadintergeneracional.es\/wp\/#\/schema\/logo\/image\/","url":"https:\/\/solidaridadintergeneracional.es\/wp\/wp-content\/uploads\/2020\/02\/logo-solidaridad.963ff81b.png","contentUrl":"https:\/\/solidaridadintergeneracional.es\/wp\/wp-content\/uploads\/2020\/02\/logo-solidaridad.963ff81b.png","width":825,"height":288,"caption":"Solidaridad Intergeneracional"},"image":{"@id":"https:\/\/solidaridadintergeneracional.es\/wp\/#\/schema\/logo\/image\/"},"sameAs":["https:\/\/www.facebook.com\/SolidaridadIntergeneracional\/","https:\/\/x.com\/E_Familia_","https:\/\/www.youtube.com\/channel\/UCt5BNW3Z7_ACkBDg_6ujXTQ"]},{"@type":"Person","@id":"https:\/\/solidaridadintergeneracional.es\/wp\/#\/schema\/person\/e8b31aad699715395f8afbf3f8755d51","name":"Solidaridad Intergeneracional","image":{"@type":"ImageObject","inLanguage":"es","@id":"https:\/\/secure.gravatar.com\/avatar\/e18721a5c4aaa3fecf1fe45b5d7708a7037f8a862dbc28483b4cf55a6ac0fb56?s=96&d=mm&r=g","url":"https:\/\/secure.gravatar.com\/avatar\/e18721a5c4aaa3fecf1fe45b5d7708a7037f8a862dbc28483b4cf55a6ac0fb56?s=96&d=mm&r=g","contentUrl":"https:\/\/secure.gravatar.com\/avatar\/e18721a5c4aaa3fecf1fe45b5d7708a7037f8a862dbc28483b4cf55a6ac0fb56?s=96&d=mm&r=g","caption":"Solidaridad Intergeneracional"},"url":"https:\/\/solidaridadintergeneracional.es\/wp\/author\/admin\/"}]}},"_links":{"self":[{"href":"https:\/\/solidaridadintergeneracional.es\/wp\/wp-json\/wp\/v2\/posts\/22598","targetHints":{"allow":["GET"]}}],"collection":[{"href":"https:\/\/solidaridadintergeneracional.es\/wp\/wp-json\/wp\/v2\/posts"}],"about":[{"href":"https:\/\/solidaridadintergeneracional.es\/wp\/wp-json\/wp\/v2\/types\/post"}],"author":[{"embeddable":true,"href":"https:\/\/solidaridadintergeneracional.es\/wp\/wp-json\/wp\/v2\/users\/1"}],"replies":[{"embeddable":true,"href":"https:\/\/solidaridadintergeneracional.es\/wp\/wp-json\/wp\/v2\/comments?post=22598"}],"version-history":[{"count":0,"href":"https:\/\/solidaridadintergeneracional.es\/wp\/wp-json\/wp\/v2\/posts\/22598\/revisions"}],"wp:attachment":[{"href":"https:\/\/solidaridadintergeneracional.es\/wp\/wp-json\/wp\/v2\/media?parent=22598"}],"wp:term":[{"taxonomy":"category","embeddable":true,"href":"https:\/\/solidaridadintergeneracional.es\/wp\/wp-json\/wp\/v2\/categories?post=22598"},{"taxonomy":"post_tag","embeddable":true,"href":"https:\/\/solidaridadintergeneracional.es\/wp\/wp-json\/wp\/v2\/tags?post=22598"}],"curies":[{"name":"wp","href":"https:\/\/api.w.org\/{rel}","templated":true}]}}