{"id":22393,"date":"2013-07-02T00:00:00","date_gmt":"2013-07-02T00:00:00","guid":{"rendered":"http:\/\/efamilia.es\/wp\/cerca-de-100-personas-con-discapacidad-redactan-el-estatuto-en-lectura-facil-al-que-seguira-la-ley-de-servicios-sociales\/"},"modified":"2013-07-02T00:00:00","modified_gmt":"2013-07-02T00:00:00","slug":"cerca-de-100-personas-con-discapacidad-redactan-el-estatuto-en-lectura-facil-al-que-seguira-la-ley-de-servicios-sociales","status":"publish","type":"post","link":"https:\/\/solidaridadintergeneracional.es\/wp\/cerca-de-100-personas-con-discapacidad-redactan-el-estatuto-en-lectura-facil-al-que-seguira-la-ley-de-servicios-sociales\/","title":{"rendered":"Cerca de 100 personas con discapacidad redactan el Estatuto en Lectura F\u00e1cil al que seguir\u00e1 la Ley de Servicios Sociales"},"content":{"rendered":"<h4>Cerca de un centenar de personas con discapacidad ha redactado el Estatuto de Autonom\u00eda de Lectura F\u00e1cil, que ha sido revisado con el fin de salvar las barreras que dificultan su comprensi\u00f3n por parte de estos colectivos y al que seguir\u00e1, en su proceso de<\/h4>\n<p>EUROPA PRESS<\/p>\n<p>Cerca de un centenar de personas con discapacidad ha redactado el Estatuto de Autonom\u00eda de Lectura F\u00e1cil, que ha sido revisado con el fin de salvar las barreras que dificultan su comprensi\u00f3n por parte de estos colectivos y al que seguir\u00e1, en su proceso de facilitaci\u00f3n, la Ley de Servicios Sociales.<\/p>\n<p>El Estatuto, promovido por Feaps, ONCE y las Cortes y que ha sido presentado este lunes en el hemiciclo de las Cortes en presencia de m\u00e1s de un centenar de personas de Valladolid, Palencia, Segovia, Burgos, Salamanca y Zamora que han participado en su nueva redacci\u00f3n, recoge todos los art\u00edculos que lo conforman con redacciones m\u00e1s sencillas y palabras que facilitan su comprensi\u00f3n para todos.<\/p>\n<p>As\u00ed, junto a los art\u00edculos se han ubicado cuadros con la definici\u00f3n de algunos de los t\u00e9rminos m\u00e1s complicados de entender como organismos (&#8220;sirven para que el gobierno funcione mejor&#8221;), sede (&#8220;el lugar donde est\u00e1n todos los responsables, donde se organiza el trabajo y donde la gente puede ir a preguntar&#8221;), Diputaci\u00f3n Permanente (&#8220;este grupo de personas organiza las Cortes en vacaciones y cuando termina la legislatura&#8221;), lealtad (&#8220;una capacidad de las personas y las organizaciones para ser fieles y decir la verdad&#8221;) o Hacienda Local (&#8220;conjunto de bienes y recursos econ\u00f3micos que tiene una entidad local&#8221;).<\/p>\n<p>De este modo y comenzando con el T\u00edtulo Inicial, que aborda el territorio, la sede o los valores de la Comunidad, el texto contin\u00faa con los ciudadanos y sus deberes y derechos y los principios fundamentales para llegar a las Instituciones de Autogobierno y a la elecci\u00f3n del presidente de la Junta, punto en el que los j\u00f3venes se enfrentaron a uno de los t\u00e9rminos m\u00e1s complejos: la confianza de las Cortes y la moci\u00f3n de censura.<\/p>\n<p>As\u00ed, el art\u00edculo 35 reza: &#8220;El presidente de la Junta de Castilla y Le\u00f3n siempre quiere hacer bien su trabajo. Para conseguirlo puede preguntar a las Cortes si conf\u00edan en \u00e9l y en c\u00f3mo trabaja y si la mayor\u00eda de los procuradores conf\u00edan en \u00e9l, se dice que ha conseguido la confianza de las Cortes. Pero si las Cortes no conf\u00edan en el presidente, entonces tiene que dejar su cargo y se elegir\u00e1 a un nuevo presidente&#8221; mientras que el 36, sobre la moci\u00f3n de censura, asegura que las Cortes &#8220;pueden obligar al presidente a que se vaya si creen que no gobierna correctamente. Si muchos miembros de las Cortes dicen que el presidente lo hace mal, el presidente tiene que dejar su cargo&#8221;.<\/p>\n<p>El \u00f3leo &#8216;Campos de Castilla&#8217;, elaborado por Jos\u00e9 Manuel Madruga Mart\u00edn, ilustra la portada del Estatuto de Lectura F\u00e1cil en un intento, seg\u00fan ha reconocido el artista, por plasmar el campo de Castilla y Le\u00f3n con sus colores ocre, rojo, verde o negro o, m\u00e1s concretamente, el que arropa a su pueblo, Morille, &#8220;seg\u00fan se va a Pe\u00f1aranda&#8221;.<\/p>\n<p>Madruga ha reconocido que tard\u00f3 una semana en realizar el cuadro, que ha regalado a la presidenta de las Cortes, Josefa Garc\u00eda Cirac, quien en su intervenci\u00f3n ha reiterado que el Estatuto es un s\u00edmbolo de la preocupaci\u00f3n de las Cortes por hacer &#8220;la vida m\u00e1s f\u00e1cil&#8221; a quienes m\u00e1s lo necesitan.<\/p>\n<p>En su opini\u00f3n, en las Cortes, como en el resto de la sociedad, todas las personas son &#8220;diferentes&#8221;, como tambi\u00e9n lo son sus capacidades, retos y formas de pensar aunque en todos los casos comparten un sue\u00f1o: &#8220;la felicidad&#8221;. &#8220;Y en ese sue\u00f1o las personas que m\u00e1s lo necesitan son nuestra fortaleza como sociedad, nuestra uni\u00f3n y nuestra inspiraci\u00f3n&#8221;.<\/p>\n<p>&#8220;Ciudadanos de pleno derecho&#8221;<\/p>\n<p>En su intervenci\u00f3n en el hemiciclo, en el que estaban presentes los miembros de la Mesa de las Cortes, el presidente de Feaps, Juan P\u00e9rez S\u00e1nchez, se ha referido a la presentaci\u00f3n del Estatuto de Lectura F\u00e1cil como un &#8220;gran paso&#8221; que se da de manera conjunta, especialmente para las personas con discapacidad, y que les convierten en &#8220;ciudadanos de pleno derecho&#8221;.<\/p>\n<p>El presidente de Feaps, que el a\u00f1o que viene celebrar\u00e1 sus bodas de Oro, ha asegurado que tras el Estatuto de Autonom\u00eda, del que se han editado 300.000 ejemplares, se elaborar\u00e1 una visi\u00f3n sencilla de la Ley de Servicios Sociales aunque la redacci\u00f3n de la Carta Magna de la Comunidad constituye ya un &#8220;espaldarazo&#8221; a una demanda constante por la comprensi\u00f3n cognitiva.<\/p>\n<p>P\u00e9rez S\u00e1nchez, quien ha asegurado que la publicaci\u00f3n ser\u00e1 tambi\u00e9n de utilidad para otros colectivos como el de los inmigrantes, ha aplaudido que este &#8220;gran reto&#8221;, fruto de las &#8220;capacidades&#8221;, haya visto la luz y ha trasladado su deseo de que constituya un &#8220;acicate&#8221; para construir &#8220;un mundo un poco m\u00e1s f\u00e1cil para todos&#8221;.<\/p>\n<p>Por su parte, el presidente de ONCE en Castilla y Le\u00f3n, Miguel D\u00edez Garc\u00eda, ha ensalzado esta iniciativa y ha calificado de &#8220;orgullo&#8221; la posibilidad de disponer de ese Estatuto de Lectura F\u00e1cil en audio, colgado ya en las webs de la ONCE y de las Cortes, ya que regula una situaci\u00f3n, la de las personas con discapacidad.<\/p>\n<p>&#8220;Lo que se ha adaptado a audio son los cimientos de la norma de todos, e lo que tenemos, nuestra fuerza y nuestra base, y es la base de otras normas&#8221;, ha reiterado antes de considerar el de hoy &#8220;un avance muy importante&#8221; en la consecuci\u00f3n de &#8220;logros sociales&#8221;, especialmente en el centrado en las dificultades de acceso a la comunicaci\u00f3n y la informaci\u00f3n.<\/p>\n<p>Lectura de art\u00edculos<\/p>\n<p>Durante el acto, los portavoces de los tres grupos han participado, junto a personas de Feaps, en la lectura de algunos de los art\u00edculos del Estatuto; de este modo, el del Grupo Mixto Jos\u00e9 Mar\u00eda Gonz\u00e1lez, ha le\u00eddo el art\u00edculo 1, el de las Disposiciones Generales, del que ha cambiado la denominaci\u00f3n de &#8220;regi\u00f3n&#8221; por &#8220;comunidad&#8221;, a quien ha seguido en el uso de la palabra Francisco S\u00e1ez, de Feaps, quien ha le\u00eddo el art\u00edculo 8, el de los derechos y deberes de los castellanoleoneses.<\/p>\n<p>La portavoz de los socialistas, Ana Redondo, ha subido al estrado para leer el art\u00edculo 11, el Derecho de Participaci\u00f3n, y a continuaci\u00f3n Pedro P\u00edo Tapias, tambi\u00e9n de Feaps, ha abordado el art\u00edculo 16, el de los Principios Fundamentales, para dar paso al portavoz del Grupo Popular, Carlos Fern\u00e1ndez Carriedo, quien ha cerrado las lecturas con la del art\u00edculo 21, que versa sobre la formaci\u00f3n de las Cortes.<\/p>\n<p><a href=\"http:\/\/www.20minutos.es\/noticia\/1826055\/0\/\">www.20minutos.es\/noticia\/1826055\/0\/<\/a><\/p>\n","protected":false},"excerpt":{"rendered":"<p>Cerca de un centenar de personas con discapacidad ha redactado el Estatuto de Autonom\u00eda de Lectura F\u00e1cil, que ha sido revisado con el fin de salvar las barreras que dificultan su comprensi\u00f3n por parte de estos colectivos y al que seguir\u00e1, en su proceso de<\/p>\n","protected":false},"author":1,"featured_media":0,"comment_status":"open","ping_status":"open","sticky":false,"template":"","format":"standard","meta":{"footnotes":""},"categories":[328,321],"tags":[],"class_list":["post-22393","post","type-post","status-publish","format-standard","hentry","category-noticiasboletin","category-noticiasdeinterespre2019"],"yoast_head":"<!-- This site is optimized with the Yoast SEO plugin v27.5 - https:\/\/yoast.com\/product\/yoast-seo-wordpress\/ -->\n<title>Cerca de 100 personas con discapacidad redactan el Estatuto en Lectura F\u00e1cil al que seguir\u00e1 la Ley de Servicios Sociales &#8211; Solidaridad Intergeneracional<\/title>\n<meta name=\"robots\" content=\"index, follow, max-snippet:-1, max-image-preview:large, max-video-preview:-1\" \/>\n<link rel=\"canonical\" href=\"https:\/\/solidaridadintergeneracional.es\/wp\/cerca-de-100-personas-con-discapacidad-redactan-el-estatuto-en-lectura-facil-al-que-seguira-la-ley-de-servicios-sociales\/\" \/>\n<meta property=\"og:locale\" content=\"es_ES\" \/>\n<meta property=\"og:type\" content=\"article\" \/>\n<meta property=\"og:title\" content=\"Cerca de 100 personas con discapacidad redactan el Estatuto en Lectura F\u00e1cil al que seguir\u00e1 la Ley de Servicios Sociales &#8211; Solidaridad Intergeneracional\" \/>\n<meta property=\"og:description\" content=\"Cerca de un centenar de personas con discapacidad ha redactado el Estatuto de Autonom\u00eda de Lectura F\u00e1cil, que ha sido revisado con el fin de salvar las barreras que dificultan su comprensi\u00f3n por parte de estos colectivos y al que seguir\u00e1, en su proceso de\" \/>\n<meta property=\"og:url\" content=\"https:\/\/solidaridadintergeneracional.es\/wp\/cerca-de-100-personas-con-discapacidad-redactan-el-estatuto-en-lectura-facil-al-que-seguira-la-ley-de-servicios-sociales\/\" \/>\n<meta property=\"og:site_name\" content=\"Solidaridad Intergeneracional\" \/>\n<meta property=\"article:publisher\" content=\"https:\/\/www.facebook.com\/SolidaridadIntergeneracional\/\" \/>\n<meta property=\"article:published_time\" content=\"2013-07-02T00:00:00+00:00\" \/>\n<meta name=\"author\" content=\"Solidaridad Intergeneracional\" \/>\n<meta name=\"twitter:card\" content=\"summary_large_image\" \/>\n<meta name=\"twitter:creator\" content=\"@E_Familia_\" \/>\n<meta name=\"twitter:site\" content=\"@E_Familia_\" \/>\n<meta name=\"twitter:label1\" content=\"Escrito por\" \/>\n\t<meta name=\"twitter:data1\" content=\"Solidaridad Intergeneracional\" \/>\n\t<meta name=\"twitter:label2\" content=\"Tiempo de lectura\" \/>\n\t<meta name=\"twitter:data2\" content=\"6 minutos\" \/>\n<script type=\"application\/ld+json\" class=\"yoast-schema-graph\">{\"@context\":\"https:\\\/\\\/schema.org\",\"@graph\":[{\"@type\":\"Article\",\"@id\":\"https:\\\/\\\/solidaridadintergeneracional.es\\\/wp\\\/cerca-de-100-personas-con-discapacidad-redactan-el-estatuto-en-lectura-facil-al-que-seguira-la-ley-de-servicios-sociales\\\/#article\",\"isPartOf\":{\"@id\":\"https:\\\/\\\/solidaridadintergeneracional.es\\\/wp\\\/cerca-de-100-personas-con-discapacidad-redactan-el-estatuto-en-lectura-facil-al-que-seguira-la-ley-de-servicios-sociales\\\/\"},\"author\":{\"name\":\"Solidaridad Intergeneracional\",\"@id\":\"https:\\\/\\\/solidaridadintergeneracional.es\\\/wp\\\/#\\\/schema\\\/person\\\/e8b31aad699715395f8afbf3f8755d51\"},\"headline\":\"Cerca de 100 personas con discapacidad redactan el Estatuto en Lectura F\u00e1cil al que seguir\u00e1 la Ley de Servicios Sociales\",\"datePublished\":\"2013-07-02T00:00:00+00:00\",\"mainEntityOfPage\":{\"@id\":\"https:\\\/\\\/solidaridadintergeneracional.es\\\/wp\\\/cerca-de-100-personas-con-discapacidad-redactan-el-estatuto-en-lectura-facil-al-que-seguira-la-ley-de-servicios-sociales\\\/\"},\"wordCount\":1205,\"commentCount\":0,\"publisher\":{\"@id\":\"https:\\\/\\\/solidaridadintergeneracional.es\\\/wp\\\/#organization\"},\"articleSection\":[\"Noticias Bolet\u00edn\",\"Noticias de interes Pre 2019\"],\"inLanguage\":\"es\",\"potentialAction\":[{\"@type\":\"CommentAction\",\"name\":\"Comment\",\"target\":[\"https:\\\/\\\/solidaridadintergeneracional.es\\\/wp\\\/cerca-de-100-personas-con-discapacidad-redactan-el-estatuto-en-lectura-facil-al-que-seguira-la-ley-de-servicios-sociales\\\/#respond\"]}]},{\"@type\":\"WebPage\",\"@id\":\"https:\\\/\\\/solidaridadintergeneracional.es\\\/wp\\\/cerca-de-100-personas-con-discapacidad-redactan-el-estatuto-en-lectura-facil-al-que-seguira-la-ley-de-servicios-sociales\\\/\",\"url\":\"https:\\\/\\\/solidaridadintergeneracional.es\\\/wp\\\/cerca-de-100-personas-con-discapacidad-redactan-el-estatuto-en-lectura-facil-al-que-seguira-la-ley-de-servicios-sociales\\\/\",\"name\":\"Cerca de 100 personas con discapacidad redactan el Estatuto en Lectura F\u00e1cil al que seguir\u00e1 la Ley de Servicios Sociales &#8211; Solidaridad Intergeneracional\",\"isPartOf\":{\"@id\":\"https:\\\/\\\/solidaridadintergeneracional.es\\\/wp\\\/#website\"},\"datePublished\":\"2013-07-02T00:00:00+00:00\",\"breadcrumb\":{\"@id\":\"https:\\\/\\\/solidaridadintergeneracional.es\\\/wp\\\/cerca-de-100-personas-con-discapacidad-redactan-el-estatuto-en-lectura-facil-al-que-seguira-la-ley-de-servicios-sociales\\\/#breadcrumb\"},\"inLanguage\":\"es\",\"potentialAction\":[{\"@type\":\"ReadAction\",\"target\":[\"https:\\\/\\\/solidaridadintergeneracional.es\\\/wp\\\/cerca-de-100-personas-con-discapacidad-redactan-el-estatuto-en-lectura-facil-al-que-seguira-la-ley-de-servicios-sociales\\\/\"]}]},{\"@type\":\"BreadcrumbList\",\"@id\":\"https:\\\/\\\/solidaridadintergeneracional.es\\\/wp\\\/cerca-de-100-personas-con-discapacidad-redactan-el-estatuto-en-lectura-facil-al-que-seguira-la-ley-de-servicios-sociales\\\/#breadcrumb\",\"itemListElement\":[{\"@type\":\"ListItem\",\"position\":1,\"name\":\"Portada\",\"item\":\"https:\\\/\\\/solidaridadintergeneracional.es\\\/wp\\\/\"},{\"@type\":\"ListItem\",\"position\":2,\"name\":\"Cerca de 100 personas con discapacidad redactan el Estatuto en Lectura F\u00e1cil al que seguir\u00e1 la Ley de Servicios Sociales\"}]},{\"@type\":\"WebSite\",\"@id\":\"https:\\\/\\\/solidaridadintergeneracional.es\\\/wp\\\/#website\",\"url\":\"https:\\\/\\\/solidaridadintergeneracional.es\\\/wp\\\/\",\"name\":\"Solidaridad Intergeneracional\",\"description\":\"Toda la informaci\u00f3n sociosanitaria a tu servicio\",\"publisher\":{\"@id\":\"https:\\\/\\\/solidaridadintergeneracional.es\\\/wp\\\/#organization\"},\"potentialAction\":[{\"@type\":\"SearchAction\",\"target\":{\"@type\":\"EntryPoint\",\"urlTemplate\":\"https:\\\/\\\/solidaridadintergeneracional.es\\\/wp\\\/?s={search_term_string}\"},\"query-input\":{\"@type\":\"PropertyValueSpecification\",\"valueRequired\":true,\"valueName\":\"search_term_string\"}}],\"inLanguage\":\"es\"},{\"@type\":\"Organization\",\"@id\":\"https:\\\/\\\/solidaridadintergeneracional.es\\\/wp\\\/#organization\",\"name\":\"Solidaridad Intergeneracional\",\"url\":\"https:\\\/\\\/solidaridadintergeneracional.es\\\/wp\\\/\",\"logo\":{\"@type\":\"ImageObject\",\"inLanguage\":\"es\",\"@id\":\"https:\\\/\\\/solidaridadintergeneracional.es\\\/wp\\\/#\\\/schema\\\/logo\\\/image\\\/\",\"url\":\"https:\\\/\\\/solidaridadintergeneracional.es\\\/wp\\\/wp-content\\\/uploads\\\/2020\\\/02\\\/logo-solidaridad.963ff81b.png\",\"contentUrl\":\"https:\\\/\\\/solidaridadintergeneracional.es\\\/wp\\\/wp-content\\\/uploads\\\/2020\\\/02\\\/logo-solidaridad.963ff81b.png\",\"width\":825,\"height\":288,\"caption\":\"Solidaridad Intergeneracional\"},\"image\":{\"@id\":\"https:\\\/\\\/solidaridadintergeneracional.es\\\/wp\\\/#\\\/schema\\\/logo\\\/image\\\/\"},\"sameAs\":[\"https:\\\/\\\/www.facebook.com\\\/SolidaridadIntergeneracional\\\/\",\"https:\\\/\\\/x.com\\\/E_Familia_\",\"https:\\\/\\\/www.youtube.com\\\/channel\\\/UCt5BNW3Z7_ACkBDg_6ujXTQ\"]},{\"@type\":\"Person\",\"@id\":\"https:\\\/\\\/solidaridadintergeneracional.es\\\/wp\\\/#\\\/schema\\\/person\\\/e8b31aad699715395f8afbf3f8755d51\",\"name\":\"Solidaridad Intergeneracional\",\"image\":{\"@type\":\"ImageObject\",\"inLanguage\":\"es\",\"@id\":\"https:\\\/\\\/secure.gravatar.com\\\/avatar\\\/e18721a5c4aaa3fecf1fe45b5d7708a7037f8a862dbc28483b4cf55a6ac0fb56?s=96&d=mm&r=g\",\"url\":\"https:\\\/\\\/secure.gravatar.com\\\/avatar\\\/e18721a5c4aaa3fecf1fe45b5d7708a7037f8a862dbc28483b4cf55a6ac0fb56?s=96&d=mm&r=g\",\"contentUrl\":\"https:\\\/\\\/secure.gravatar.com\\\/avatar\\\/e18721a5c4aaa3fecf1fe45b5d7708a7037f8a862dbc28483b4cf55a6ac0fb56?s=96&d=mm&r=g\",\"caption\":\"Solidaridad Intergeneracional\"},\"url\":\"https:\\\/\\\/solidaridadintergeneracional.es\\\/wp\\\/author\\\/admin\\\/\"}]}<\/script>\n<!-- \/ Yoast SEO plugin. -->","yoast_head_json":{"title":"Cerca de 100 personas con discapacidad redactan el Estatuto en Lectura F\u00e1cil al que seguir\u00e1 la Ley de Servicios Sociales &#8211; Solidaridad Intergeneracional","robots":{"index":"index","follow":"follow","max-snippet":"max-snippet:-1","max-image-preview":"max-image-preview:large","max-video-preview":"max-video-preview:-1"},"canonical":"https:\/\/solidaridadintergeneracional.es\/wp\/cerca-de-100-personas-con-discapacidad-redactan-el-estatuto-en-lectura-facil-al-que-seguira-la-ley-de-servicios-sociales\/","og_locale":"es_ES","og_type":"article","og_title":"Cerca de 100 personas con discapacidad redactan el Estatuto en Lectura F\u00e1cil al que seguir\u00e1 la Ley de Servicios Sociales &#8211; Solidaridad Intergeneracional","og_description":"Cerca de un centenar de personas con discapacidad ha redactado el Estatuto de Autonom\u00eda de Lectura F\u00e1cil, que ha sido revisado con el fin de salvar las barreras que dificultan su comprensi\u00f3n por parte de estos colectivos y al que seguir\u00e1, en su proceso de","og_url":"https:\/\/solidaridadintergeneracional.es\/wp\/cerca-de-100-personas-con-discapacidad-redactan-el-estatuto-en-lectura-facil-al-que-seguira-la-ley-de-servicios-sociales\/","og_site_name":"Solidaridad Intergeneracional","article_publisher":"https:\/\/www.facebook.com\/SolidaridadIntergeneracional\/","article_published_time":"2013-07-02T00:00:00+00:00","author":"Solidaridad Intergeneracional","twitter_card":"summary_large_image","twitter_creator":"@E_Familia_","twitter_site":"@E_Familia_","twitter_misc":{"Escrito por":"Solidaridad Intergeneracional","Tiempo de lectura":"6 minutos"},"schema":{"@context":"https:\/\/schema.org","@graph":[{"@type":"Article","@id":"https:\/\/solidaridadintergeneracional.es\/wp\/cerca-de-100-personas-con-discapacidad-redactan-el-estatuto-en-lectura-facil-al-que-seguira-la-ley-de-servicios-sociales\/#article","isPartOf":{"@id":"https:\/\/solidaridadintergeneracional.es\/wp\/cerca-de-100-personas-con-discapacidad-redactan-el-estatuto-en-lectura-facil-al-que-seguira-la-ley-de-servicios-sociales\/"},"author":{"name":"Solidaridad Intergeneracional","@id":"https:\/\/solidaridadintergeneracional.es\/wp\/#\/schema\/person\/e8b31aad699715395f8afbf3f8755d51"},"headline":"Cerca de 100 personas con discapacidad redactan el Estatuto en Lectura F\u00e1cil al que seguir\u00e1 la Ley de Servicios Sociales","datePublished":"2013-07-02T00:00:00+00:00","mainEntityOfPage":{"@id":"https:\/\/solidaridadintergeneracional.es\/wp\/cerca-de-100-personas-con-discapacidad-redactan-el-estatuto-en-lectura-facil-al-que-seguira-la-ley-de-servicios-sociales\/"},"wordCount":1205,"commentCount":0,"publisher":{"@id":"https:\/\/solidaridadintergeneracional.es\/wp\/#organization"},"articleSection":["Noticias Bolet\u00edn","Noticias de interes Pre 2019"],"inLanguage":"es","potentialAction":[{"@type":"CommentAction","name":"Comment","target":["https:\/\/solidaridadintergeneracional.es\/wp\/cerca-de-100-personas-con-discapacidad-redactan-el-estatuto-en-lectura-facil-al-que-seguira-la-ley-de-servicios-sociales\/#respond"]}]},{"@type":"WebPage","@id":"https:\/\/solidaridadintergeneracional.es\/wp\/cerca-de-100-personas-con-discapacidad-redactan-el-estatuto-en-lectura-facil-al-que-seguira-la-ley-de-servicios-sociales\/","url":"https:\/\/solidaridadintergeneracional.es\/wp\/cerca-de-100-personas-con-discapacidad-redactan-el-estatuto-en-lectura-facil-al-que-seguira-la-ley-de-servicios-sociales\/","name":"Cerca de 100 personas con discapacidad redactan el Estatuto en Lectura F\u00e1cil al que seguir\u00e1 la Ley de Servicios Sociales &#8211; Solidaridad Intergeneracional","isPartOf":{"@id":"https:\/\/solidaridadintergeneracional.es\/wp\/#website"},"datePublished":"2013-07-02T00:00:00+00:00","breadcrumb":{"@id":"https:\/\/solidaridadintergeneracional.es\/wp\/cerca-de-100-personas-con-discapacidad-redactan-el-estatuto-en-lectura-facil-al-que-seguira-la-ley-de-servicios-sociales\/#breadcrumb"},"inLanguage":"es","potentialAction":[{"@type":"ReadAction","target":["https:\/\/solidaridadintergeneracional.es\/wp\/cerca-de-100-personas-con-discapacidad-redactan-el-estatuto-en-lectura-facil-al-que-seguira-la-ley-de-servicios-sociales\/"]}]},{"@type":"BreadcrumbList","@id":"https:\/\/solidaridadintergeneracional.es\/wp\/cerca-de-100-personas-con-discapacidad-redactan-el-estatuto-en-lectura-facil-al-que-seguira-la-ley-de-servicios-sociales\/#breadcrumb","itemListElement":[{"@type":"ListItem","position":1,"name":"Portada","item":"https:\/\/solidaridadintergeneracional.es\/wp\/"},{"@type":"ListItem","position":2,"name":"Cerca de 100 personas con discapacidad redactan el Estatuto en Lectura F\u00e1cil al que seguir\u00e1 la Ley de Servicios Sociales"}]},{"@type":"WebSite","@id":"https:\/\/solidaridadintergeneracional.es\/wp\/#website","url":"https:\/\/solidaridadintergeneracional.es\/wp\/","name":"Solidaridad Intergeneracional","description":"Toda la informaci\u00f3n sociosanitaria a tu servicio","publisher":{"@id":"https:\/\/solidaridadintergeneracional.es\/wp\/#organization"},"potentialAction":[{"@type":"SearchAction","target":{"@type":"EntryPoint","urlTemplate":"https:\/\/solidaridadintergeneracional.es\/wp\/?s={search_term_string}"},"query-input":{"@type":"PropertyValueSpecification","valueRequired":true,"valueName":"search_term_string"}}],"inLanguage":"es"},{"@type":"Organization","@id":"https:\/\/solidaridadintergeneracional.es\/wp\/#organization","name":"Solidaridad Intergeneracional","url":"https:\/\/solidaridadintergeneracional.es\/wp\/","logo":{"@type":"ImageObject","inLanguage":"es","@id":"https:\/\/solidaridadintergeneracional.es\/wp\/#\/schema\/logo\/image\/","url":"https:\/\/solidaridadintergeneracional.es\/wp\/wp-content\/uploads\/2020\/02\/logo-solidaridad.963ff81b.png","contentUrl":"https:\/\/solidaridadintergeneracional.es\/wp\/wp-content\/uploads\/2020\/02\/logo-solidaridad.963ff81b.png","width":825,"height":288,"caption":"Solidaridad Intergeneracional"},"image":{"@id":"https:\/\/solidaridadintergeneracional.es\/wp\/#\/schema\/logo\/image\/"},"sameAs":["https:\/\/www.facebook.com\/SolidaridadIntergeneracional\/","https:\/\/x.com\/E_Familia_","https:\/\/www.youtube.com\/channel\/UCt5BNW3Z7_ACkBDg_6ujXTQ"]},{"@type":"Person","@id":"https:\/\/solidaridadintergeneracional.es\/wp\/#\/schema\/person\/e8b31aad699715395f8afbf3f8755d51","name":"Solidaridad Intergeneracional","image":{"@type":"ImageObject","inLanguage":"es","@id":"https:\/\/secure.gravatar.com\/avatar\/e18721a5c4aaa3fecf1fe45b5d7708a7037f8a862dbc28483b4cf55a6ac0fb56?s=96&d=mm&r=g","url":"https:\/\/secure.gravatar.com\/avatar\/e18721a5c4aaa3fecf1fe45b5d7708a7037f8a862dbc28483b4cf55a6ac0fb56?s=96&d=mm&r=g","contentUrl":"https:\/\/secure.gravatar.com\/avatar\/e18721a5c4aaa3fecf1fe45b5d7708a7037f8a862dbc28483b4cf55a6ac0fb56?s=96&d=mm&r=g","caption":"Solidaridad Intergeneracional"},"url":"https:\/\/solidaridadintergeneracional.es\/wp\/author\/admin\/"}]}},"_links":{"self":[{"href":"https:\/\/solidaridadintergeneracional.es\/wp\/wp-json\/wp\/v2\/posts\/22393","targetHints":{"allow":["GET"]}}],"collection":[{"href":"https:\/\/solidaridadintergeneracional.es\/wp\/wp-json\/wp\/v2\/posts"}],"about":[{"href":"https:\/\/solidaridadintergeneracional.es\/wp\/wp-json\/wp\/v2\/types\/post"}],"author":[{"embeddable":true,"href":"https:\/\/solidaridadintergeneracional.es\/wp\/wp-json\/wp\/v2\/users\/1"}],"replies":[{"embeddable":true,"href":"https:\/\/solidaridadintergeneracional.es\/wp\/wp-json\/wp\/v2\/comments?post=22393"}],"version-history":[{"count":0,"href":"https:\/\/solidaridadintergeneracional.es\/wp\/wp-json\/wp\/v2\/posts\/22393\/revisions"}],"wp:attachment":[{"href":"https:\/\/solidaridadintergeneracional.es\/wp\/wp-json\/wp\/v2\/media?parent=22393"}],"wp:term":[{"taxonomy":"category","embeddable":true,"href":"https:\/\/solidaridadintergeneracional.es\/wp\/wp-json\/wp\/v2\/categories?post=22393"},{"taxonomy":"post_tag","embeddable":true,"href":"https:\/\/solidaridadintergeneracional.es\/wp\/wp-json\/wp\/v2\/tags?post=22393"}],"curies":[{"name":"wp","href":"https:\/\/api.w.org\/{rel}","templated":true}]}}