{"id":22369,"date":"2013-06-03T00:00:00","date_gmt":"2013-06-03T00:00:00","guid":{"rendered":"http:\/\/efamilia.es\/wp\/40-profesionales-con-discapacidad-intelectual-participan-en-el-proyecto-de-la-fundacion-carmen-pardo-valcarce-y-casa-dec\/"},"modified":"2013-06-03T00:00:00","modified_gmt":"2013-06-03T00:00:00","slug":"40-profesionales-con-discapacidad-intelectual-participan-en-el-proyecto-de-la-fundacion-carmen-pardo-valcarce-y-casa-dec","status":"publish","type":"post","link":"https:\/\/solidaridadintergeneracional.es\/wp\/40-profesionales-con-discapacidad-intelectual-participan-en-el-proyecto-de-la-fundacion-carmen-pardo-valcarce-y-casa-dec\/","title":{"rendered":"40 profesionales con discapacidad intelectual participan en el proyecto de la Fundaci\u00f3n Carmen Pardo-Valcarce y Casa Dec"},"content":{"rendered":"<h4>Han presentado el proyecto solidario &#8216;Una m\u00e1s una&#8217; con el que han customizado uno de los muebles &#8216;estrella&#8217; elaborados en los talleres de carpinter\u00eda y pintura decorativa de la entidad, el juego de mesitas auxiliares.<\/h4>\n<p>EUROPA PRESS &#8211; MADRID<\/p>\n<p>La Fundaci\u00f3n Carmen Pardo-Valcarce, que participa un a\u00f1o m\u00e1s en Casa D\u00e9cor como &#8216;partner&#8217; solidario, ha presentado este proyecto decorativo solidario en la 48 edici\u00f3n de la exposici\u00f3n, cuya apertura al p\u00fablico tiene lugar este 17 de mayo.<\/p>\n<p>Elementos de la vida cotidiana como la comida y el reciclaje, la familia y los recuerdos de la infancia, los valores y el trabajo de los chicos de la Fundaci\u00f3n, son algunos de los aspectos que han inspirado los dise\u00f1os de los 20 creadores.<\/p>\n<p>En concreto, los decoradores y dise\u00f1adores que colaboran en el proyecto son Alberto Ribera, Olga L\u00f3pez de Vera, Olga Alonso, Ram\u00f3n de Pilar, Eva Marco, Paul Christopher McKenna, Susana de Villa, \u00c1lvaro de la Rosa, Juan Luis Arcos, Isabel Pelet\u00eder, Rafael Sitges, Pascua Ortega, Ignacio Garc\u00eda de Vinuesa, Cuca Mori, Erico Navazo, Fernando Pozuelo, Daniel P\u00e9rez y Felipe Araujo (Estudio Egue &#038; Seta), Rafael Robledo, Dionisio Pel\u00e1ez y Marta Delgado.<\/p>\n<p>En palabras de la presidenta de la Fundaci\u00f3n Carmen Pardo-Valcarce, de Carmen Cafranga, &#8220;sumar, a\u00f1adir, dar, aunar, ayudar&#8230; Todos estos conceptos son los que queremos mostrar con el proyecto &#8216;Una m\u00e1s una'&#8221;. Y explica, &#8220;20 magn\u00edficos creadores que suman generosidad, a\u00f1aden creatividad, dan ilusi\u00f3n, a\u00fanan voluntades y ayudan en el esfuerzo a nuestros trabajadores con discapacidad intelectual para crear 20 dise\u00f1os solidarios. Los 20 juegos de mesas auxiliares, &#8216;Una m\u00e1s Una&#8217;, resumen nuestro esp\u00edritu&#8221;.<\/p>\n<p>Los beneficios recaudados durante Casa Decor, a trav\u00e9s del proyecto &#8216;Una m\u00e1s una&#8217;, la tienda solidaria, el 50% de la venta de cat\u00e1logos, y otras actividades, se destinar\u00e1n a la puesta en marcha de una vivienda de entrenamiento para que j\u00f3venes con discapacidad intelectual de la Fundaci\u00f3n puedan obtener las habilidades necesarias para vivir de forma independiente.<\/p>\n<p><a href=\"http:\/\/www.telecinco.es\/informativos\/sociedad\/Fundacion-Carmen-Pardo-Valcarce-Casa-Decor_0_1605450484.html\">www.telecinco.es\/informativos\/sociedad\/Fundacion-Carmen-Pardo-Valcarce-Casa-Decor_0_1605450484.html<\/a><\/p>\n","protected":false},"excerpt":{"rendered":"<p>Han presentado el proyecto solidario &#8216;Una m\u00e1s una&#8217; con el que han customizado uno de los muebles &#8216;estrella&#8217; elaborados en los talleres de carpinter\u00eda y pintura decorativa de la entidad, el juego de mesitas auxiliares.<\/p>\n","protected":false},"author":1,"featured_media":0,"comment_status":"open","ping_status":"open","sticky":false,"template":"","format":"standard","meta":{"footnotes":""},"categories":[328,321],"tags":[],"class_list":["post-22369","post","type-post","status-publish","format-standard","hentry","category-noticiasboletin","category-noticiasdeinterespre2019"],"yoast_head":"<!-- This site is optimized with the Yoast SEO plugin v27.5 - https:\/\/yoast.com\/product\/yoast-seo-wordpress\/ -->\n<title>40 profesionales con discapacidad intelectual participan en el proyecto de la Fundaci\u00f3n Carmen Pardo-Valcarce y Casa Dec &#8211; Solidaridad Intergeneracional<\/title>\n<meta name=\"robots\" content=\"index, follow, max-snippet:-1, max-image-preview:large, max-video-preview:-1\" \/>\n<link rel=\"canonical\" href=\"https:\/\/solidaridadintergeneracional.es\/wp\/40-profesionales-con-discapacidad-intelectual-participan-en-el-proyecto-de-la-fundacion-carmen-pardo-valcarce-y-casa-dec\/\" \/>\n<meta property=\"og:locale\" content=\"es_ES\" \/>\n<meta property=\"og:type\" content=\"article\" \/>\n<meta property=\"og:title\" content=\"40 profesionales con discapacidad intelectual participan en el proyecto de la Fundaci\u00f3n Carmen Pardo-Valcarce y Casa Dec &#8211; Solidaridad Intergeneracional\" \/>\n<meta property=\"og:description\" content=\"Han presentado el proyecto solidario &#039;Una m\u00e1s una&#039; con el que han customizado uno de los muebles &#039;estrella&#039; elaborados en los talleres de carpinter\u00eda y pintura decorativa de la entidad, el juego de mesitas auxiliares.\" \/>\n<meta property=\"og:url\" content=\"https:\/\/solidaridadintergeneracional.es\/wp\/40-profesionales-con-discapacidad-intelectual-participan-en-el-proyecto-de-la-fundacion-carmen-pardo-valcarce-y-casa-dec\/\" \/>\n<meta property=\"og:site_name\" content=\"Solidaridad Intergeneracional\" \/>\n<meta property=\"article:publisher\" content=\"https:\/\/www.facebook.com\/SolidaridadIntergeneracional\/\" \/>\n<meta property=\"article:published_time\" content=\"2013-06-03T00:00:00+00:00\" \/>\n<meta name=\"author\" content=\"Solidaridad Intergeneracional\" \/>\n<meta name=\"twitter:card\" content=\"summary_large_image\" \/>\n<meta name=\"twitter:creator\" content=\"@E_Familia_\" \/>\n<meta name=\"twitter:site\" content=\"@E_Familia_\" \/>\n<meta name=\"twitter:label1\" content=\"Escrito por\" \/>\n\t<meta name=\"twitter:data1\" content=\"Solidaridad Intergeneracional\" \/>\n\t<meta name=\"twitter:label2\" content=\"Tiempo de lectura\" \/>\n\t<meta name=\"twitter:data2\" content=\"2 minutos\" \/>\n<script type=\"application\/ld+json\" class=\"yoast-schema-graph\">{\"@context\":\"https:\\\/\\\/schema.org\",\"@graph\":[{\"@type\":\"Article\",\"@id\":\"https:\\\/\\\/solidaridadintergeneracional.es\\\/wp\\\/40-profesionales-con-discapacidad-intelectual-participan-en-el-proyecto-de-la-fundacion-carmen-pardo-valcarce-y-casa-dec\\\/#article\",\"isPartOf\":{\"@id\":\"https:\\\/\\\/solidaridadintergeneracional.es\\\/wp\\\/40-profesionales-con-discapacidad-intelectual-participan-en-el-proyecto-de-la-fundacion-carmen-pardo-valcarce-y-casa-dec\\\/\"},\"author\":{\"name\":\"Solidaridad Intergeneracional\",\"@id\":\"https:\\\/\\\/solidaridadintergeneracional.es\\\/wp\\\/#\\\/schema\\\/person\\\/e8b31aad699715395f8afbf3f8755d51\"},\"headline\":\"40 profesionales con discapacidad intelectual participan en el proyecto de la Fundaci\u00f3n Carmen Pardo-Valcarce y Casa Dec\",\"datePublished\":\"2013-06-03T00:00:00+00:00\",\"mainEntityOfPage\":{\"@id\":\"https:\\\/\\\/solidaridadintergeneracional.es\\\/wp\\\/40-profesionales-con-discapacidad-intelectual-participan-en-el-proyecto-de-la-fundacion-carmen-pardo-valcarce-y-casa-dec\\\/\"},\"wordCount\":372,\"commentCount\":0,\"publisher\":{\"@id\":\"https:\\\/\\\/solidaridadintergeneracional.es\\\/wp\\\/#organization\"},\"articleSection\":[\"Noticias Bolet\u00edn\",\"Noticias de interes Pre 2019\"],\"inLanguage\":\"es\",\"potentialAction\":[{\"@type\":\"CommentAction\",\"name\":\"Comment\",\"target\":[\"https:\\\/\\\/solidaridadintergeneracional.es\\\/wp\\\/40-profesionales-con-discapacidad-intelectual-participan-en-el-proyecto-de-la-fundacion-carmen-pardo-valcarce-y-casa-dec\\\/#respond\"]}]},{\"@type\":\"WebPage\",\"@id\":\"https:\\\/\\\/solidaridadintergeneracional.es\\\/wp\\\/40-profesionales-con-discapacidad-intelectual-participan-en-el-proyecto-de-la-fundacion-carmen-pardo-valcarce-y-casa-dec\\\/\",\"url\":\"https:\\\/\\\/solidaridadintergeneracional.es\\\/wp\\\/40-profesionales-con-discapacidad-intelectual-participan-en-el-proyecto-de-la-fundacion-carmen-pardo-valcarce-y-casa-dec\\\/\",\"name\":\"40 profesionales con discapacidad intelectual participan en el proyecto de la Fundaci\u00f3n Carmen Pardo-Valcarce y Casa Dec &#8211; Solidaridad Intergeneracional\",\"isPartOf\":{\"@id\":\"https:\\\/\\\/solidaridadintergeneracional.es\\\/wp\\\/#website\"},\"datePublished\":\"2013-06-03T00:00:00+00:00\",\"breadcrumb\":{\"@id\":\"https:\\\/\\\/solidaridadintergeneracional.es\\\/wp\\\/40-profesionales-con-discapacidad-intelectual-participan-en-el-proyecto-de-la-fundacion-carmen-pardo-valcarce-y-casa-dec\\\/#breadcrumb\"},\"inLanguage\":\"es\",\"potentialAction\":[{\"@type\":\"ReadAction\",\"target\":[\"https:\\\/\\\/solidaridadintergeneracional.es\\\/wp\\\/40-profesionales-con-discapacidad-intelectual-participan-en-el-proyecto-de-la-fundacion-carmen-pardo-valcarce-y-casa-dec\\\/\"]}]},{\"@type\":\"BreadcrumbList\",\"@id\":\"https:\\\/\\\/solidaridadintergeneracional.es\\\/wp\\\/40-profesionales-con-discapacidad-intelectual-participan-en-el-proyecto-de-la-fundacion-carmen-pardo-valcarce-y-casa-dec\\\/#breadcrumb\",\"itemListElement\":[{\"@type\":\"ListItem\",\"position\":1,\"name\":\"Portada\",\"item\":\"https:\\\/\\\/solidaridadintergeneracional.es\\\/wp\\\/\"},{\"@type\":\"ListItem\",\"position\":2,\"name\":\"40 profesionales con discapacidad intelectual participan en el proyecto de la Fundaci\u00f3n Carmen Pardo-Valcarce y Casa Dec\"}]},{\"@type\":\"WebSite\",\"@id\":\"https:\\\/\\\/solidaridadintergeneracional.es\\\/wp\\\/#website\",\"url\":\"https:\\\/\\\/solidaridadintergeneracional.es\\\/wp\\\/\",\"name\":\"Solidaridad Intergeneracional\",\"description\":\"Toda la informaci\u00f3n sociosanitaria a tu servicio\",\"publisher\":{\"@id\":\"https:\\\/\\\/solidaridadintergeneracional.es\\\/wp\\\/#organization\"},\"potentialAction\":[{\"@type\":\"SearchAction\",\"target\":{\"@type\":\"EntryPoint\",\"urlTemplate\":\"https:\\\/\\\/solidaridadintergeneracional.es\\\/wp\\\/?s={search_term_string}\"},\"query-input\":{\"@type\":\"PropertyValueSpecification\",\"valueRequired\":true,\"valueName\":\"search_term_string\"}}],\"inLanguage\":\"es\"},{\"@type\":\"Organization\",\"@id\":\"https:\\\/\\\/solidaridadintergeneracional.es\\\/wp\\\/#organization\",\"name\":\"Solidaridad Intergeneracional\",\"url\":\"https:\\\/\\\/solidaridadintergeneracional.es\\\/wp\\\/\",\"logo\":{\"@type\":\"ImageObject\",\"inLanguage\":\"es\",\"@id\":\"https:\\\/\\\/solidaridadintergeneracional.es\\\/wp\\\/#\\\/schema\\\/logo\\\/image\\\/\",\"url\":\"https:\\\/\\\/solidaridadintergeneracional.es\\\/wp\\\/wp-content\\\/uploads\\\/2020\\\/02\\\/logo-solidaridad.963ff81b.png\",\"contentUrl\":\"https:\\\/\\\/solidaridadintergeneracional.es\\\/wp\\\/wp-content\\\/uploads\\\/2020\\\/02\\\/logo-solidaridad.963ff81b.png\",\"width\":825,\"height\":288,\"caption\":\"Solidaridad Intergeneracional\"},\"image\":{\"@id\":\"https:\\\/\\\/solidaridadintergeneracional.es\\\/wp\\\/#\\\/schema\\\/logo\\\/image\\\/\"},\"sameAs\":[\"https:\\\/\\\/www.facebook.com\\\/SolidaridadIntergeneracional\\\/\",\"https:\\\/\\\/x.com\\\/E_Familia_\",\"https:\\\/\\\/www.youtube.com\\\/channel\\\/UCt5BNW3Z7_ACkBDg_6ujXTQ\"]},{\"@type\":\"Person\",\"@id\":\"https:\\\/\\\/solidaridadintergeneracional.es\\\/wp\\\/#\\\/schema\\\/person\\\/e8b31aad699715395f8afbf3f8755d51\",\"name\":\"Solidaridad Intergeneracional\",\"image\":{\"@type\":\"ImageObject\",\"inLanguage\":\"es\",\"@id\":\"https:\\\/\\\/secure.gravatar.com\\\/avatar\\\/e18721a5c4aaa3fecf1fe45b5d7708a7037f8a862dbc28483b4cf55a6ac0fb56?s=96&d=mm&r=g\",\"url\":\"https:\\\/\\\/secure.gravatar.com\\\/avatar\\\/e18721a5c4aaa3fecf1fe45b5d7708a7037f8a862dbc28483b4cf55a6ac0fb56?s=96&d=mm&r=g\",\"contentUrl\":\"https:\\\/\\\/secure.gravatar.com\\\/avatar\\\/e18721a5c4aaa3fecf1fe45b5d7708a7037f8a862dbc28483b4cf55a6ac0fb56?s=96&d=mm&r=g\",\"caption\":\"Solidaridad Intergeneracional\"},\"url\":\"https:\\\/\\\/solidaridadintergeneracional.es\\\/wp\\\/author\\\/admin\\\/\"}]}<\/script>\n<!-- \/ Yoast SEO plugin. -->","yoast_head_json":{"title":"40 profesionales con discapacidad intelectual participan en el proyecto de la Fundaci\u00f3n Carmen Pardo-Valcarce y Casa Dec &#8211; Solidaridad Intergeneracional","robots":{"index":"index","follow":"follow","max-snippet":"max-snippet:-1","max-image-preview":"max-image-preview:large","max-video-preview":"max-video-preview:-1"},"canonical":"https:\/\/solidaridadintergeneracional.es\/wp\/40-profesionales-con-discapacidad-intelectual-participan-en-el-proyecto-de-la-fundacion-carmen-pardo-valcarce-y-casa-dec\/","og_locale":"es_ES","og_type":"article","og_title":"40 profesionales con discapacidad intelectual participan en el proyecto de la Fundaci\u00f3n Carmen Pardo-Valcarce y Casa Dec &#8211; Solidaridad Intergeneracional","og_description":"Han presentado el proyecto solidario 'Una m\u00e1s una' con el que han customizado uno de los muebles 'estrella' elaborados en los talleres de carpinter\u00eda y pintura decorativa de la entidad, el juego de mesitas auxiliares.","og_url":"https:\/\/solidaridadintergeneracional.es\/wp\/40-profesionales-con-discapacidad-intelectual-participan-en-el-proyecto-de-la-fundacion-carmen-pardo-valcarce-y-casa-dec\/","og_site_name":"Solidaridad Intergeneracional","article_publisher":"https:\/\/www.facebook.com\/SolidaridadIntergeneracional\/","article_published_time":"2013-06-03T00:00:00+00:00","author":"Solidaridad Intergeneracional","twitter_card":"summary_large_image","twitter_creator":"@E_Familia_","twitter_site":"@E_Familia_","twitter_misc":{"Escrito por":"Solidaridad Intergeneracional","Tiempo de lectura":"2 minutos"},"schema":{"@context":"https:\/\/schema.org","@graph":[{"@type":"Article","@id":"https:\/\/solidaridadintergeneracional.es\/wp\/40-profesionales-con-discapacidad-intelectual-participan-en-el-proyecto-de-la-fundacion-carmen-pardo-valcarce-y-casa-dec\/#article","isPartOf":{"@id":"https:\/\/solidaridadintergeneracional.es\/wp\/40-profesionales-con-discapacidad-intelectual-participan-en-el-proyecto-de-la-fundacion-carmen-pardo-valcarce-y-casa-dec\/"},"author":{"name":"Solidaridad Intergeneracional","@id":"https:\/\/solidaridadintergeneracional.es\/wp\/#\/schema\/person\/e8b31aad699715395f8afbf3f8755d51"},"headline":"40 profesionales con discapacidad intelectual participan en el proyecto de la Fundaci\u00f3n Carmen Pardo-Valcarce y Casa Dec","datePublished":"2013-06-03T00:00:00+00:00","mainEntityOfPage":{"@id":"https:\/\/solidaridadintergeneracional.es\/wp\/40-profesionales-con-discapacidad-intelectual-participan-en-el-proyecto-de-la-fundacion-carmen-pardo-valcarce-y-casa-dec\/"},"wordCount":372,"commentCount":0,"publisher":{"@id":"https:\/\/solidaridadintergeneracional.es\/wp\/#organization"},"articleSection":["Noticias Bolet\u00edn","Noticias de interes Pre 2019"],"inLanguage":"es","potentialAction":[{"@type":"CommentAction","name":"Comment","target":["https:\/\/solidaridadintergeneracional.es\/wp\/40-profesionales-con-discapacidad-intelectual-participan-en-el-proyecto-de-la-fundacion-carmen-pardo-valcarce-y-casa-dec\/#respond"]}]},{"@type":"WebPage","@id":"https:\/\/solidaridadintergeneracional.es\/wp\/40-profesionales-con-discapacidad-intelectual-participan-en-el-proyecto-de-la-fundacion-carmen-pardo-valcarce-y-casa-dec\/","url":"https:\/\/solidaridadintergeneracional.es\/wp\/40-profesionales-con-discapacidad-intelectual-participan-en-el-proyecto-de-la-fundacion-carmen-pardo-valcarce-y-casa-dec\/","name":"40 profesionales con discapacidad intelectual participan en el proyecto de la Fundaci\u00f3n Carmen Pardo-Valcarce y Casa Dec &#8211; Solidaridad Intergeneracional","isPartOf":{"@id":"https:\/\/solidaridadintergeneracional.es\/wp\/#website"},"datePublished":"2013-06-03T00:00:00+00:00","breadcrumb":{"@id":"https:\/\/solidaridadintergeneracional.es\/wp\/40-profesionales-con-discapacidad-intelectual-participan-en-el-proyecto-de-la-fundacion-carmen-pardo-valcarce-y-casa-dec\/#breadcrumb"},"inLanguage":"es","potentialAction":[{"@type":"ReadAction","target":["https:\/\/solidaridadintergeneracional.es\/wp\/40-profesionales-con-discapacidad-intelectual-participan-en-el-proyecto-de-la-fundacion-carmen-pardo-valcarce-y-casa-dec\/"]}]},{"@type":"BreadcrumbList","@id":"https:\/\/solidaridadintergeneracional.es\/wp\/40-profesionales-con-discapacidad-intelectual-participan-en-el-proyecto-de-la-fundacion-carmen-pardo-valcarce-y-casa-dec\/#breadcrumb","itemListElement":[{"@type":"ListItem","position":1,"name":"Portada","item":"https:\/\/solidaridadintergeneracional.es\/wp\/"},{"@type":"ListItem","position":2,"name":"40 profesionales con discapacidad intelectual participan en el proyecto de la Fundaci\u00f3n Carmen Pardo-Valcarce y Casa Dec"}]},{"@type":"WebSite","@id":"https:\/\/solidaridadintergeneracional.es\/wp\/#website","url":"https:\/\/solidaridadintergeneracional.es\/wp\/","name":"Solidaridad Intergeneracional","description":"Toda la informaci\u00f3n sociosanitaria a tu servicio","publisher":{"@id":"https:\/\/solidaridadintergeneracional.es\/wp\/#organization"},"potentialAction":[{"@type":"SearchAction","target":{"@type":"EntryPoint","urlTemplate":"https:\/\/solidaridadintergeneracional.es\/wp\/?s={search_term_string}"},"query-input":{"@type":"PropertyValueSpecification","valueRequired":true,"valueName":"search_term_string"}}],"inLanguage":"es"},{"@type":"Organization","@id":"https:\/\/solidaridadintergeneracional.es\/wp\/#organization","name":"Solidaridad Intergeneracional","url":"https:\/\/solidaridadintergeneracional.es\/wp\/","logo":{"@type":"ImageObject","inLanguage":"es","@id":"https:\/\/solidaridadintergeneracional.es\/wp\/#\/schema\/logo\/image\/","url":"https:\/\/solidaridadintergeneracional.es\/wp\/wp-content\/uploads\/2020\/02\/logo-solidaridad.963ff81b.png","contentUrl":"https:\/\/solidaridadintergeneracional.es\/wp\/wp-content\/uploads\/2020\/02\/logo-solidaridad.963ff81b.png","width":825,"height":288,"caption":"Solidaridad Intergeneracional"},"image":{"@id":"https:\/\/solidaridadintergeneracional.es\/wp\/#\/schema\/logo\/image\/"},"sameAs":["https:\/\/www.facebook.com\/SolidaridadIntergeneracional\/","https:\/\/x.com\/E_Familia_","https:\/\/www.youtube.com\/channel\/UCt5BNW3Z7_ACkBDg_6ujXTQ"]},{"@type":"Person","@id":"https:\/\/solidaridadintergeneracional.es\/wp\/#\/schema\/person\/e8b31aad699715395f8afbf3f8755d51","name":"Solidaridad Intergeneracional","image":{"@type":"ImageObject","inLanguage":"es","@id":"https:\/\/secure.gravatar.com\/avatar\/e18721a5c4aaa3fecf1fe45b5d7708a7037f8a862dbc28483b4cf55a6ac0fb56?s=96&d=mm&r=g","url":"https:\/\/secure.gravatar.com\/avatar\/e18721a5c4aaa3fecf1fe45b5d7708a7037f8a862dbc28483b4cf55a6ac0fb56?s=96&d=mm&r=g","contentUrl":"https:\/\/secure.gravatar.com\/avatar\/e18721a5c4aaa3fecf1fe45b5d7708a7037f8a862dbc28483b4cf55a6ac0fb56?s=96&d=mm&r=g","caption":"Solidaridad Intergeneracional"},"url":"https:\/\/solidaridadintergeneracional.es\/wp\/author\/admin\/"}]}},"_links":{"self":[{"href":"https:\/\/solidaridadintergeneracional.es\/wp\/wp-json\/wp\/v2\/posts\/22369","targetHints":{"allow":["GET"]}}],"collection":[{"href":"https:\/\/solidaridadintergeneracional.es\/wp\/wp-json\/wp\/v2\/posts"}],"about":[{"href":"https:\/\/solidaridadintergeneracional.es\/wp\/wp-json\/wp\/v2\/types\/post"}],"author":[{"embeddable":true,"href":"https:\/\/solidaridadintergeneracional.es\/wp\/wp-json\/wp\/v2\/users\/1"}],"replies":[{"embeddable":true,"href":"https:\/\/solidaridadintergeneracional.es\/wp\/wp-json\/wp\/v2\/comments?post=22369"}],"version-history":[{"count":0,"href":"https:\/\/solidaridadintergeneracional.es\/wp\/wp-json\/wp\/v2\/posts\/22369\/revisions"}],"wp:attachment":[{"href":"https:\/\/solidaridadintergeneracional.es\/wp\/wp-json\/wp\/v2\/media?parent=22369"}],"wp:term":[{"taxonomy":"category","embeddable":true,"href":"https:\/\/solidaridadintergeneracional.es\/wp\/wp-json\/wp\/v2\/categories?post=22369"},{"taxonomy":"post_tag","embeddable":true,"href":"https:\/\/solidaridadintergeneracional.es\/wp\/wp-json\/wp\/v2\/tags?post=22369"}],"curies":[{"name":"wp","href":"https:\/\/api.w.org\/{rel}","templated":true}]}}