{"id":22365,"date":"2013-06-03T00:00:00","date_gmt":"2013-06-03T00:00:00","guid":{"rendered":"http:\/\/efamilia.es\/wp\/personas-con-y-sin-discapacidad-participaran-en-la-iv-carrera-de-las-capacidades-en-alcobendas-el-9-de-junio\/"},"modified":"2013-06-03T00:00:00","modified_gmt":"2013-06-03T00:00:00","slug":"personas-con-y-sin-discapacidad-participaran-en-la-iv-carrera-de-las-capacidades-en-alcobendas-el-9-de-junio","status":"publish","type":"post","link":"https:\/\/solidaridadintergeneracional.es\/wp\/personas-con-y-sin-discapacidad-participaran-en-la-iv-carrera-de-las-capacidades-en-alcobendas-el-9-de-junio\/","title":{"rendered":"Personas con y sin discapacidad participar\u00e1n en la &#8216;IV Carrera de las Capacidades&#8217; en Alcobendas el 9 de junio"},"content":{"rendered":"<h4>Para impulsar la integraci\u00f3n social a trav\u00e9s del deporte<\/h4>\n<p>MADRID  (EUROPA PRESS) <\/p>\n<p>   El pr\u00f3ximo 9 de junio se celebrar\u00e1 en Arroyo de la Vega (Alcobendas) la &#8216;IV Carrera de las Capacidades&#8217; en la que participar\u00e1n tanto personas con discapacidad como sin ella con el fin de impulsar la integraci\u00f3n social a trav\u00e9s del deporte.<\/p>\n<p>   El evento, organizado de forma conjunta por Fundaci\u00f3n Adecco, Cisco Systems y con la colaboraci\u00f3n del Ayuntamiento de Alcobendas, &#8220;pretende ser una ocasi\u00f3n para que cada persona, independientemente de sus caracter\u00edsticas o condiciones f\u00edsicas, se marque su propia meta&#8221;, seg\u00fan han explicado sus impulsores, que han indicado que el recorrido est\u00e1 preparado para que los participantes puedan correr 1 o 5 kil\u00f3metros, seg\u00fan su perfil. &#8220;El objetivo es que todas las personas puedan participar sin poner barreras y dificultades&#8221;, seg\u00fan ha indicado el representante de la Fundaci\u00f3n Adecco, H\u00e9ctor Clemente.<\/p>\n<p>   Por su parte, el alcalde del municipio madrile\u00f1o, Ignacio Garc\u00eda de Vinuesa, ha anunciado que participar\u00e1 en la carrera y ha animado a los vecinos de la ciudad a que se sumen &#8220;en una nueva demostraci\u00f3n de compromiso y solidaridad, ya que &#8211;seg\u00fan ha indicado&#8211; no se trata de competir sino de contribuir a la integraci\u00f3n social y laboral de las personas con discapacidades&#8221;.<\/p>\n<p>   El coste de la participaci\u00f3n en la carrera, de 6 euros, ir\u00e1 destinado a financiar un puesto de trabajo para una persona con discapacidad en la Fundaci\u00f3n Apsuria, dedicada a atender a personas con par\u00e1lisis cerebral de la Comunidad de Madrid, seg\u00fan han explicado los organizadores.<\/p>\n<p><a href=\"http:\/\/www.europapress.es\/epsocial\/noticia-personas-discapacidad-participaran-iv-carrera-capacidades-alcobe\">www.europapress.es\/epsocial\/noticia-personas-discapacidad-participaran-iv-carrera-capacidades-alcobe<\/a><\/p>\n","protected":false},"excerpt":{"rendered":"<p>Para impulsar la integraci\u00f3n social a trav\u00e9s del deporte<\/p>\n","protected":false},"author":1,"featured_media":0,"comment_status":"open","ping_status":"open","sticky":false,"template":"","format":"standard","meta":{"footnotes":""},"categories":[328,321],"tags":[],"class_list":["post-22365","post","type-post","status-publish","format-standard","hentry","category-noticiasboletin","category-noticiasdeinterespre2019"],"yoast_head":"<!-- This site is optimized with the Yoast SEO plugin v27.5 - https:\/\/yoast.com\/product\/yoast-seo-wordpress\/ -->\n<title>Personas con y sin discapacidad participar\u00e1n en la &#039;IV Carrera de las Capacidades&#039; en Alcobendas el 9 de junio &#8211; Solidaridad Intergeneracional<\/title>\n<meta name=\"robots\" content=\"index, follow, max-snippet:-1, max-image-preview:large, max-video-preview:-1\" \/>\n<link rel=\"canonical\" href=\"https:\/\/solidaridadintergeneracional.es\/wp\/personas-con-y-sin-discapacidad-participaran-en-la-iv-carrera-de-las-capacidades-en-alcobendas-el-9-de-junio\/\" \/>\n<meta property=\"og:locale\" content=\"es_ES\" \/>\n<meta property=\"og:type\" content=\"article\" \/>\n<meta property=\"og:title\" content=\"Personas con y sin discapacidad participar\u00e1n en la &#039;IV Carrera de las Capacidades&#039; en Alcobendas el 9 de junio &#8211; Solidaridad Intergeneracional\" \/>\n<meta property=\"og:description\" content=\"Para impulsar la integraci\u00f3n social a trav\u00e9s del deporte\" \/>\n<meta property=\"og:url\" content=\"https:\/\/solidaridadintergeneracional.es\/wp\/personas-con-y-sin-discapacidad-participaran-en-la-iv-carrera-de-las-capacidades-en-alcobendas-el-9-de-junio\/\" \/>\n<meta property=\"og:site_name\" content=\"Solidaridad Intergeneracional\" \/>\n<meta property=\"article:publisher\" content=\"https:\/\/www.facebook.com\/SolidaridadIntergeneracional\/\" \/>\n<meta property=\"article:published_time\" content=\"2013-06-03T00:00:00+00:00\" \/>\n<meta name=\"author\" content=\"Solidaridad Intergeneracional\" \/>\n<meta name=\"twitter:card\" content=\"summary_large_image\" \/>\n<meta name=\"twitter:creator\" content=\"@E_Familia_\" \/>\n<meta name=\"twitter:site\" content=\"@E_Familia_\" \/>\n<meta name=\"twitter:label1\" content=\"Escrito por\" \/>\n\t<meta name=\"twitter:data1\" content=\"Solidaridad Intergeneracional\" \/>\n\t<meta name=\"twitter:label2\" content=\"Tiempo de lectura\" \/>\n\t<meta name=\"twitter:data2\" content=\"1 minuto\" \/>\n<script type=\"application\/ld+json\" class=\"yoast-schema-graph\">{\"@context\":\"https:\\\/\\\/schema.org\",\"@graph\":[{\"@type\":\"Article\",\"@id\":\"https:\\\/\\\/solidaridadintergeneracional.es\\\/wp\\\/personas-con-y-sin-discapacidad-participaran-en-la-iv-carrera-de-las-capacidades-en-alcobendas-el-9-de-junio\\\/#article\",\"isPartOf\":{\"@id\":\"https:\\\/\\\/solidaridadintergeneracional.es\\\/wp\\\/personas-con-y-sin-discapacidad-participaran-en-la-iv-carrera-de-las-capacidades-en-alcobendas-el-9-de-junio\\\/\"},\"author\":{\"name\":\"Solidaridad Intergeneracional\",\"@id\":\"https:\\\/\\\/solidaridadintergeneracional.es\\\/wp\\\/#\\\/schema\\\/person\\\/e8b31aad699715395f8afbf3f8755d51\"},\"headline\":\"Personas con y sin discapacidad participar\u00e1n en la &#8216;IV Carrera de las Capacidades&#8217; en Alcobendas el 9 de junio\",\"datePublished\":\"2013-06-03T00:00:00+00:00\",\"mainEntityOfPage\":{\"@id\":\"https:\\\/\\\/solidaridadintergeneracional.es\\\/wp\\\/personas-con-y-sin-discapacidad-participaran-en-la-iv-carrera-de-las-capacidades-en-alcobendas-el-9-de-junio\\\/\"},\"wordCount\":300,\"commentCount\":0,\"publisher\":{\"@id\":\"https:\\\/\\\/solidaridadintergeneracional.es\\\/wp\\\/#organization\"},\"articleSection\":[\"Noticias Bolet\u00edn\",\"Noticias de interes Pre 2019\"],\"inLanguage\":\"es\",\"potentialAction\":[{\"@type\":\"CommentAction\",\"name\":\"Comment\",\"target\":[\"https:\\\/\\\/solidaridadintergeneracional.es\\\/wp\\\/personas-con-y-sin-discapacidad-participaran-en-la-iv-carrera-de-las-capacidades-en-alcobendas-el-9-de-junio\\\/#respond\"]}]},{\"@type\":\"WebPage\",\"@id\":\"https:\\\/\\\/solidaridadintergeneracional.es\\\/wp\\\/personas-con-y-sin-discapacidad-participaran-en-la-iv-carrera-de-las-capacidades-en-alcobendas-el-9-de-junio\\\/\",\"url\":\"https:\\\/\\\/solidaridadintergeneracional.es\\\/wp\\\/personas-con-y-sin-discapacidad-participaran-en-la-iv-carrera-de-las-capacidades-en-alcobendas-el-9-de-junio\\\/\",\"name\":\"Personas con y sin discapacidad participar\u00e1n en la 'IV Carrera de las Capacidades' en Alcobendas el 9 de junio &#8211; Solidaridad Intergeneracional\",\"isPartOf\":{\"@id\":\"https:\\\/\\\/solidaridadintergeneracional.es\\\/wp\\\/#website\"},\"datePublished\":\"2013-06-03T00:00:00+00:00\",\"breadcrumb\":{\"@id\":\"https:\\\/\\\/solidaridadintergeneracional.es\\\/wp\\\/personas-con-y-sin-discapacidad-participaran-en-la-iv-carrera-de-las-capacidades-en-alcobendas-el-9-de-junio\\\/#breadcrumb\"},\"inLanguage\":\"es\",\"potentialAction\":[{\"@type\":\"ReadAction\",\"target\":[\"https:\\\/\\\/solidaridadintergeneracional.es\\\/wp\\\/personas-con-y-sin-discapacidad-participaran-en-la-iv-carrera-de-las-capacidades-en-alcobendas-el-9-de-junio\\\/\"]}]},{\"@type\":\"BreadcrumbList\",\"@id\":\"https:\\\/\\\/solidaridadintergeneracional.es\\\/wp\\\/personas-con-y-sin-discapacidad-participaran-en-la-iv-carrera-de-las-capacidades-en-alcobendas-el-9-de-junio\\\/#breadcrumb\",\"itemListElement\":[{\"@type\":\"ListItem\",\"position\":1,\"name\":\"Portada\",\"item\":\"https:\\\/\\\/solidaridadintergeneracional.es\\\/wp\\\/\"},{\"@type\":\"ListItem\",\"position\":2,\"name\":\"Personas con y sin discapacidad participar\u00e1n en la &#8216;IV Carrera de las Capacidades&#8217; en Alcobendas el 9 de junio\"}]},{\"@type\":\"WebSite\",\"@id\":\"https:\\\/\\\/solidaridadintergeneracional.es\\\/wp\\\/#website\",\"url\":\"https:\\\/\\\/solidaridadintergeneracional.es\\\/wp\\\/\",\"name\":\"Solidaridad Intergeneracional\",\"description\":\"Toda la informaci\u00f3n sociosanitaria a tu servicio\",\"publisher\":{\"@id\":\"https:\\\/\\\/solidaridadintergeneracional.es\\\/wp\\\/#organization\"},\"potentialAction\":[{\"@type\":\"SearchAction\",\"target\":{\"@type\":\"EntryPoint\",\"urlTemplate\":\"https:\\\/\\\/solidaridadintergeneracional.es\\\/wp\\\/?s={search_term_string}\"},\"query-input\":{\"@type\":\"PropertyValueSpecification\",\"valueRequired\":true,\"valueName\":\"search_term_string\"}}],\"inLanguage\":\"es\"},{\"@type\":\"Organization\",\"@id\":\"https:\\\/\\\/solidaridadintergeneracional.es\\\/wp\\\/#organization\",\"name\":\"Solidaridad Intergeneracional\",\"url\":\"https:\\\/\\\/solidaridadintergeneracional.es\\\/wp\\\/\",\"logo\":{\"@type\":\"ImageObject\",\"inLanguage\":\"es\",\"@id\":\"https:\\\/\\\/solidaridadintergeneracional.es\\\/wp\\\/#\\\/schema\\\/logo\\\/image\\\/\",\"url\":\"https:\\\/\\\/solidaridadintergeneracional.es\\\/wp\\\/wp-content\\\/uploads\\\/2020\\\/02\\\/logo-solidaridad.963ff81b.png\",\"contentUrl\":\"https:\\\/\\\/solidaridadintergeneracional.es\\\/wp\\\/wp-content\\\/uploads\\\/2020\\\/02\\\/logo-solidaridad.963ff81b.png\",\"width\":825,\"height\":288,\"caption\":\"Solidaridad Intergeneracional\"},\"image\":{\"@id\":\"https:\\\/\\\/solidaridadintergeneracional.es\\\/wp\\\/#\\\/schema\\\/logo\\\/image\\\/\"},\"sameAs\":[\"https:\\\/\\\/www.facebook.com\\\/SolidaridadIntergeneracional\\\/\",\"https:\\\/\\\/x.com\\\/E_Familia_\",\"https:\\\/\\\/www.youtube.com\\\/channel\\\/UCt5BNW3Z7_ACkBDg_6ujXTQ\"]},{\"@type\":\"Person\",\"@id\":\"https:\\\/\\\/solidaridadintergeneracional.es\\\/wp\\\/#\\\/schema\\\/person\\\/e8b31aad699715395f8afbf3f8755d51\",\"name\":\"Solidaridad Intergeneracional\",\"image\":{\"@type\":\"ImageObject\",\"inLanguage\":\"es\",\"@id\":\"https:\\\/\\\/secure.gravatar.com\\\/avatar\\\/e18721a5c4aaa3fecf1fe45b5d7708a7037f8a862dbc28483b4cf55a6ac0fb56?s=96&d=mm&r=g\",\"url\":\"https:\\\/\\\/secure.gravatar.com\\\/avatar\\\/e18721a5c4aaa3fecf1fe45b5d7708a7037f8a862dbc28483b4cf55a6ac0fb56?s=96&d=mm&r=g\",\"contentUrl\":\"https:\\\/\\\/secure.gravatar.com\\\/avatar\\\/e18721a5c4aaa3fecf1fe45b5d7708a7037f8a862dbc28483b4cf55a6ac0fb56?s=96&d=mm&r=g\",\"caption\":\"Solidaridad Intergeneracional\"},\"url\":\"https:\\\/\\\/solidaridadintergeneracional.es\\\/wp\\\/author\\\/admin\\\/\"}]}<\/script>\n<!-- \/ Yoast SEO plugin. -->","yoast_head_json":{"title":"Personas con y sin discapacidad participar\u00e1n en la 'IV Carrera de las Capacidades' en Alcobendas el 9 de junio &#8211; Solidaridad Intergeneracional","robots":{"index":"index","follow":"follow","max-snippet":"max-snippet:-1","max-image-preview":"max-image-preview:large","max-video-preview":"max-video-preview:-1"},"canonical":"https:\/\/solidaridadintergeneracional.es\/wp\/personas-con-y-sin-discapacidad-participaran-en-la-iv-carrera-de-las-capacidades-en-alcobendas-el-9-de-junio\/","og_locale":"es_ES","og_type":"article","og_title":"Personas con y sin discapacidad participar\u00e1n en la 'IV Carrera de las Capacidades' en Alcobendas el 9 de junio &#8211; Solidaridad Intergeneracional","og_description":"Para impulsar la integraci\u00f3n social a trav\u00e9s del deporte","og_url":"https:\/\/solidaridadintergeneracional.es\/wp\/personas-con-y-sin-discapacidad-participaran-en-la-iv-carrera-de-las-capacidades-en-alcobendas-el-9-de-junio\/","og_site_name":"Solidaridad Intergeneracional","article_publisher":"https:\/\/www.facebook.com\/SolidaridadIntergeneracional\/","article_published_time":"2013-06-03T00:00:00+00:00","author":"Solidaridad Intergeneracional","twitter_card":"summary_large_image","twitter_creator":"@E_Familia_","twitter_site":"@E_Familia_","twitter_misc":{"Escrito por":"Solidaridad Intergeneracional","Tiempo de lectura":"1 minuto"},"schema":{"@context":"https:\/\/schema.org","@graph":[{"@type":"Article","@id":"https:\/\/solidaridadintergeneracional.es\/wp\/personas-con-y-sin-discapacidad-participaran-en-la-iv-carrera-de-las-capacidades-en-alcobendas-el-9-de-junio\/#article","isPartOf":{"@id":"https:\/\/solidaridadintergeneracional.es\/wp\/personas-con-y-sin-discapacidad-participaran-en-la-iv-carrera-de-las-capacidades-en-alcobendas-el-9-de-junio\/"},"author":{"name":"Solidaridad Intergeneracional","@id":"https:\/\/solidaridadintergeneracional.es\/wp\/#\/schema\/person\/e8b31aad699715395f8afbf3f8755d51"},"headline":"Personas con y sin discapacidad participar\u00e1n en la &#8216;IV Carrera de las Capacidades&#8217; en Alcobendas el 9 de junio","datePublished":"2013-06-03T00:00:00+00:00","mainEntityOfPage":{"@id":"https:\/\/solidaridadintergeneracional.es\/wp\/personas-con-y-sin-discapacidad-participaran-en-la-iv-carrera-de-las-capacidades-en-alcobendas-el-9-de-junio\/"},"wordCount":300,"commentCount":0,"publisher":{"@id":"https:\/\/solidaridadintergeneracional.es\/wp\/#organization"},"articleSection":["Noticias Bolet\u00edn","Noticias de interes Pre 2019"],"inLanguage":"es","potentialAction":[{"@type":"CommentAction","name":"Comment","target":["https:\/\/solidaridadintergeneracional.es\/wp\/personas-con-y-sin-discapacidad-participaran-en-la-iv-carrera-de-las-capacidades-en-alcobendas-el-9-de-junio\/#respond"]}]},{"@type":"WebPage","@id":"https:\/\/solidaridadintergeneracional.es\/wp\/personas-con-y-sin-discapacidad-participaran-en-la-iv-carrera-de-las-capacidades-en-alcobendas-el-9-de-junio\/","url":"https:\/\/solidaridadintergeneracional.es\/wp\/personas-con-y-sin-discapacidad-participaran-en-la-iv-carrera-de-las-capacidades-en-alcobendas-el-9-de-junio\/","name":"Personas con y sin discapacidad participar\u00e1n en la 'IV Carrera de las Capacidades' en Alcobendas el 9 de junio &#8211; Solidaridad Intergeneracional","isPartOf":{"@id":"https:\/\/solidaridadintergeneracional.es\/wp\/#website"},"datePublished":"2013-06-03T00:00:00+00:00","breadcrumb":{"@id":"https:\/\/solidaridadintergeneracional.es\/wp\/personas-con-y-sin-discapacidad-participaran-en-la-iv-carrera-de-las-capacidades-en-alcobendas-el-9-de-junio\/#breadcrumb"},"inLanguage":"es","potentialAction":[{"@type":"ReadAction","target":["https:\/\/solidaridadintergeneracional.es\/wp\/personas-con-y-sin-discapacidad-participaran-en-la-iv-carrera-de-las-capacidades-en-alcobendas-el-9-de-junio\/"]}]},{"@type":"BreadcrumbList","@id":"https:\/\/solidaridadintergeneracional.es\/wp\/personas-con-y-sin-discapacidad-participaran-en-la-iv-carrera-de-las-capacidades-en-alcobendas-el-9-de-junio\/#breadcrumb","itemListElement":[{"@type":"ListItem","position":1,"name":"Portada","item":"https:\/\/solidaridadintergeneracional.es\/wp\/"},{"@type":"ListItem","position":2,"name":"Personas con y sin discapacidad participar\u00e1n en la &#8216;IV Carrera de las Capacidades&#8217; en Alcobendas el 9 de junio"}]},{"@type":"WebSite","@id":"https:\/\/solidaridadintergeneracional.es\/wp\/#website","url":"https:\/\/solidaridadintergeneracional.es\/wp\/","name":"Solidaridad Intergeneracional","description":"Toda la informaci\u00f3n sociosanitaria a tu servicio","publisher":{"@id":"https:\/\/solidaridadintergeneracional.es\/wp\/#organization"},"potentialAction":[{"@type":"SearchAction","target":{"@type":"EntryPoint","urlTemplate":"https:\/\/solidaridadintergeneracional.es\/wp\/?s={search_term_string}"},"query-input":{"@type":"PropertyValueSpecification","valueRequired":true,"valueName":"search_term_string"}}],"inLanguage":"es"},{"@type":"Organization","@id":"https:\/\/solidaridadintergeneracional.es\/wp\/#organization","name":"Solidaridad Intergeneracional","url":"https:\/\/solidaridadintergeneracional.es\/wp\/","logo":{"@type":"ImageObject","inLanguage":"es","@id":"https:\/\/solidaridadintergeneracional.es\/wp\/#\/schema\/logo\/image\/","url":"https:\/\/solidaridadintergeneracional.es\/wp\/wp-content\/uploads\/2020\/02\/logo-solidaridad.963ff81b.png","contentUrl":"https:\/\/solidaridadintergeneracional.es\/wp\/wp-content\/uploads\/2020\/02\/logo-solidaridad.963ff81b.png","width":825,"height":288,"caption":"Solidaridad Intergeneracional"},"image":{"@id":"https:\/\/solidaridadintergeneracional.es\/wp\/#\/schema\/logo\/image\/"},"sameAs":["https:\/\/www.facebook.com\/SolidaridadIntergeneracional\/","https:\/\/x.com\/E_Familia_","https:\/\/www.youtube.com\/channel\/UCt5BNW3Z7_ACkBDg_6ujXTQ"]},{"@type":"Person","@id":"https:\/\/solidaridadintergeneracional.es\/wp\/#\/schema\/person\/e8b31aad699715395f8afbf3f8755d51","name":"Solidaridad Intergeneracional","image":{"@type":"ImageObject","inLanguage":"es","@id":"https:\/\/secure.gravatar.com\/avatar\/e18721a5c4aaa3fecf1fe45b5d7708a7037f8a862dbc28483b4cf55a6ac0fb56?s=96&d=mm&r=g","url":"https:\/\/secure.gravatar.com\/avatar\/e18721a5c4aaa3fecf1fe45b5d7708a7037f8a862dbc28483b4cf55a6ac0fb56?s=96&d=mm&r=g","contentUrl":"https:\/\/secure.gravatar.com\/avatar\/e18721a5c4aaa3fecf1fe45b5d7708a7037f8a862dbc28483b4cf55a6ac0fb56?s=96&d=mm&r=g","caption":"Solidaridad Intergeneracional"},"url":"https:\/\/solidaridadintergeneracional.es\/wp\/author\/admin\/"}]}},"_links":{"self":[{"href":"https:\/\/solidaridadintergeneracional.es\/wp\/wp-json\/wp\/v2\/posts\/22365","targetHints":{"allow":["GET"]}}],"collection":[{"href":"https:\/\/solidaridadintergeneracional.es\/wp\/wp-json\/wp\/v2\/posts"}],"about":[{"href":"https:\/\/solidaridadintergeneracional.es\/wp\/wp-json\/wp\/v2\/types\/post"}],"author":[{"embeddable":true,"href":"https:\/\/solidaridadintergeneracional.es\/wp\/wp-json\/wp\/v2\/users\/1"}],"replies":[{"embeddable":true,"href":"https:\/\/solidaridadintergeneracional.es\/wp\/wp-json\/wp\/v2\/comments?post=22365"}],"version-history":[{"count":0,"href":"https:\/\/solidaridadintergeneracional.es\/wp\/wp-json\/wp\/v2\/posts\/22365\/revisions"}],"wp:attachment":[{"href":"https:\/\/solidaridadintergeneracional.es\/wp\/wp-json\/wp\/v2\/media?parent=22365"}],"wp:term":[{"taxonomy":"category","embeddable":true,"href":"https:\/\/solidaridadintergeneracional.es\/wp\/wp-json\/wp\/v2\/categories?post=22365"},{"taxonomy":"post_tag","embeddable":true,"href":"https:\/\/solidaridadintergeneracional.es\/wp\/wp-json\/wp\/v2\/tags?post=22365"}],"curies":[{"name":"wp","href":"https:\/\/api.w.org\/{rel}","templated":true}]}}