{"id":22317,"date":"2013-04-30T00:00:00","date_gmt":"2013-04-30T00:00:00","guid":{"rendered":"http:\/\/efamilia.es\/wp\/el-ayuntamiento-abre-el-plazo-para-pedir-ayudas-a-menores-adolescentes-con-discapacidad\/"},"modified":"2013-04-30T00:00:00","modified_gmt":"2013-04-30T00:00:00","slug":"el-ayuntamiento-abre-el-plazo-para-pedir-ayudas-a-menores-adolescentes-con-discapacidad","status":"publish","type":"post","link":"https:\/\/solidaridadintergeneracional.es\/wp\/el-ayuntamiento-abre-el-plazo-para-pedir-ayudas-a-menores-adolescentes-con-discapacidad\/","title":{"rendered":"El Ayuntamiento abre el plazo para pedir ayudas a menores adolescentes con discapacidad"},"content":{"rendered":"<h4>Su finalidad es mejorar la calidad de vida de las familias que tienen hijos menores y\/o adolescentes con estas caracter\u00edsticas, promoviendo experiencias positivas de socializaci\u00f3n y autonom\u00eda del colectivo<\/h4>\n<p>SEVILLA (EUROPA PRESS)<\/p>\n<p>El Ayuntamiento de Sevilla, a trav\u00e9s de la Delegaci\u00f3n de Familia, Asuntos Sociales y Zonas de Especial Actuaci\u00f3n, ha abierto el plazo para solicitar ayudas para los menores adolescentes de discapacidad, que contar\u00e1 con un presupuesto de 75.000 y cuenta con una cuant\u00eda m\u00e1xima subvencionable por proyecto y entidad de 15.000 euros.<\/p>\n<p>Seg\u00fan la informaci\u00f3n recogida por Europa Press, tras su publicaci\u00f3n en el Bolet\u00edn Oficial de la Provincia (BOP), se abre el periodo para la presentaci\u00f3n de las solicitudes hasta final de mes para acceder a estas ayudas que el departamento de Dolores de Pablo-Blanco ha incluido en sus presupuestos.<\/p>\n<p>As\u00ed, estas ayudas en r\u00e9gimen de concurrencia competitiva ya han sido aprobadas en Junta de Gobierno para el desarrollo de proyectos de apoyo a familias con menores y\/o adolescentes con discapacidad igual o superior al 33 por ciento residentes en la ciudad de Sevilla durante 2013.<\/p>\n<p>El objetivo general de la iniciativa es impulsar el desarrollo de las acciones espec\u00edficas con la infancia y adolescencia en sus contextos de desarrollo en el \u00e1mbito de la promoci\u00f3n, prevenci\u00f3n y reinserci\u00f3n, d\u00e1ndoles el car\u00e1cter integral necesario, facilitando su protecci\u00f3n y bienestar social e incrementando la calidad de la atenci\u00f3n a la infancia y la adolescencia.<\/p>\n<p>De este modo, se pretende proporcionar a los padres o cuidadores habituales, periodos de descanso en los cuidados que han de dar a sus hijos, previniendo situaciones de aislamiento social, desequilibrio o ruptura familiar; ofrecer a los ni\u00f1os experiencias positivas fuera de su entorno familiar habitual, acordes con las necesidades especiales que presentan, procurando su socializaci\u00f3n e integraci\u00f3n mediante la participaci\u00f3n en actividades educativas y l\u00fadicas, entre otras acciones espec\u00edficas.<\/p>\n<p>En cuanto al presupuesto, asciende a 75.000 euros para proyectos que se ejecuten este a\u00f1o y la cuant\u00eda m\u00e1xima subvencionable por proyecto y entidad ser\u00e1 de 15.000 euros. A la fecha de concesi\u00f3n de las subvenciones se les abona anticipadamente a las entidades el 75 por ciento de lo concedido.<\/p>\n<p>En este marco, De Pablo-Blanco indic\u00f3 con anterioridad que se trata de la primera vez que se incluye en los presupuestos de la delegaci\u00f3n una convocatoria de ayudas que apoya espec\u00edficamente a este sector de poblaci\u00f3n, en consonancia con el Plan Municipal de Prevenci\u00f3n y Atenci\u00f3n a la Infancia y Adolescencia en Situaci\u00f3n de Riesgo 2012-2015, aprobado en 2012.<\/p>\n<p>&#8220;Su finalidad es mejorar la calidad de vida de las familias que tienen hijos menores y\/o adolescentes con estas caracter\u00edsticas, promoviendo experiencias positivas de socializaci\u00f3n y autonom\u00eda del colectivo&#8221;, ha detallado.<\/p>\n<p><a href=\"http:\/\/ecodiario.eleconomista.es\/espana\/noticias\/4754531\/04\/13\/El-Ayuntamiento-abre-el-plazo-para-pedir-ayu\">ecodiario.eleconomista.es\/espana\/noticias\/4754531\/04\/13\/El-Ayuntamiento-abre-el-plazo-para-pedir-ayu<\/a><\/p>\n","protected":false},"excerpt":{"rendered":"<p>Su finalidad es mejorar la calidad de vida de las familias que tienen hijos menores y\/o adolescentes con estas caracter\u00edsticas, promoviendo experiencias positivas de socializaci\u00f3n y autonom\u00eda del colectivo<\/p>\n","protected":false},"author":1,"featured_media":0,"comment_status":"open","ping_status":"open","sticky":false,"template":"","format":"standard","meta":{"footnotes":""},"categories":[328,321],"tags":[],"class_list":["post-22317","post","type-post","status-publish","format-standard","hentry","category-noticiasboletin","category-noticiasdeinterespre2019"],"yoast_head":"<!-- This site is optimized with the Yoast SEO plugin v27.5 - https:\/\/yoast.com\/product\/yoast-seo-wordpress\/ -->\n<title>El Ayuntamiento abre el plazo para pedir ayudas a menores adolescentes con discapacidad &#8211; Solidaridad Intergeneracional<\/title>\n<meta name=\"robots\" content=\"index, follow, max-snippet:-1, max-image-preview:large, max-video-preview:-1\" \/>\n<link rel=\"canonical\" href=\"https:\/\/solidaridadintergeneracional.es\/wp\/el-ayuntamiento-abre-el-plazo-para-pedir-ayudas-a-menores-adolescentes-con-discapacidad\/\" \/>\n<meta property=\"og:locale\" content=\"es_ES\" \/>\n<meta property=\"og:type\" content=\"article\" \/>\n<meta property=\"og:title\" content=\"El Ayuntamiento abre el plazo para pedir ayudas a menores adolescentes con discapacidad &#8211; Solidaridad Intergeneracional\" \/>\n<meta property=\"og:description\" content=\"Su finalidad es mejorar la calidad de vida de las familias que tienen hijos menores y\/o adolescentes con estas caracter\u00edsticas, promoviendo experiencias positivas de socializaci\u00f3n y autonom\u00eda del colectivo\" \/>\n<meta property=\"og:url\" content=\"https:\/\/solidaridadintergeneracional.es\/wp\/el-ayuntamiento-abre-el-plazo-para-pedir-ayudas-a-menores-adolescentes-con-discapacidad\/\" \/>\n<meta property=\"og:site_name\" content=\"Solidaridad Intergeneracional\" \/>\n<meta property=\"article:publisher\" content=\"https:\/\/www.facebook.com\/SolidaridadIntergeneracional\/\" \/>\n<meta property=\"article:published_time\" content=\"2013-04-30T00:00:00+00:00\" \/>\n<meta name=\"author\" content=\"Solidaridad Intergeneracional\" \/>\n<meta name=\"twitter:card\" content=\"summary_large_image\" \/>\n<meta name=\"twitter:creator\" content=\"@E_Familia_\" \/>\n<meta name=\"twitter:site\" content=\"@E_Familia_\" \/>\n<meta name=\"twitter:label1\" content=\"Escrito por\" \/>\n\t<meta name=\"twitter:data1\" content=\"Solidaridad Intergeneracional\" \/>\n\t<meta name=\"twitter:label2\" content=\"Tiempo de lectura\" \/>\n\t<meta name=\"twitter:data2\" content=\"2 minutos\" \/>\n<script type=\"application\/ld+json\" class=\"yoast-schema-graph\">{\"@context\":\"https:\\\/\\\/schema.org\",\"@graph\":[{\"@type\":\"Article\",\"@id\":\"https:\\\/\\\/solidaridadintergeneracional.es\\\/wp\\\/el-ayuntamiento-abre-el-plazo-para-pedir-ayudas-a-menores-adolescentes-con-discapacidad\\\/#article\",\"isPartOf\":{\"@id\":\"https:\\\/\\\/solidaridadintergeneracional.es\\\/wp\\\/el-ayuntamiento-abre-el-plazo-para-pedir-ayudas-a-menores-adolescentes-con-discapacidad\\\/\"},\"author\":{\"name\":\"Solidaridad Intergeneracional\",\"@id\":\"https:\\\/\\\/solidaridadintergeneracional.es\\\/wp\\\/#\\\/schema\\\/person\\\/e8b31aad699715395f8afbf3f8755d51\"},\"headline\":\"El Ayuntamiento abre el plazo para pedir ayudas a menores adolescentes con discapacidad\",\"datePublished\":\"2013-04-30T00:00:00+00:00\",\"mainEntityOfPage\":{\"@id\":\"https:\\\/\\\/solidaridadintergeneracional.es\\\/wp\\\/el-ayuntamiento-abre-el-plazo-para-pedir-ayudas-a-menores-adolescentes-con-discapacidad\\\/\"},\"wordCount\":501,\"commentCount\":0,\"publisher\":{\"@id\":\"https:\\\/\\\/solidaridadintergeneracional.es\\\/wp\\\/#organization\"},\"articleSection\":[\"Noticias Bolet\u00edn\",\"Noticias de interes Pre 2019\"],\"inLanguage\":\"es\",\"potentialAction\":[{\"@type\":\"CommentAction\",\"name\":\"Comment\",\"target\":[\"https:\\\/\\\/solidaridadintergeneracional.es\\\/wp\\\/el-ayuntamiento-abre-el-plazo-para-pedir-ayudas-a-menores-adolescentes-con-discapacidad\\\/#respond\"]}]},{\"@type\":\"WebPage\",\"@id\":\"https:\\\/\\\/solidaridadintergeneracional.es\\\/wp\\\/el-ayuntamiento-abre-el-plazo-para-pedir-ayudas-a-menores-adolescentes-con-discapacidad\\\/\",\"url\":\"https:\\\/\\\/solidaridadintergeneracional.es\\\/wp\\\/el-ayuntamiento-abre-el-plazo-para-pedir-ayudas-a-menores-adolescentes-con-discapacidad\\\/\",\"name\":\"El Ayuntamiento abre el plazo para pedir ayudas a menores adolescentes con discapacidad &#8211; Solidaridad Intergeneracional\",\"isPartOf\":{\"@id\":\"https:\\\/\\\/solidaridadintergeneracional.es\\\/wp\\\/#website\"},\"datePublished\":\"2013-04-30T00:00:00+00:00\",\"breadcrumb\":{\"@id\":\"https:\\\/\\\/solidaridadintergeneracional.es\\\/wp\\\/el-ayuntamiento-abre-el-plazo-para-pedir-ayudas-a-menores-adolescentes-con-discapacidad\\\/#breadcrumb\"},\"inLanguage\":\"es\",\"potentialAction\":[{\"@type\":\"ReadAction\",\"target\":[\"https:\\\/\\\/solidaridadintergeneracional.es\\\/wp\\\/el-ayuntamiento-abre-el-plazo-para-pedir-ayudas-a-menores-adolescentes-con-discapacidad\\\/\"]}]},{\"@type\":\"BreadcrumbList\",\"@id\":\"https:\\\/\\\/solidaridadintergeneracional.es\\\/wp\\\/el-ayuntamiento-abre-el-plazo-para-pedir-ayudas-a-menores-adolescentes-con-discapacidad\\\/#breadcrumb\",\"itemListElement\":[{\"@type\":\"ListItem\",\"position\":1,\"name\":\"Portada\",\"item\":\"https:\\\/\\\/solidaridadintergeneracional.es\\\/wp\\\/\"},{\"@type\":\"ListItem\",\"position\":2,\"name\":\"El Ayuntamiento abre el plazo para pedir ayudas a menores adolescentes con discapacidad\"}]},{\"@type\":\"WebSite\",\"@id\":\"https:\\\/\\\/solidaridadintergeneracional.es\\\/wp\\\/#website\",\"url\":\"https:\\\/\\\/solidaridadintergeneracional.es\\\/wp\\\/\",\"name\":\"Solidaridad Intergeneracional\",\"description\":\"Toda la informaci\u00f3n sociosanitaria a tu servicio\",\"publisher\":{\"@id\":\"https:\\\/\\\/solidaridadintergeneracional.es\\\/wp\\\/#organization\"},\"potentialAction\":[{\"@type\":\"SearchAction\",\"target\":{\"@type\":\"EntryPoint\",\"urlTemplate\":\"https:\\\/\\\/solidaridadintergeneracional.es\\\/wp\\\/?s={search_term_string}\"},\"query-input\":{\"@type\":\"PropertyValueSpecification\",\"valueRequired\":true,\"valueName\":\"search_term_string\"}}],\"inLanguage\":\"es\"},{\"@type\":\"Organization\",\"@id\":\"https:\\\/\\\/solidaridadintergeneracional.es\\\/wp\\\/#organization\",\"name\":\"Solidaridad Intergeneracional\",\"url\":\"https:\\\/\\\/solidaridadintergeneracional.es\\\/wp\\\/\",\"logo\":{\"@type\":\"ImageObject\",\"inLanguage\":\"es\",\"@id\":\"https:\\\/\\\/solidaridadintergeneracional.es\\\/wp\\\/#\\\/schema\\\/logo\\\/image\\\/\",\"url\":\"https:\\\/\\\/solidaridadintergeneracional.es\\\/wp\\\/wp-content\\\/uploads\\\/2020\\\/02\\\/logo-solidaridad.963ff81b.png\",\"contentUrl\":\"https:\\\/\\\/solidaridadintergeneracional.es\\\/wp\\\/wp-content\\\/uploads\\\/2020\\\/02\\\/logo-solidaridad.963ff81b.png\",\"width\":825,\"height\":288,\"caption\":\"Solidaridad Intergeneracional\"},\"image\":{\"@id\":\"https:\\\/\\\/solidaridadintergeneracional.es\\\/wp\\\/#\\\/schema\\\/logo\\\/image\\\/\"},\"sameAs\":[\"https:\\\/\\\/www.facebook.com\\\/SolidaridadIntergeneracional\\\/\",\"https:\\\/\\\/x.com\\\/E_Familia_\",\"https:\\\/\\\/www.youtube.com\\\/channel\\\/UCt5BNW3Z7_ACkBDg_6ujXTQ\"]},{\"@type\":\"Person\",\"@id\":\"https:\\\/\\\/solidaridadintergeneracional.es\\\/wp\\\/#\\\/schema\\\/person\\\/e8b31aad699715395f8afbf3f8755d51\",\"name\":\"Solidaridad Intergeneracional\",\"image\":{\"@type\":\"ImageObject\",\"inLanguage\":\"es\",\"@id\":\"https:\\\/\\\/secure.gravatar.com\\\/avatar\\\/e18721a5c4aaa3fecf1fe45b5d7708a7037f8a862dbc28483b4cf55a6ac0fb56?s=96&d=mm&r=g\",\"url\":\"https:\\\/\\\/secure.gravatar.com\\\/avatar\\\/e18721a5c4aaa3fecf1fe45b5d7708a7037f8a862dbc28483b4cf55a6ac0fb56?s=96&d=mm&r=g\",\"contentUrl\":\"https:\\\/\\\/secure.gravatar.com\\\/avatar\\\/e18721a5c4aaa3fecf1fe45b5d7708a7037f8a862dbc28483b4cf55a6ac0fb56?s=96&d=mm&r=g\",\"caption\":\"Solidaridad Intergeneracional\"},\"url\":\"https:\\\/\\\/solidaridadintergeneracional.es\\\/wp\\\/author\\\/admin\\\/\"}]}<\/script>\n<!-- \/ Yoast SEO plugin. -->","yoast_head_json":{"title":"El Ayuntamiento abre el plazo para pedir ayudas a menores adolescentes con discapacidad &#8211; Solidaridad Intergeneracional","robots":{"index":"index","follow":"follow","max-snippet":"max-snippet:-1","max-image-preview":"max-image-preview:large","max-video-preview":"max-video-preview:-1"},"canonical":"https:\/\/solidaridadintergeneracional.es\/wp\/el-ayuntamiento-abre-el-plazo-para-pedir-ayudas-a-menores-adolescentes-con-discapacidad\/","og_locale":"es_ES","og_type":"article","og_title":"El Ayuntamiento abre el plazo para pedir ayudas a menores adolescentes con discapacidad &#8211; Solidaridad Intergeneracional","og_description":"Su finalidad es mejorar la calidad de vida de las familias que tienen hijos menores y\/o adolescentes con estas caracter\u00edsticas, promoviendo experiencias positivas de socializaci\u00f3n y autonom\u00eda del colectivo","og_url":"https:\/\/solidaridadintergeneracional.es\/wp\/el-ayuntamiento-abre-el-plazo-para-pedir-ayudas-a-menores-adolescentes-con-discapacidad\/","og_site_name":"Solidaridad Intergeneracional","article_publisher":"https:\/\/www.facebook.com\/SolidaridadIntergeneracional\/","article_published_time":"2013-04-30T00:00:00+00:00","author":"Solidaridad Intergeneracional","twitter_card":"summary_large_image","twitter_creator":"@E_Familia_","twitter_site":"@E_Familia_","twitter_misc":{"Escrito por":"Solidaridad Intergeneracional","Tiempo de lectura":"2 minutos"},"schema":{"@context":"https:\/\/schema.org","@graph":[{"@type":"Article","@id":"https:\/\/solidaridadintergeneracional.es\/wp\/el-ayuntamiento-abre-el-plazo-para-pedir-ayudas-a-menores-adolescentes-con-discapacidad\/#article","isPartOf":{"@id":"https:\/\/solidaridadintergeneracional.es\/wp\/el-ayuntamiento-abre-el-plazo-para-pedir-ayudas-a-menores-adolescentes-con-discapacidad\/"},"author":{"name":"Solidaridad Intergeneracional","@id":"https:\/\/solidaridadintergeneracional.es\/wp\/#\/schema\/person\/e8b31aad699715395f8afbf3f8755d51"},"headline":"El Ayuntamiento abre el plazo para pedir ayudas a menores adolescentes con discapacidad","datePublished":"2013-04-30T00:00:00+00:00","mainEntityOfPage":{"@id":"https:\/\/solidaridadintergeneracional.es\/wp\/el-ayuntamiento-abre-el-plazo-para-pedir-ayudas-a-menores-adolescentes-con-discapacidad\/"},"wordCount":501,"commentCount":0,"publisher":{"@id":"https:\/\/solidaridadintergeneracional.es\/wp\/#organization"},"articleSection":["Noticias Bolet\u00edn","Noticias de interes Pre 2019"],"inLanguage":"es","potentialAction":[{"@type":"CommentAction","name":"Comment","target":["https:\/\/solidaridadintergeneracional.es\/wp\/el-ayuntamiento-abre-el-plazo-para-pedir-ayudas-a-menores-adolescentes-con-discapacidad\/#respond"]}]},{"@type":"WebPage","@id":"https:\/\/solidaridadintergeneracional.es\/wp\/el-ayuntamiento-abre-el-plazo-para-pedir-ayudas-a-menores-adolescentes-con-discapacidad\/","url":"https:\/\/solidaridadintergeneracional.es\/wp\/el-ayuntamiento-abre-el-plazo-para-pedir-ayudas-a-menores-adolescentes-con-discapacidad\/","name":"El Ayuntamiento abre el plazo para pedir ayudas a menores adolescentes con discapacidad &#8211; Solidaridad Intergeneracional","isPartOf":{"@id":"https:\/\/solidaridadintergeneracional.es\/wp\/#website"},"datePublished":"2013-04-30T00:00:00+00:00","breadcrumb":{"@id":"https:\/\/solidaridadintergeneracional.es\/wp\/el-ayuntamiento-abre-el-plazo-para-pedir-ayudas-a-menores-adolescentes-con-discapacidad\/#breadcrumb"},"inLanguage":"es","potentialAction":[{"@type":"ReadAction","target":["https:\/\/solidaridadintergeneracional.es\/wp\/el-ayuntamiento-abre-el-plazo-para-pedir-ayudas-a-menores-adolescentes-con-discapacidad\/"]}]},{"@type":"BreadcrumbList","@id":"https:\/\/solidaridadintergeneracional.es\/wp\/el-ayuntamiento-abre-el-plazo-para-pedir-ayudas-a-menores-adolescentes-con-discapacidad\/#breadcrumb","itemListElement":[{"@type":"ListItem","position":1,"name":"Portada","item":"https:\/\/solidaridadintergeneracional.es\/wp\/"},{"@type":"ListItem","position":2,"name":"El Ayuntamiento abre el plazo para pedir ayudas a menores adolescentes con discapacidad"}]},{"@type":"WebSite","@id":"https:\/\/solidaridadintergeneracional.es\/wp\/#website","url":"https:\/\/solidaridadintergeneracional.es\/wp\/","name":"Solidaridad Intergeneracional","description":"Toda la informaci\u00f3n sociosanitaria a tu servicio","publisher":{"@id":"https:\/\/solidaridadintergeneracional.es\/wp\/#organization"},"potentialAction":[{"@type":"SearchAction","target":{"@type":"EntryPoint","urlTemplate":"https:\/\/solidaridadintergeneracional.es\/wp\/?s={search_term_string}"},"query-input":{"@type":"PropertyValueSpecification","valueRequired":true,"valueName":"search_term_string"}}],"inLanguage":"es"},{"@type":"Organization","@id":"https:\/\/solidaridadintergeneracional.es\/wp\/#organization","name":"Solidaridad Intergeneracional","url":"https:\/\/solidaridadintergeneracional.es\/wp\/","logo":{"@type":"ImageObject","inLanguage":"es","@id":"https:\/\/solidaridadintergeneracional.es\/wp\/#\/schema\/logo\/image\/","url":"https:\/\/solidaridadintergeneracional.es\/wp\/wp-content\/uploads\/2020\/02\/logo-solidaridad.963ff81b.png","contentUrl":"https:\/\/solidaridadintergeneracional.es\/wp\/wp-content\/uploads\/2020\/02\/logo-solidaridad.963ff81b.png","width":825,"height":288,"caption":"Solidaridad Intergeneracional"},"image":{"@id":"https:\/\/solidaridadintergeneracional.es\/wp\/#\/schema\/logo\/image\/"},"sameAs":["https:\/\/www.facebook.com\/SolidaridadIntergeneracional\/","https:\/\/x.com\/E_Familia_","https:\/\/www.youtube.com\/channel\/UCt5BNW3Z7_ACkBDg_6ujXTQ"]},{"@type":"Person","@id":"https:\/\/solidaridadintergeneracional.es\/wp\/#\/schema\/person\/e8b31aad699715395f8afbf3f8755d51","name":"Solidaridad Intergeneracional","image":{"@type":"ImageObject","inLanguage":"es","@id":"https:\/\/secure.gravatar.com\/avatar\/e18721a5c4aaa3fecf1fe45b5d7708a7037f8a862dbc28483b4cf55a6ac0fb56?s=96&d=mm&r=g","url":"https:\/\/secure.gravatar.com\/avatar\/e18721a5c4aaa3fecf1fe45b5d7708a7037f8a862dbc28483b4cf55a6ac0fb56?s=96&d=mm&r=g","contentUrl":"https:\/\/secure.gravatar.com\/avatar\/e18721a5c4aaa3fecf1fe45b5d7708a7037f8a862dbc28483b4cf55a6ac0fb56?s=96&d=mm&r=g","caption":"Solidaridad Intergeneracional"},"url":"https:\/\/solidaridadintergeneracional.es\/wp\/author\/admin\/"}]}},"_links":{"self":[{"href":"https:\/\/solidaridadintergeneracional.es\/wp\/wp-json\/wp\/v2\/posts\/22317","targetHints":{"allow":["GET"]}}],"collection":[{"href":"https:\/\/solidaridadintergeneracional.es\/wp\/wp-json\/wp\/v2\/posts"}],"about":[{"href":"https:\/\/solidaridadintergeneracional.es\/wp\/wp-json\/wp\/v2\/types\/post"}],"author":[{"embeddable":true,"href":"https:\/\/solidaridadintergeneracional.es\/wp\/wp-json\/wp\/v2\/users\/1"}],"replies":[{"embeddable":true,"href":"https:\/\/solidaridadintergeneracional.es\/wp\/wp-json\/wp\/v2\/comments?post=22317"}],"version-history":[{"count":0,"href":"https:\/\/solidaridadintergeneracional.es\/wp\/wp-json\/wp\/v2\/posts\/22317\/revisions"}],"wp:attachment":[{"href":"https:\/\/solidaridadintergeneracional.es\/wp\/wp-json\/wp\/v2\/media?parent=22317"}],"wp:term":[{"taxonomy":"category","embeddable":true,"href":"https:\/\/solidaridadintergeneracional.es\/wp\/wp-json\/wp\/v2\/categories?post=22317"},{"taxonomy":"post_tag","embeddable":true,"href":"https:\/\/solidaridadintergeneracional.es\/wp\/wp-json\/wp\/v2\/tags?post=22317"}],"curies":[{"name":"wp","href":"https:\/\/api.w.org\/{rel}","templated":true}]}}