{"id":22316,"date":"2013-04-30T00:00:00","date_gmt":"2013-04-30T00:00:00","guid":{"rendered":"http:\/\/efamilia.es\/wp\/margareto-apadrina-la-marcha-aspanis-a-beneficio-de-nuevo-centro-discapacidad\/"},"modified":"2013-04-30T00:00:00","modified_gmt":"2013-04-30T00:00:00","slug":"margareto-apadrina-la-marcha-aspanis-a-beneficio-de-nuevo-centro-discapacidad","status":"publish","type":"post","link":"https:\/\/solidaridadintergeneracional.es\/wp\/margareto-apadrina-la-marcha-aspanis-a-beneficio-de-nuevo-centro-discapacidad\/","title":{"rendered":"Margareto apadrina la Marcha Aspanis a beneficio de nuevo centro discapacidad"},"content":{"rendered":"<h4>Se trata de un Centro de D\u00eda y una Residencia destinados a personas con discapacidad intelectual y envejecimiento prematuro<\/h4>\n<p>EFE<\/p>\n<p>El cineasta Ram\u00f3n Margareto apadrina la 34 Marcha Aspanis que se celebrar\u00e1 en Palencia el 4 de mayo y destinar\u00e1 toda la recaudaci\u00f3n a la construcci\u00f3n de un Centro de D\u00eda y Residencia para personas con discapacidad intelectual, que atender\u00e1 a 75 personas en Palencia.<\/p>\n<p>Un centro que comenz\u00f3 a construirse en 2011 y que durante los \u00faltimos tres a\u00f1os se ha llevado toda lo recaudado en estas marchas &#8220;que contribuyen, gracias a la solidaridad de los palentinos a hacer realidad proyectos como este&#8221;, ha manifestado en rueda de prensa Antonio Mota, director gerente de Aspanis.<\/p>\n<p>Durante la presentaci\u00f3n de la marcha, Mota ha confiado en que se mantenga la participaci\u00f3n de 2012, cerca de 900 personas, y la recaudaci\u00f3n, m\u00e1s de 31.000 euros, para poder seguir construyendo este centro que tendr\u00e1 un coste superior a los 3 millones de euros.<\/p>\n<p>Las nuevas instalaciones, financiadas en un 70% por la Gerencia de Servicios Sociales y en un 30% por la asociaci\u00f3n, han visto retrasada su puesta en marcha, prevista para 2014, hasta el 2016, debido a las actuales dificultades econ\u00f3micas, ha explicado Mota.<\/p>\n<p>Se trata de un Centro de D\u00eda y una Residencia destinados a personas con discapacidad intelectual y envejecimiento prematuro con el que se pretende dar respuesta a las nuevas necesidades derivadas del incremento en la calidad de vida de estas personas, que dar\u00e1n servicio residencial a 30 personas y de centro de d\u00eda a otras 45.<\/p>\n<p>Su objetivo ser\u00e1 atender las necesidades especiales de personas con discapacidad intelectual grave y problemas de movilidad por lo que deben contar con servicios concretos de hidroterapia, fisioterapia o relajaci\u00f3n, ha explicado Mota.<\/p>\n<p>Por su parte, el cineasta Ram\u00f3n Margareto, padrino de esta edici\u00f3n, ha manifestado su agradecimiento por poder participar en un proyecto como este y ha afirmado que &#8220;siempre que Palencia me llama yo intento responder y si se trata de una causa humanitaria como esta, est\u00e1 claro que hay que volcarse&#8221;.<\/p>\n<p>El ganador de un Goya en 2011 ha recordado tambi\u00e9n que su vinculaci\u00f3n con Aspanis viene de joven porque ya en la d\u00e9cada de los ochenta organizaba en el Teatro Ortega un festival solidario de baile y m\u00fasica a beneficio de esta asociaci\u00f3n y de la Villa San Jos\u00e9.<\/p>\n<p>Tambi\u00e9n se ha visto identificado con el lema de la marcha, &#8220;Abriendo caminos y rompiendo fronteras&#8221; y ha dicho que &#8220;bien podr\u00eda ser el lema que resume mi vida art\u00edstica&#8221;.<\/p>\n<p>El director, guionista, cr\u00edtico cinematogr\u00e1fico y artista pl\u00e1stico, recorrer\u00e1 andando &#8220;porque el ciclismo no est\u00e1 hecho para mi&#8221; los 16 kil\u00f3metros de la marcha, que partir\u00e1 de la d\u00e1rsena del Canal de Castilla en Palencia y finalizar\u00e1 en la Plaza Mayor de la capital.<\/p>\n<p>Aspanis Palencia es una asociaci\u00f3n sin \u00e1nimo de lucro creada para defender los intereses y derechos de las personas con discapacidad intelectual y de sus familias, que cuenta con 629 socios y gestiona una residencia con 53 plazas, 5 viviendas tuteladas con 27 plazas, y 2 Centros Ocupacionales con 135 plazas.<\/p>\n<p>Unas instalaciones en las que trabajan 90 personas, 25 de ellas con discapacidad intelectual.<\/p>\n<p><a href=\"http:\/\/www.abc.es\/agencias\/noticia.asp?noticia=1394878\">www.abc.es\/agencias\/noticia.asp?noticia=1394878<\/a><\/p>\n","protected":false},"excerpt":{"rendered":"<p>Se trata de un Centro de D\u00eda y una Residencia destinados a personas con discapacidad intelectual y envejecimiento prematuro<\/p>\n","protected":false},"author":1,"featured_media":0,"comment_status":"open","ping_status":"open","sticky":false,"template":"","format":"standard","meta":{"footnotes":""},"categories":[328,321],"tags":[],"class_list":["post-22316","post","type-post","status-publish","format-standard","hentry","category-noticiasboletin","category-noticiasdeinterespre2019"],"yoast_head":"<!-- This site is optimized with the Yoast SEO plugin v27.5 - https:\/\/yoast.com\/product\/yoast-seo-wordpress\/ -->\n<title>Margareto apadrina la Marcha Aspanis a beneficio de nuevo centro discapacidad &#8211; Solidaridad Intergeneracional<\/title>\n<meta name=\"robots\" content=\"index, follow, max-snippet:-1, max-image-preview:large, max-video-preview:-1\" \/>\n<link rel=\"canonical\" href=\"https:\/\/solidaridadintergeneracional.es\/wp\/margareto-apadrina-la-marcha-aspanis-a-beneficio-de-nuevo-centro-discapacidad\/\" \/>\n<meta property=\"og:locale\" content=\"es_ES\" \/>\n<meta property=\"og:type\" content=\"article\" \/>\n<meta property=\"og:title\" content=\"Margareto apadrina la Marcha Aspanis a beneficio de nuevo centro discapacidad &#8211; Solidaridad Intergeneracional\" \/>\n<meta property=\"og:description\" content=\"Se trata de un Centro de D\u00eda y una Residencia destinados a personas con discapacidad intelectual y envejecimiento prematuro\" \/>\n<meta property=\"og:url\" content=\"https:\/\/solidaridadintergeneracional.es\/wp\/margareto-apadrina-la-marcha-aspanis-a-beneficio-de-nuevo-centro-discapacidad\/\" \/>\n<meta property=\"og:site_name\" content=\"Solidaridad Intergeneracional\" \/>\n<meta property=\"article:publisher\" content=\"https:\/\/www.facebook.com\/SolidaridadIntergeneracional\/\" \/>\n<meta property=\"article:published_time\" content=\"2013-04-30T00:00:00+00:00\" \/>\n<meta name=\"author\" content=\"Solidaridad Intergeneracional\" \/>\n<meta name=\"twitter:card\" content=\"summary_large_image\" \/>\n<meta name=\"twitter:creator\" content=\"@E_Familia_\" \/>\n<meta name=\"twitter:site\" content=\"@E_Familia_\" \/>\n<meta name=\"twitter:label1\" content=\"Escrito por\" \/>\n\t<meta name=\"twitter:data1\" content=\"Solidaridad Intergeneracional\" \/>\n\t<meta name=\"twitter:label2\" content=\"Tiempo de lectura\" \/>\n\t<meta name=\"twitter:data2\" content=\"3 minutos\" \/>\n<script type=\"application\/ld+json\" class=\"yoast-schema-graph\">{\"@context\":\"https:\\\/\\\/schema.org\",\"@graph\":[{\"@type\":\"Article\",\"@id\":\"https:\\\/\\\/solidaridadintergeneracional.es\\\/wp\\\/margareto-apadrina-la-marcha-aspanis-a-beneficio-de-nuevo-centro-discapacidad\\\/#article\",\"isPartOf\":{\"@id\":\"https:\\\/\\\/solidaridadintergeneracional.es\\\/wp\\\/margareto-apadrina-la-marcha-aspanis-a-beneficio-de-nuevo-centro-discapacidad\\\/\"},\"author\":{\"name\":\"Solidaridad Intergeneracional\",\"@id\":\"https:\\\/\\\/solidaridadintergeneracional.es\\\/wp\\\/#\\\/schema\\\/person\\\/e8b31aad699715395f8afbf3f8755d51\"},\"headline\":\"Margareto apadrina la Marcha Aspanis a beneficio de nuevo centro discapacidad\",\"datePublished\":\"2013-04-30T00:00:00+00:00\",\"mainEntityOfPage\":{\"@id\":\"https:\\\/\\\/solidaridadintergeneracional.es\\\/wp\\\/margareto-apadrina-la-marcha-aspanis-a-beneficio-de-nuevo-centro-discapacidad\\\/\"},\"wordCount\":557,\"commentCount\":0,\"publisher\":{\"@id\":\"https:\\\/\\\/solidaridadintergeneracional.es\\\/wp\\\/#organization\"},\"articleSection\":[\"Noticias Bolet\u00edn\",\"Noticias de interes Pre 2019\"],\"inLanguage\":\"es\",\"potentialAction\":[{\"@type\":\"CommentAction\",\"name\":\"Comment\",\"target\":[\"https:\\\/\\\/solidaridadintergeneracional.es\\\/wp\\\/margareto-apadrina-la-marcha-aspanis-a-beneficio-de-nuevo-centro-discapacidad\\\/#respond\"]}]},{\"@type\":\"WebPage\",\"@id\":\"https:\\\/\\\/solidaridadintergeneracional.es\\\/wp\\\/margareto-apadrina-la-marcha-aspanis-a-beneficio-de-nuevo-centro-discapacidad\\\/\",\"url\":\"https:\\\/\\\/solidaridadintergeneracional.es\\\/wp\\\/margareto-apadrina-la-marcha-aspanis-a-beneficio-de-nuevo-centro-discapacidad\\\/\",\"name\":\"Margareto apadrina la Marcha Aspanis a beneficio de nuevo centro discapacidad &#8211; Solidaridad Intergeneracional\",\"isPartOf\":{\"@id\":\"https:\\\/\\\/solidaridadintergeneracional.es\\\/wp\\\/#website\"},\"datePublished\":\"2013-04-30T00:00:00+00:00\",\"breadcrumb\":{\"@id\":\"https:\\\/\\\/solidaridadintergeneracional.es\\\/wp\\\/margareto-apadrina-la-marcha-aspanis-a-beneficio-de-nuevo-centro-discapacidad\\\/#breadcrumb\"},\"inLanguage\":\"es\",\"potentialAction\":[{\"@type\":\"ReadAction\",\"target\":[\"https:\\\/\\\/solidaridadintergeneracional.es\\\/wp\\\/margareto-apadrina-la-marcha-aspanis-a-beneficio-de-nuevo-centro-discapacidad\\\/\"]}]},{\"@type\":\"BreadcrumbList\",\"@id\":\"https:\\\/\\\/solidaridadintergeneracional.es\\\/wp\\\/margareto-apadrina-la-marcha-aspanis-a-beneficio-de-nuevo-centro-discapacidad\\\/#breadcrumb\",\"itemListElement\":[{\"@type\":\"ListItem\",\"position\":1,\"name\":\"Portada\",\"item\":\"https:\\\/\\\/solidaridadintergeneracional.es\\\/wp\\\/\"},{\"@type\":\"ListItem\",\"position\":2,\"name\":\"Margareto apadrina la Marcha Aspanis a beneficio de nuevo centro discapacidad\"}]},{\"@type\":\"WebSite\",\"@id\":\"https:\\\/\\\/solidaridadintergeneracional.es\\\/wp\\\/#website\",\"url\":\"https:\\\/\\\/solidaridadintergeneracional.es\\\/wp\\\/\",\"name\":\"Solidaridad Intergeneracional\",\"description\":\"Toda la informaci\u00f3n sociosanitaria a tu servicio\",\"publisher\":{\"@id\":\"https:\\\/\\\/solidaridadintergeneracional.es\\\/wp\\\/#organization\"},\"potentialAction\":[{\"@type\":\"SearchAction\",\"target\":{\"@type\":\"EntryPoint\",\"urlTemplate\":\"https:\\\/\\\/solidaridadintergeneracional.es\\\/wp\\\/?s={search_term_string}\"},\"query-input\":{\"@type\":\"PropertyValueSpecification\",\"valueRequired\":true,\"valueName\":\"search_term_string\"}}],\"inLanguage\":\"es\"},{\"@type\":\"Organization\",\"@id\":\"https:\\\/\\\/solidaridadintergeneracional.es\\\/wp\\\/#organization\",\"name\":\"Solidaridad Intergeneracional\",\"url\":\"https:\\\/\\\/solidaridadintergeneracional.es\\\/wp\\\/\",\"logo\":{\"@type\":\"ImageObject\",\"inLanguage\":\"es\",\"@id\":\"https:\\\/\\\/solidaridadintergeneracional.es\\\/wp\\\/#\\\/schema\\\/logo\\\/image\\\/\",\"url\":\"https:\\\/\\\/solidaridadintergeneracional.es\\\/wp\\\/wp-content\\\/uploads\\\/2020\\\/02\\\/logo-solidaridad.963ff81b.png\",\"contentUrl\":\"https:\\\/\\\/solidaridadintergeneracional.es\\\/wp\\\/wp-content\\\/uploads\\\/2020\\\/02\\\/logo-solidaridad.963ff81b.png\",\"width\":825,\"height\":288,\"caption\":\"Solidaridad Intergeneracional\"},\"image\":{\"@id\":\"https:\\\/\\\/solidaridadintergeneracional.es\\\/wp\\\/#\\\/schema\\\/logo\\\/image\\\/\"},\"sameAs\":[\"https:\\\/\\\/www.facebook.com\\\/SolidaridadIntergeneracional\\\/\",\"https:\\\/\\\/x.com\\\/E_Familia_\",\"https:\\\/\\\/www.youtube.com\\\/channel\\\/UCt5BNW3Z7_ACkBDg_6ujXTQ\"]},{\"@type\":\"Person\",\"@id\":\"https:\\\/\\\/solidaridadintergeneracional.es\\\/wp\\\/#\\\/schema\\\/person\\\/e8b31aad699715395f8afbf3f8755d51\",\"name\":\"Solidaridad Intergeneracional\",\"image\":{\"@type\":\"ImageObject\",\"inLanguage\":\"es\",\"@id\":\"https:\\\/\\\/secure.gravatar.com\\\/avatar\\\/e18721a5c4aaa3fecf1fe45b5d7708a7037f8a862dbc28483b4cf55a6ac0fb56?s=96&d=mm&r=g\",\"url\":\"https:\\\/\\\/secure.gravatar.com\\\/avatar\\\/e18721a5c4aaa3fecf1fe45b5d7708a7037f8a862dbc28483b4cf55a6ac0fb56?s=96&d=mm&r=g\",\"contentUrl\":\"https:\\\/\\\/secure.gravatar.com\\\/avatar\\\/e18721a5c4aaa3fecf1fe45b5d7708a7037f8a862dbc28483b4cf55a6ac0fb56?s=96&d=mm&r=g\",\"caption\":\"Solidaridad Intergeneracional\"},\"url\":\"https:\\\/\\\/solidaridadintergeneracional.es\\\/wp\\\/author\\\/admin\\\/\"}]}<\/script>\n<!-- \/ Yoast SEO plugin. -->","yoast_head_json":{"title":"Margareto apadrina la Marcha Aspanis a beneficio de nuevo centro discapacidad &#8211; Solidaridad Intergeneracional","robots":{"index":"index","follow":"follow","max-snippet":"max-snippet:-1","max-image-preview":"max-image-preview:large","max-video-preview":"max-video-preview:-1"},"canonical":"https:\/\/solidaridadintergeneracional.es\/wp\/margareto-apadrina-la-marcha-aspanis-a-beneficio-de-nuevo-centro-discapacidad\/","og_locale":"es_ES","og_type":"article","og_title":"Margareto apadrina la Marcha Aspanis a beneficio de nuevo centro discapacidad &#8211; Solidaridad Intergeneracional","og_description":"Se trata de un Centro de D\u00eda y una Residencia destinados a personas con discapacidad intelectual y envejecimiento prematuro","og_url":"https:\/\/solidaridadintergeneracional.es\/wp\/margareto-apadrina-la-marcha-aspanis-a-beneficio-de-nuevo-centro-discapacidad\/","og_site_name":"Solidaridad Intergeneracional","article_publisher":"https:\/\/www.facebook.com\/SolidaridadIntergeneracional\/","article_published_time":"2013-04-30T00:00:00+00:00","author":"Solidaridad Intergeneracional","twitter_card":"summary_large_image","twitter_creator":"@E_Familia_","twitter_site":"@E_Familia_","twitter_misc":{"Escrito por":"Solidaridad Intergeneracional","Tiempo de lectura":"3 minutos"},"schema":{"@context":"https:\/\/schema.org","@graph":[{"@type":"Article","@id":"https:\/\/solidaridadintergeneracional.es\/wp\/margareto-apadrina-la-marcha-aspanis-a-beneficio-de-nuevo-centro-discapacidad\/#article","isPartOf":{"@id":"https:\/\/solidaridadintergeneracional.es\/wp\/margareto-apadrina-la-marcha-aspanis-a-beneficio-de-nuevo-centro-discapacidad\/"},"author":{"name":"Solidaridad Intergeneracional","@id":"https:\/\/solidaridadintergeneracional.es\/wp\/#\/schema\/person\/e8b31aad699715395f8afbf3f8755d51"},"headline":"Margareto apadrina la Marcha Aspanis a beneficio de nuevo centro discapacidad","datePublished":"2013-04-30T00:00:00+00:00","mainEntityOfPage":{"@id":"https:\/\/solidaridadintergeneracional.es\/wp\/margareto-apadrina-la-marcha-aspanis-a-beneficio-de-nuevo-centro-discapacidad\/"},"wordCount":557,"commentCount":0,"publisher":{"@id":"https:\/\/solidaridadintergeneracional.es\/wp\/#organization"},"articleSection":["Noticias Bolet\u00edn","Noticias de interes Pre 2019"],"inLanguage":"es","potentialAction":[{"@type":"CommentAction","name":"Comment","target":["https:\/\/solidaridadintergeneracional.es\/wp\/margareto-apadrina-la-marcha-aspanis-a-beneficio-de-nuevo-centro-discapacidad\/#respond"]}]},{"@type":"WebPage","@id":"https:\/\/solidaridadintergeneracional.es\/wp\/margareto-apadrina-la-marcha-aspanis-a-beneficio-de-nuevo-centro-discapacidad\/","url":"https:\/\/solidaridadintergeneracional.es\/wp\/margareto-apadrina-la-marcha-aspanis-a-beneficio-de-nuevo-centro-discapacidad\/","name":"Margareto apadrina la Marcha Aspanis a beneficio de nuevo centro discapacidad &#8211; Solidaridad Intergeneracional","isPartOf":{"@id":"https:\/\/solidaridadintergeneracional.es\/wp\/#website"},"datePublished":"2013-04-30T00:00:00+00:00","breadcrumb":{"@id":"https:\/\/solidaridadintergeneracional.es\/wp\/margareto-apadrina-la-marcha-aspanis-a-beneficio-de-nuevo-centro-discapacidad\/#breadcrumb"},"inLanguage":"es","potentialAction":[{"@type":"ReadAction","target":["https:\/\/solidaridadintergeneracional.es\/wp\/margareto-apadrina-la-marcha-aspanis-a-beneficio-de-nuevo-centro-discapacidad\/"]}]},{"@type":"BreadcrumbList","@id":"https:\/\/solidaridadintergeneracional.es\/wp\/margareto-apadrina-la-marcha-aspanis-a-beneficio-de-nuevo-centro-discapacidad\/#breadcrumb","itemListElement":[{"@type":"ListItem","position":1,"name":"Portada","item":"https:\/\/solidaridadintergeneracional.es\/wp\/"},{"@type":"ListItem","position":2,"name":"Margareto apadrina la Marcha Aspanis a beneficio de nuevo centro discapacidad"}]},{"@type":"WebSite","@id":"https:\/\/solidaridadintergeneracional.es\/wp\/#website","url":"https:\/\/solidaridadintergeneracional.es\/wp\/","name":"Solidaridad Intergeneracional","description":"Toda la informaci\u00f3n sociosanitaria a tu servicio","publisher":{"@id":"https:\/\/solidaridadintergeneracional.es\/wp\/#organization"},"potentialAction":[{"@type":"SearchAction","target":{"@type":"EntryPoint","urlTemplate":"https:\/\/solidaridadintergeneracional.es\/wp\/?s={search_term_string}"},"query-input":{"@type":"PropertyValueSpecification","valueRequired":true,"valueName":"search_term_string"}}],"inLanguage":"es"},{"@type":"Organization","@id":"https:\/\/solidaridadintergeneracional.es\/wp\/#organization","name":"Solidaridad Intergeneracional","url":"https:\/\/solidaridadintergeneracional.es\/wp\/","logo":{"@type":"ImageObject","inLanguage":"es","@id":"https:\/\/solidaridadintergeneracional.es\/wp\/#\/schema\/logo\/image\/","url":"https:\/\/solidaridadintergeneracional.es\/wp\/wp-content\/uploads\/2020\/02\/logo-solidaridad.963ff81b.png","contentUrl":"https:\/\/solidaridadintergeneracional.es\/wp\/wp-content\/uploads\/2020\/02\/logo-solidaridad.963ff81b.png","width":825,"height":288,"caption":"Solidaridad Intergeneracional"},"image":{"@id":"https:\/\/solidaridadintergeneracional.es\/wp\/#\/schema\/logo\/image\/"},"sameAs":["https:\/\/www.facebook.com\/SolidaridadIntergeneracional\/","https:\/\/x.com\/E_Familia_","https:\/\/www.youtube.com\/channel\/UCt5BNW3Z7_ACkBDg_6ujXTQ"]},{"@type":"Person","@id":"https:\/\/solidaridadintergeneracional.es\/wp\/#\/schema\/person\/e8b31aad699715395f8afbf3f8755d51","name":"Solidaridad Intergeneracional","image":{"@type":"ImageObject","inLanguage":"es","@id":"https:\/\/secure.gravatar.com\/avatar\/e18721a5c4aaa3fecf1fe45b5d7708a7037f8a862dbc28483b4cf55a6ac0fb56?s=96&d=mm&r=g","url":"https:\/\/secure.gravatar.com\/avatar\/e18721a5c4aaa3fecf1fe45b5d7708a7037f8a862dbc28483b4cf55a6ac0fb56?s=96&d=mm&r=g","contentUrl":"https:\/\/secure.gravatar.com\/avatar\/e18721a5c4aaa3fecf1fe45b5d7708a7037f8a862dbc28483b4cf55a6ac0fb56?s=96&d=mm&r=g","caption":"Solidaridad Intergeneracional"},"url":"https:\/\/solidaridadintergeneracional.es\/wp\/author\/admin\/"}]}},"_links":{"self":[{"href":"https:\/\/solidaridadintergeneracional.es\/wp\/wp-json\/wp\/v2\/posts\/22316","targetHints":{"allow":["GET"]}}],"collection":[{"href":"https:\/\/solidaridadintergeneracional.es\/wp\/wp-json\/wp\/v2\/posts"}],"about":[{"href":"https:\/\/solidaridadintergeneracional.es\/wp\/wp-json\/wp\/v2\/types\/post"}],"author":[{"embeddable":true,"href":"https:\/\/solidaridadintergeneracional.es\/wp\/wp-json\/wp\/v2\/users\/1"}],"replies":[{"embeddable":true,"href":"https:\/\/solidaridadintergeneracional.es\/wp\/wp-json\/wp\/v2\/comments?post=22316"}],"version-history":[{"count":0,"href":"https:\/\/solidaridadintergeneracional.es\/wp\/wp-json\/wp\/v2\/posts\/22316\/revisions"}],"wp:attachment":[{"href":"https:\/\/solidaridadintergeneracional.es\/wp\/wp-json\/wp\/v2\/media?parent=22316"}],"wp:term":[{"taxonomy":"category","embeddable":true,"href":"https:\/\/solidaridadintergeneracional.es\/wp\/wp-json\/wp\/v2\/categories?post=22316"},{"taxonomy":"post_tag","embeddable":true,"href":"https:\/\/solidaridadintergeneracional.es\/wp\/wp-json\/wp\/v2\/tags?post=22316"}],"curies":[{"name":"wp","href":"https:\/\/api.w.org\/{rel}","templated":true}]}}