{"id":22089,"date":"2012-09-30T00:00:00","date_gmt":"2012-09-30T00:00:00","guid":{"rendered":"http:\/\/efamilia.es\/wp\/una-buena-noticia-para-los-pacientes-con-esclerosis\/"},"modified":"2012-09-30T00:00:00","modified_gmt":"2012-09-30T00:00:00","slug":"una-buena-noticia-para-los-pacientes-con-esclerosis","status":"publish","type":"post","link":"https:\/\/solidaridadintergeneracional.es\/wp\/una-buena-noticia-para-los-pacientes-con-esclerosis\/","title":{"rendered":"Una buena noticia para los pacientes con esclerosis"},"content":{"rendered":"<h4>ENSAYO | Nuevo f\u00e1rmaco oral<\/h4>\n<p>\u00c1ngeles L\u00f3pez | Madrid<\/p>\n<p>Puede pasar a ser la tercera terapia oral que se apruebe para la esclerosis m\u00faltiple, pero no por aparecer m\u00e1s tarde se quedar\u00e1 irremediablemente en un lugar relegado del armamento terap\u00e9utico. Los datos de dos estudios publicados por la revista &#8216;The New England Journal of Medicine&#8217; son lo suficientemente positivos como para que los especialistas piensen que este medicamento podr\u00eda convertirse en la primera elecci\u00f3n para tratar a estos pacientes, por delante incluso del interfer\u00f3n.<\/p>\n<p>&#8220;Es un f\u00e1rmaco tremendamente importante, con un efecto inmunomodulador, antiinflamatorio y, probablemente, neuroprotector, que en ensayos cl\u00ednicos ha demostrado que puede reducir la tasa de brotes en un 50% comparado con placebo&#8221;, se\u00f1ala a ELMUNDO.es Rafael Arroyo, responsable de la Unidad de Esclerosis M\u00faltiple del Hospital Cl\u00ednico San Carlos de Madrid. Adem\u00e1s, contin\u00faa este experto, los efectos secundarios observados (enrojecimiento facial, diarrea y otras alteraciones gastrointestinales) son poco frecuentes y bien tolerados.<\/p>\n<p>Los nuevos estudios publicados por &#8216;NEJM&#8217;, denominados &#8216;Define&#8217; y &#8216;Confirm&#8217;, establecieron varios grupos de participantes. Aunque las caracter\u00edsticas de los pacientes no eran exactamente iguales y el n\u00famero tambi\u00e9n difer\u00eda, b\u00e1sicamente se compar\u00f3 la eficacia del nuevo f\u00e1rmaco, denominado BG-12, con placebo. La terapia se administr\u00f3 en una dosis de 240 mg bien dos o tres veces al d\u00eda.<\/p>\n<p>Lo que se comprob\u00f3 es que adem\u00e1s de su efecto en la reducci\u00f3n de los brotes, el f\u00e1rmaco redujo el n\u00famero de nuevas lesiones cerebrales entre un 71% y un 99%, en funci\u00f3n del tipo de lesi\u00f3n y del estudio. En los pacientes de &#8216;Define&#8217;, se consigui\u00f3 una reducci\u00f3n estad\u00edsticamente significativa del 38% en la progresi\u00f3n de la discapacidad, aunque un dato tan positivo no se observ\u00f3 en los pacientes del estudio Confirm.<\/p>\n<p>&#8220;De nuevo, los pacientes con esclerosis m\u00faltiple y los neur\u00f3logos dedicados al cuidado de los mismos, nos congratulamos por la publicaci\u00f3n de dos art\u00edculos y un editorial en el mismo n\u00famero de la m\u00e1s prestigiosa revista de medicina (&#8216;NEJM&#8217;) mostrando la eficacia de un f\u00e1rmaco oral, el BG12, para el tratamiento de la EM en brotes&#8221;, declara a ELMUNDO.es Xavier Montalban, director del Centro de Esclerosis M\u00faltiple de Catalu\u00f1a (Cemcat) y Jefe de Servicio Neurolog\u00eda \/ Neuroinmunolog\u00eda del Hospital Universitari e Institut de Recerca Vall d&#8217;Hebron de Barcelona.<\/p>\n<p>Eficacia y efectos de otras terapias<\/p>\n<p>El medicamento m\u00e1s utilizado para la esclerosis m\u00faltiple desde los \u00faltimos 15 a\u00f1os es el interfer\u00f3n que logra reducir la tasa de reca\u00eddas un 30%. Su seguridad, demostrada durante todo este tiempo, ha hecho que sea uno de los f\u00e1rmacos a los que recurren los m\u00e9dicos en primer lugar para tratar a estos pacientes. &#8220;Hay pacientes extraordinariamente bien controlados con este f\u00e1rmaco, pero otros no responden bien y siguen teniendo brotes. Adem\u00e1s, es inc\u00f3modo por su modo de administraci\u00f3n [una inyecci\u00f3n en d\u00edas alternos]&#8221;, explica Arroyo.<\/p>\n<p>Existen otras opciones con una eficacia mejor que el interfer\u00f3n pero, debido a sus efectos secundarios, s\u00f3lo se recurre a ellas cuando el primero fracasa. Son los denominados natalizumab y fingolimod. El primero, que se administra por inyecci\u00f3n intravenosa, puede generar una enfermedad cerebral denominada leucoencefalopat\u00eda multifocal progresiva para la que no hay tratamiento.<\/p>\n<p>Por su parte, fingolimod, un f\u00e1rmaco oral, requiere &#8220;que se monitorice al paciente el primer d\u00eda de tratamiento porque la terapia baja mucho la frecuencia cardiaca. Por este motivo, las personas que toman medicaci\u00f3n para el coraz\u00f3n tienen problemas con el f\u00e1rmaco porque tiene efecto sumatorio&#8221;, aclara Juan Antonio Garc\u00eda Merino, jefe de secci\u00f3n de Neurolog\u00eda del Hospital Universitario Puerta de Hierro Majadahonda, en Madrid.<\/p>\n<p>Hace un par de semanas, apareci\u00f3 en escena otro medicamento oral, la teriflunomida (comercializado como Aubagio), que ha sido aprobado por la agencia que regula los medicamentos en EEUU, la FDA, pero todav\u00eda no lo ha sido por su hom\u00f3loga europea, la EMA. Seg\u00fan los datos de los ensayos cl\u00ednicos, este producto reduce la tasa de reca\u00eddas un 30%, aunque entre sus efectos secundarios est\u00e1n las n\u00e1useas, ca\u00edda de pelo o alteraci\u00f3n de los marcadores anal\u00edticos de la funci\u00f3n hep\u00e1tica.<\/p>\n<p>\u00bfPrimera opci\u00f3n de tratamiento?<\/p>\n<p>Por todos estos antecedentes, Arroyo considera que &#8220;el BG-12 cuenta con un perfil apto para ser un f\u00e1rmaco de primera l\u00ednea. Podr\u00eda perfectamente anteceder a los interferones de estos momentos&#8221;.<\/p>\n<p>No obstante, habr\u00e1 que esperar a lo que decidan tanto la FDA como la EMA, porque como explica Garc\u00eda Merino &#8220;ellas reciben muchos m\u00e1s datos que los publicados en la revista y, en funci\u00f3n de ellos, se decidir\u00e1 si se aprueba su comercializaci\u00f3n y luego despu\u00e9s ver qu\u00e9 lugar ocupa en la terap\u00e9utica del paciente&#8221;.<\/p>\n<p>Por otro lado, tal y como se\u00f1ala Guillermo Izquierdo, del Servicio de Neurolog\u00eda del Hospital Universitario Virgen Macarena de Sevilla, &#8220;el precio del producto podr\u00e1 condicionar el tipo de indicaci\u00f3n que se vaya a aprobar. Adem\u00e1s, quedan por aclarar algunas discordancias [detectadas entre los dos estudios] en relaci\u00f3n con el efecto sobre la discapacidad y la seguridad a largo plazo&#8221;.<\/p>\n<p>Sea como sea, los especialistas tienen claro que con este f\u00e1rmaco &#8220;se ampl\u00eda claramente nuestras posibilidades terap\u00e9uticas para una enfermedad grave que afecta a m\u00e1s de 40.000 pacientes en Espa\u00f1a y a m\u00e1s de 2 millones en el mundo. Esperemos que est\u00e9 disponible en un periodo de tiempo no demasiado largo&#8221;, afirma Montalban.<\/p>\n<p>Finalmente, el doctor Garc\u00eda Merino apunta adem\u00e1s que al tener &#8220;el BG-12 un mecanismo de acci\u00f3n distinto al del resto, es muy probable que unos f\u00e1rmacos y otros se puedan utilizar en combinaci\u00f3n&#8221;.<\/p>\n<p><a href=\"http:\/\/www.elmundo.es\/elmundosalud\/2012\/09\/21\/neurociencia\/1348247090.html\">www.elmundo.es\/elmundosalud\/2012\/09\/21\/neurociencia\/1348247090.html<\/a><\/p>\n","protected":false},"excerpt":{"rendered":"<p>ENSAYO | Nuevo f\u00e1rmaco oral<\/p>\n","protected":false},"author":1,"featured_media":0,"comment_status":"open","ping_status":"open","sticky":false,"template":"","format":"standard","meta":{"footnotes":""},"categories":[328,321],"tags":[],"class_list":["post-22089","post","type-post","status-publish","format-standard","hentry","category-noticiasboletin","category-noticiasdeinterespre2019"],"yoast_head":"<!-- This site is optimized with the Yoast SEO plugin v27.5 - https:\/\/yoast.com\/product\/yoast-seo-wordpress\/ -->\n<title>Una buena noticia para los pacientes con esclerosis &#8211; Solidaridad Intergeneracional<\/title>\n<meta name=\"robots\" content=\"index, follow, max-snippet:-1, max-image-preview:large, max-video-preview:-1\" \/>\n<link rel=\"canonical\" href=\"https:\/\/solidaridadintergeneracional.es\/wp\/una-buena-noticia-para-los-pacientes-con-esclerosis\/\" \/>\n<meta property=\"og:locale\" content=\"es_ES\" \/>\n<meta property=\"og:type\" content=\"article\" \/>\n<meta property=\"og:title\" content=\"Una buena noticia para los pacientes con esclerosis &#8211; Solidaridad Intergeneracional\" \/>\n<meta property=\"og:description\" content=\"ENSAYO | Nuevo f\u00e1rmaco oral\" \/>\n<meta property=\"og:url\" content=\"https:\/\/solidaridadintergeneracional.es\/wp\/una-buena-noticia-para-los-pacientes-con-esclerosis\/\" \/>\n<meta property=\"og:site_name\" content=\"Solidaridad Intergeneracional\" \/>\n<meta property=\"article:publisher\" content=\"https:\/\/www.facebook.com\/SolidaridadIntergeneracional\/\" \/>\n<meta property=\"article:published_time\" content=\"2012-09-30T00:00:00+00:00\" \/>\n<meta name=\"author\" content=\"Solidaridad Intergeneracional\" \/>\n<meta name=\"twitter:card\" content=\"summary_large_image\" \/>\n<meta name=\"twitter:creator\" content=\"@E_Familia_\" \/>\n<meta name=\"twitter:site\" content=\"@E_Familia_\" \/>\n<meta name=\"twitter:label1\" content=\"Escrito por\" \/>\n\t<meta name=\"twitter:data1\" content=\"Solidaridad Intergeneracional\" \/>\n\t<meta name=\"twitter:label2\" content=\"Tiempo de lectura\" \/>\n\t<meta name=\"twitter:data2\" content=\"5 minutos\" \/>\n<script type=\"application\/ld+json\" class=\"yoast-schema-graph\">{\"@context\":\"https:\\\/\\\/schema.org\",\"@graph\":[{\"@type\":\"Article\",\"@id\":\"https:\\\/\\\/solidaridadintergeneracional.es\\\/wp\\\/una-buena-noticia-para-los-pacientes-con-esclerosis\\\/#article\",\"isPartOf\":{\"@id\":\"https:\\\/\\\/solidaridadintergeneracional.es\\\/wp\\\/una-buena-noticia-para-los-pacientes-con-esclerosis\\\/\"},\"author\":{\"name\":\"Solidaridad Intergeneracional\",\"@id\":\"https:\\\/\\\/solidaridadintergeneracional.es\\\/wp\\\/#\\\/schema\\\/person\\\/e8b31aad699715395f8afbf3f8755d51\"},\"headline\":\"Una buena noticia para los pacientes con esclerosis\",\"datePublished\":\"2012-09-30T00:00:00+00:00\",\"mainEntityOfPage\":{\"@id\":\"https:\\\/\\\/solidaridadintergeneracional.es\\\/wp\\\/una-buena-noticia-para-los-pacientes-con-esclerosis\\\/\"},\"wordCount\":1010,\"commentCount\":0,\"publisher\":{\"@id\":\"https:\\\/\\\/solidaridadintergeneracional.es\\\/wp\\\/#organization\"},\"articleSection\":[\"Noticias Bolet\u00edn\",\"Noticias de interes Pre 2019\"],\"inLanguage\":\"es\",\"potentialAction\":[{\"@type\":\"CommentAction\",\"name\":\"Comment\",\"target\":[\"https:\\\/\\\/solidaridadintergeneracional.es\\\/wp\\\/una-buena-noticia-para-los-pacientes-con-esclerosis\\\/#respond\"]}]},{\"@type\":\"WebPage\",\"@id\":\"https:\\\/\\\/solidaridadintergeneracional.es\\\/wp\\\/una-buena-noticia-para-los-pacientes-con-esclerosis\\\/\",\"url\":\"https:\\\/\\\/solidaridadintergeneracional.es\\\/wp\\\/una-buena-noticia-para-los-pacientes-con-esclerosis\\\/\",\"name\":\"Una buena noticia para los pacientes con esclerosis &#8211; Solidaridad Intergeneracional\",\"isPartOf\":{\"@id\":\"https:\\\/\\\/solidaridadintergeneracional.es\\\/wp\\\/#website\"},\"datePublished\":\"2012-09-30T00:00:00+00:00\",\"breadcrumb\":{\"@id\":\"https:\\\/\\\/solidaridadintergeneracional.es\\\/wp\\\/una-buena-noticia-para-los-pacientes-con-esclerosis\\\/#breadcrumb\"},\"inLanguage\":\"es\",\"potentialAction\":[{\"@type\":\"ReadAction\",\"target\":[\"https:\\\/\\\/solidaridadintergeneracional.es\\\/wp\\\/una-buena-noticia-para-los-pacientes-con-esclerosis\\\/\"]}]},{\"@type\":\"BreadcrumbList\",\"@id\":\"https:\\\/\\\/solidaridadintergeneracional.es\\\/wp\\\/una-buena-noticia-para-los-pacientes-con-esclerosis\\\/#breadcrumb\",\"itemListElement\":[{\"@type\":\"ListItem\",\"position\":1,\"name\":\"Portada\",\"item\":\"https:\\\/\\\/solidaridadintergeneracional.es\\\/wp\\\/\"},{\"@type\":\"ListItem\",\"position\":2,\"name\":\"Una buena noticia para los pacientes con esclerosis\"}]},{\"@type\":\"WebSite\",\"@id\":\"https:\\\/\\\/solidaridadintergeneracional.es\\\/wp\\\/#website\",\"url\":\"https:\\\/\\\/solidaridadintergeneracional.es\\\/wp\\\/\",\"name\":\"Solidaridad Intergeneracional\",\"description\":\"Toda la informaci\u00f3n sociosanitaria a tu servicio\",\"publisher\":{\"@id\":\"https:\\\/\\\/solidaridadintergeneracional.es\\\/wp\\\/#organization\"},\"potentialAction\":[{\"@type\":\"SearchAction\",\"target\":{\"@type\":\"EntryPoint\",\"urlTemplate\":\"https:\\\/\\\/solidaridadintergeneracional.es\\\/wp\\\/?s={search_term_string}\"},\"query-input\":{\"@type\":\"PropertyValueSpecification\",\"valueRequired\":true,\"valueName\":\"search_term_string\"}}],\"inLanguage\":\"es\"},{\"@type\":\"Organization\",\"@id\":\"https:\\\/\\\/solidaridadintergeneracional.es\\\/wp\\\/#organization\",\"name\":\"Solidaridad Intergeneracional\",\"url\":\"https:\\\/\\\/solidaridadintergeneracional.es\\\/wp\\\/\",\"logo\":{\"@type\":\"ImageObject\",\"inLanguage\":\"es\",\"@id\":\"https:\\\/\\\/solidaridadintergeneracional.es\\\/wp\\\/#\\\/schema\\\/logo\\\/image\\\/\",\"url\":\"https:\\\/\\\/solidaridadintergeneracional.es\\\/wp\\\/wp-content\\\/uploads\\\/2020\\\/02\\\/logo-solidaridad.963ff81b.png\",\"contentUrl\":\"https:\\\/\\\/solidaridadintergeneracional.es\\\/wp\\\/wp-content\\\/uploads\\\/2020\\\/02\\\/logo-solidaridad.963ff81b.png\",\"width\":825,\"height\":288,\"caption\":\"Solidaridad Intergeneracional\"},\"image\":{\"@id\":\"https:\\\/\\\/solidaridadintergeneracional.es\\\/wp\\\/#\\\/schema\\\/logo\\\/image\\\/\"},\"sameAs\":[\"https:\\\/\\\/www.facebook.com\\\/SolidaridadIntergeneracional\\\/\",\"https:\\\/\\\/x.com\\\/E_Familia_\",\"https:\\\/\\\/www.youtube.com\\\/channel\\\/UCt5BNW3Z7_ACkBDg_6ujXTQ\"]},{\"@type\":\"Person\",\"@id\":\"https:\\\/\\\/solidaridadintergeneracional.es\\\/wp\\\/#\\\/schema\\\/person\\\/e8b31aad699715395f8afbf3f8755d51\",\"name\":\"Solidaridad Intergeneracional\",\"image\":{\"@type\":\"ImageObject\",\"inLanguage\":\"es\",\"@id\":\"https:\\\/\\\/secure.gravatar.com\\\/avatar\\\/e18721a5c4aaa3fecf1fe45b5d7708a7037f8a862dbc28483b4cf55a6ac0fb56?s=96&d=mm&r=g\",\"url\":\"https:\\\/\\\/secure.gravatar.com\\\/avatar\\\/e18721a5c4aaa3fecf1fe45b5d7708a7037f8a862dbc28483b4cf55a6ac0fb56?s=96&d=mm&r=g\",\"contentUrl\":\"https:\\\/\\\/secure.gravatar.com\\\/avatar\\\/e18721a5c4aaa3fecf1fe45b5d7708a7037f8a862dbc28483b4cf55a6ac0fb56?s=96&d=mm&r=g\",\"caption\":\"Solidaridad Intergeneracional\"},\"url\":\"https:\\\/\\\/solidaridadintergeneracional.es\\\/wp\\\/author\\\/admin\\\/\"}]}<\/script>\n<!-- \/ Yoast SEO plugin. -->","yoast_head_json":{"title":"Una buena noticia para los pacientes con esclerosis &#8211; Solidaridad Intergeneracional","robots":{"index":"index","follow":"follow","max-snippet":"max-snippet:-1","max-image-preview":"max-image-preview:large","max-video-preview":"max-video-preview:-1"},"canonical":"https:\/\/solidaridadintergeneracional.es\/wp\/una-buena-noticia-para-los-pacientes-con-esclerosis\/","og_locale":"es_ES","og_type":"article","og_title":"Una buena noticia para los pacientes con esclerosis &#8211; Solidaridad Intergeneracional","og_description":"ENSAYO | Nuevo f\u00e1rmaco oral","og_url":"https:\/\/solidaridadintergeneracional.es\/wp\/una-buena-noticia-para-los-pacientes-con-esclerosis\/","og_site_name":"Solidaridad Intergeneracional","article_publisher":"https:\/\/www.facebook.com\/SolidaridadIntergeneracional\/","article_published_time":"2012-09-30T00:00:00+00:00","author":"Solidaridad Intergeneracional","twitter_card":"summary_large_image","twitter_creator":"@E_Familia_","twitter_site":"@E_Familia_","twitter_misc":{"Escrito por":"Solidaridad Intergeneracional","Tiempo de lectura":"5 minutos"},"schema":{"@context":"https:\/\/schema.org","@graph":[{"@type":"Article","@id":"https:\/\/solidaridadintergeneracional.es\/wp\/una-buena-noticia-para-los-pacientes-con-esclerosis\/#article","isPartOf":{"@id":"https:\/\/solidaridadintergeneracional.es\/wp\/una-buena-noticia-para-los-pacientes-con-esclerosis\/"},"author":{"name":"Solidaridad Intergeneracional","@id":"https:\/\/solidaridadintergeneracional.es\/wp\/#\/schema\/person\/e8b31aad699715395f8afbf3f8755d51"},"headline":"Una buena noticia para los pacientes con esclerosis","datePublished":"2012-09-30T00:00:00+00:00","mainEntityOfPage":{"@id":"https:\/\/solidaridadintergeneracional.es\/wp\/una-buena-noticia-para-los-pacientes-con-esclerosis\/"},"wordCount":1010,"commentCount":0,"publisher":{"@id":"https:\/\/solidaridadintergeneracional.es\/wp\/#organization"},"articleSection":["Noticias Bolet\u00edn","Noticias de interes Pre 2019"],"inLanguage":"es","potentialAction":[{"@type":"CommentAction","name":"Comment","target":["https:\/\/solidaridadintergeneracional.es\/wp\/una-buena-noticia-para-los-pacientes-con-esclerosis\/#respond"]}]},{"@type":"WebPage","@id":"https:\/\/solidaridadintergeneracional.es\/wp\/una-buena-noticia-para-los-pacientes-con-esclerosis\/","url":"https:\/\/solidaridadintergeneracional.es\/wp\/una-buena-noticia-para-los-pacientes-con-esclerosis\/","name":"Una buena noticia para los pacientes con esclerosis &#8211; Solidaridad Intergeneracional","isPartOf":{"@id":"https:\/\/solidaridadintergeneracional.es\/wp\/#website"},"datePublished":"2012-09-30T00:00:00+00:00","breadcrumb":{"@id":"https:\/\/solidaridadintergeneracional.es\/wp\/una-buena-noticia-para-los-pacientes-con-esclerosis\/#breadcrumb"},"inLanguage":"es","potentialAction":[{"@type":"ReadAction","target":["https:\/\/solidaridadintergeneracional.es\/wp\/una-buena-noticia-para-los-pacientes-con-esclerosis\/"]}]},{"@type":"BreadcrumbList","@id":"https:\/\/solidaridadintergeneracional.es\/wp\/una-buena-noticia-para-los-pacientes-con-esclerosis\/#breadcrumb","itemListElement":[{"@type":"ListItem","position":1,"name":"Portada","item":"https:\/\/solidaridadintergeneracional.es\/wp\/"},{"@type":"ListItem","position":2,"name":"Una buena noticia para los pacientes con esclerosis"}]},{"@type":"WebSite","@id":"https:\/\/solidaridadintergeneracional.es\/wp\/#website","url":"https:\/\/solidaridadintergeneracional.es\/wp\/","name":"Solidaridad Intergeneracional","description":"Toda la informaci\u00f3n sociosanitaria a tu servicio","publisher":{"@id":"https:\/\/solidaridadintergeneracional.es\/wp\/#organization"},"potentialAction":[{"@type":"SearchAction","target":{"@type":"EntryPoint","urlTemplate":"https:\/\/solidaridadintergeneracional.es\/wp\/?s={search_term_string}"},"query-input":{"@type":"PropertyValueSpecification","valueRequired":true,"valueName":"search_term_string"}}],"inLanguage":"es"},{"@type":"Organization","@id":"https:\/\/solidaridadintergeneracional.es\/wp\/#organization","name":"Solidaridad Intergeneracional","url":"https:\/\/solidaridadintergeneracional.es\/wp\/","logo":{"@type":"ImageObject","inLanguage":"es","@id":"https:\/\/solidaridadintergeneracional.es\/wp\/#\/schema\/logo\/image\/","url":"https:\/\/solidaridadintergeneracional.es\/wp\/wp-content\/uploads\/2020\/02\/logo-solidaridad.963ff81b.png","contentUrl":"https:\/\/solidaridadintergeneracional.es\/wp\/wp-content\/uploads\/2020\/02\/logo-solidaridad.963ff81b.png","width":825,"height":288,"caption":"Solidaridad Intergeneracional"},"image":{"@id":"https:\/\/solidaridadintergeneracional.es\/wp\/#\/schema\/logo\/image\/"},"sameAs":["https:\/\/www.facebook.com\/SolidaridadIntergeneracional\/","https:\/\/x.com\/E_Familia_","https:\/\/www.youtube.com\/channel\/UCt5BNW3Z7_ACkBDg_6ujXTQ"]},{"@type":"Person","@id":"https:\/\/solidaridadintergeneracional.es\/wp\/#\/schema\/person\/e8b31aad699715395f8afbf3f8755d51","name":"Solidaridad Intergeneracional","image":{"@type":"ImageObject","inLanguage":"es","@id":"https:\/\/secure.gravatar.com\/avatar\/e18721a5c4aaa3fecf1fe45b5d7708a7037f8a862dbc28483b4cf55a6ac0fb56?s=96&d=mm&r=g","url":"https:\/\/secure.gravatar.com\/avatar\/e18721a5c4aaa3fecf1fe45b5d7708a7037f8a862dbc28483b4cf55a6ac0fb56?s=96&d=mm&r=g","contentUrl":"https:\/\/secure.gravatar.com\/avatar\/e18721a5c4aaa3fecf1fe45b5d7708a7037f8a862dbc28483b4cf55a6ac0fb56?s=96&d=mm&r=g","caption":"Solidaridad Intergeneracional"},"url":"https:\/\/solidaridadintergeneracional.es\/wp\/author\/admin\/"}]}},"_links":{"self":[{"href":"https:\/\/solidaridadintergeneracional.es\/wp\/wp-json\/wp\/v2\/posts\/22089","targetHints":{"allow":["GET"]}}],"collection":[{"href":"https:\/\/solidaridadintergeneracional.es\/wp\/wp-json\/wp\/v2\/posts"}],"about":[{"href":"https:\/\/solidaridadintergeneracional.es\/wp\/wp-json\/wp\/v2\/types\/post"}],"author":[{"embeddable":true,"href":"https:\/\/solidaridadintergeneracional.es\/wp\/wp-json\/wp\/v2\/users\/1"}],"replies":[{"embeddable":true,"href":"https:\/\/solidaridadintergeneracional.es\/wp\/wp-json\/wp\/v2\/comments?post=22089"}],"version-history":[{"count":0,"href":"https:\/\/solidaridadintergeneracional.es\/wp\/wp-json\/wp\/v2\/posts\/22089\/revisions"}],"wp:attachment":[{"href":"https:\/\/solidaridadintergeneracional.es\/wp\/wp-json\/wp\/v2\/media?parent=22089"}],"wp:term":[{"taxonomy":"category","embeddable":true,"href":"https:\/\/solidaridadintergeneracional.es\/wp\/wp-json\/wp\/v2\/categories?post=22089"},{"taxonomy":"post_tag","embeddable":true,"href":"https:\/\/solidaridadintergeneracional.es\/wp\/wp-json\/wp\/v2\/tags?post=22089"}],"curies":[{"name":"wp","href":"https:\/\/api.w.org\/{rel}","templated":true}]}}