{"id":22003,"date":"2012-05-31T00:00:00","date_gmt":"2012-05-31T00:00:00","guid":{"rendered":"http:\/\/efamilia.es\/wp\/caradap-presenta-un-vehiculo-que-facilita-el-transporte-de-personas-con-movilidad-reducida\/"},"modified":"2012-05-31T00:00:00","modified_gmt":"2012-05-31T00:00:00","slug":"caradap-presenta-un-vehiculo-que-facilita-el-transporte-de-personas-con-movilidad-reducida","status":"publish","type":"post","link":"https:\/\/solidaridadintergeneracional.es\/wp\/caradap-presenta-un-vehiculo-que-facilita-el-transporte-de-personas-con-movilidad-reducida\/","title":{"rendered":"Caradap presenta un veh\u00edculo que facilita el transporte de personas con movilidad reducida"},"content":{"rendered":"<h4>La adaptaci\u00f3n se ha llevado a cabo gracias a la colaboraci\u00f3n de Volkswagen, Repsol y V\u00eda Libre<\/h4>\n<p>Caradap, compa\u00f1\u00eda del grupo empresarial de la Fundaci\u00f3n ONCE (Grupo Fundosa), ha presentado el primer Volkswagen Caddy Maxi Bi-fuel GLP adaptado, un veh\u00edculo concebido con el objetivo de facilitar el transporte de personas con movilidad reducida.<\/p>\n<p>La adaptaci\u00f3n del nuevo veh\u00edculo se ha centrado en la transformaci\u00f3n de la carrocer\u00eda, tras un largo periodo de dise\u00f1o y pruebas por parte de Caradap, que se ha llevado a cabo gracias a la colaboraci\u00f3n de Volkswagen, Repsol y V\u00eda Libre, tambi\u00e9n perteneciente al Grupo Fundosa.<\/p>\n<p>El Caddy Maxi adaptado, que ya est\u00e1 en circulaci\u00f3n, cuenta con una rampa telesc\u00f3pica en la parte trasera, con el fin de que las personas en silla de ruedas puedan acceder al veh\u00edculo, y ser transportadas sin tener que abandonar su silla, gracias a unos anclajes especiales que facilitan su fijaci\u00f3n al suelo del veh\u00edculo.<\/p>\n<p>Esta modificaci\u00f3n, que posibilita un acceso m\u00e1s f\u00e1cil y c\u00f3modo, permite adem\u00e1s que exista el espacio reglamentario en la parte posterior del veh\u00edculo para que pueda ser utilizado como Eurotaxi o taxi adaptado para personas con movilidad reducida. <\/p>\n<p>El veh\u00edculo est\u00e1 equipado con un motor 1.6 GLP de cuatro cilindros y 102 CV de potencia, y funciona con gas licuado, una mezcla de butano y propano muy valorada por el sector del taxi, debido a su econom\u00eda y sus valores medioambientales.<\/p>\n<p><a href=\"http:\/\/http:\/\/www.fundaciononce.es\/ES\/Actualidad\/Paginas\/Caradappresentaunvehiculoquefacilitaeltransportede\">http:\/\/www.fundaciononce.es\/ES\/Actualidad\/Paginas\/Caradappresentaunvehiculoquefacilitaeltransportede<\/a><\/p>\n","protected":false},"excerpt":{"rendered":"<p>La adaptaci\u00f3n se ha llevado a cabo gracias a la colaboraci\u00f3n de Volkswagen, Repsol y V\u00eda Libre<\/p>\n","protected":false},"author":1,"featured_media":0,"comment_status":"open","ping_status":"open","sticky":false,"template":"","format":"standard","meta":{"footnotes":""},"categories":[328,321],"tags":[],"class_list":["post-22003","post","type-post","status-publish","format-standard","hentry","category-noticiasboletin","category-noticiasdeinterespre2019"],"yoast_head":"<!-- This site is optimized with the Yoast SEO plugin v27.5 - https:\/\/yoast.com\/product\/yoast-seo-wordpress\/ -->\n<title>Caradap presenta un veh\u00edculo que facilita el transporte de personas con movilidad reducida &#8211; Solidaridad Intergeneracional<\/title>\n<meta name=\"robots\" content=\"index, follow, max-snippet:-1, max-image-preview:large, max-video-preview:-1\" \/>\n<link rel=\"canonical\" href=\"https:\/\/solidaridadintergeneracional.es\/wp\/caradap-presenta-un-vehiculo-que-facilita-el-transporte-de-personas-con-movilidad-reducida\/\" \/>\n<meta property=\"og:locale\" content=\"es_ES\" \/>\n<meta property=\"og:type\" content=\"article\" \/>\n<meta property=\"og:title\" content=\"Caradap presenta un veh\u00edculo que facilita el transporte de personas con movilidad reducida &#8211; Solidaridad Intergeneracional\" \/>\n<meta property=\"og:description\" content=\"La adaptaci\u00f3n se ha llevado a cabo gracias a la colaboraci\u00f3n de Volkswagen, Repsol y V\u00eda Libre\" \/>\n<meta property=\"og:url\" content=\"https:\/\/solidaridadintergeneracional.es\/wp\/caradap-presenta-un-vehiculo-que-facilita-el-transporte-de-personas-con-movilidad-reducida\/\" \/>\n<meta property=\"og:site_name\" content=\"Solidaridad Intergeneracional\" \/>\n<meta property=\"article:publisher\" content=\"https:\/\/www.facebook.com\/SolidaridadIntergeneracional\/\" \/>\n<meta property=\"article:published_time\" content=\"2012-05-31T00:00:00+00:00\" \/>\n<meta name=\"author\" content=\"Solidaridad Intergeneracional\" \/>\n<meta name=\"twitter:card\" content=\"summary_large_image\" \/>\n<meta name=\"twitter:creator\" content=\"@E_Familia_\" \/>\n<meta name=\"twitter:site\" content=\"@E_Familia_\" \/>\n<meta name=\"twitter:label1\" content=\"Escrito por\" \/>\n\t<meta name=\"twitter:data1\" content=\"Solidaridad Intergeneracional\" \/>\n\t<meta name=\"twitter:label2\" content=\"Tiempo de lectura\" \/>\n\t<meta name=\"twitter:data2\" content=\"1 minuto\" \/>\n<script type=\"application\/ld+json\" class=\"yoast-schema-graph\">{\"@context\":\"https:\\\/\\\/schema.org\",\"@graph\":[{\"@type\":\"Article\",\"@id\":\"https:\\\/\\\/solidaridadintergeneracional.es\\\/wp\\\/caradap-presenta-un-vehiculo-que-facilita-el-transporte-de-personas-con-movilidad-reducida\\\/#article\",\"isPartOf\":{\"@id\":\"https:\\\/\\\/solidaridadintergeneracional.es\\\/wp\\\/caradap-presenta-un-vehiculo-que-facilita-el-transporte-de-personas-con-movilidad-reducida\\\/\"},\"author\":{\"name\":\"Solidaridad Intergeneracional\",\"@id\":\"https:\\\/\\\/solidaridadintergeneracional.es\\\/wp\\\/#\\\/schema\\\/person\\\/e8b31aad699715395f8afbf3f8755d51\"},\"headline\":\"Caradap presenta un veh\u00edculo que facilita el transporte de personas con movilidad reducida\",\"datePublished\":\"2012-05-31T00:00:00+00:00\",\"mainEntityOfPage\":{\"@id\":\"https:\\\/\\\/solidaridadintergeneracional.es\\\/wp\\\/caradap-presenta-un-vehiculo-que-facilita-el-transporte-de-personas-con-movilidad-reducida\\\/\"},\"wordCount\":283,\"commentCount\":0,\"publisher\":{\"@id\":\"https:\\\/\\\/solidaridadintergeneracional.es\\\/wp\\\/#organization\"},\"articleSection\":[\"Noticias Bolet\u00edn\",\"Noticias de interes Pre 2019\"],\"inLanguage\":\"es\",\"potentialAction\":[{\"@type\":\"CommentAction\",\"name\":\"Comment\",\"target\":[\"https:\\\/\\\/solidaridadintergeneracional.es\\\/wp\\\/caradap-presenta-un-vehiculo-que-facilita-el-transporte-de-personas-con-movilidad-reducida\\\/#respond\"]}]},{\"@type\":\"WebPage\",\"@id\":\"https:\\\/\\\/solidaridadintergeneracional.es\\\/wp\\\/caradap-presenta-un-vehiculo-que-facilita-el-transporte-de-personas-con-movilidad-reducida\\\/\",\"url\":\"https:\\\/\\\/solidaridadintergeneracional.es\\\/wp\\\/caradap-presenta-un-vehiculo-que-facilita-el-transporte-de-personas-con-movilidad-reducida\\\/\",\"name\":\"Caradap presenta un veh\u00edculo que facilita el transporte de personas con movilidad reducida &#8211; Solidaridad Intergeneracional\",\"isPartOf\":{\"@id\":\"https:\\\/\\\/solidaridadintergeneracional.es\\\/wp\\\/#website\"},\"datePublished\":\"2012-05-31T00:00:00+00:00\",\"breadcrumb\":{\"@id\":\"https:\\\/\\\/solidaridadintergeneracional.es\\\/wp\\\/caradap-presenta-un-vehiculo-que-facilita-el-transporte-de-personas-con-movilidad-reducida\\\/#breadcrumb\"},\"inLanguage\":\"es\",\"potentialAction\":[{\"@type\":\"ReadAction\",\"target\":[\"https:\\\/\\\/solidaridadintergeneracional.es\\\/wp\\\/caradap-presenta-un-vehiculo-que-facilita-el-transporte-de-personas-con-movilidad-reducida\\\/\"]}]},{\"@type\":\"BreadcrumbList\",\"@id\":\"https:\\\/\\\/solidaridadintergeneracional.es\\\/wp\\\/caradap-presenta-un-vehiculo-que-facilita-el-transporte-de-personas-con-movilidad-reducida\\\/#breadcrumb\",\"itemListElement\":[{\"@type\":\"ListItem\",\"position\":1,\"name\":\"Portada\",\"item\":\"https:\\\/\\\/solidaridadintergeneracional.es\\\/wp\\\/\"},{\"@type\":\"ListItem\",\"position\":2,\"name\":\"Caradap presenta un veh\u00edculo que facilita el transporte de personas con movilidad reducida\"}]},{\"@type\":\"WebSite\",\"@id\":\"https:\\\/\\\/solidaridadintergeneracional.es\\\/wp\\\/#website\",\"url\":\"https:\\\/\\\/solidaridadintergeneracional.es\\\/wp\\\/\",\"name\":\"Solidaridad Intergeneracional\",\"description\":\"Toda la informaci\u00f3n sociosanitaria a tu servicio\",\"publisher\":{\"@id\":\"https:\\\/\\\/solidaridadintergeneracional.es\\\/wp\\\/#organization\"},\"potentialAction\":[{\"@type\":\"SearchAction\",\"target\":{\"@type\":\"EntryPoint\",\"urlTemplate\":\"https:\\\/\\\/solidaridadintergeneracional.es\\\/wp\\\/?s={search_term_string}\"},\"query-input\":{\"@type\":\"PropertyValueSpecification\",\"valueRequired\":true,\"valueName\":\"search_term_string\"}}],\"inLanguage\":\"es\"},{\"@type\":\"Organization\",\"@id\":\"https:\\\/\\\/solidaridadintergeneracional.es\\\/wp\\\/#organization\",\"name\":\"Solidaridad Intergeneracional\",\"url\":\"https:\\\/\\\/solidaridadintergeneracional.es\\\/wp\\\/\",\"logo\":{\"@type\":\"ImageObject\",\"inLanguage\":\"es\",\"@id\":\"https:\\\/\\\/solidaridadintergeneracional.es\\\/wp\\\/#\\\/schema\\\/logo\\\/image\\\/\",\"url\":\"https:\\\/\\\/solidaridadintergeneracional.es\\\/wp\\\/wp-content\\\/uploads\\\/2020\\\/02\\\/logo-solidaridad.963ff81b.png\",\"contentUrl\":\"https:\\\/\\\/solidaridadintergeneracional.es\\\/wp\\\/wp-content\\\/uploads\\\/2020\\\/02\\\/logo-solidaridad.963ff81b.png\",\"width\":825,\"height\":288,\"caption\":\"Solidaridad Intergeneracional\"},\"image\":{\"@id\":\"https:\\\/\\\/solidaridadintergeneracional.es\\\/wp\\\/#\\\/schema\\\/logo\\\/image\\\/\"},\"sameAs\":[\"https:\\\/\\\/www.facebook.com\\\/SolidaridadIntergeneracional\\\/\",\"https:\\\/\\\/x.com\\\/E_Familia_\",\"https:\\\/\\\/www.youtube.com\\\/channel\\\/UCt5BNW3Z7_ACkBDg_6ujXTQ\"]},{\"@type\":\"Person\",\"@id\":\"https:\\\/\\\/solidaridadintergeneracional.es\\\/wp\\\/#\\\/schema\\\/person\\\/e8b31aad699715395f8afbf3f8755d51\",\"name\":\"Solidaridad Intergeneracional\",\"image\":{\"@type\":\"ImageObject\",\"inLanguage\":\"es\",\"@id\":\"https:\\\/\\\/secure.gravatar.com\\\/avatar\\\/e18721a5c4aaa3fecf1fe45b5d7708a7037f8a862dbc28483b4cf55a6ac0fb56?s=96&d=mm&r=g\",\"url\":\"https:\\\/\\\/secure.gravatar.com\\\/avatar\\\/e18721a5c4aaa3fecf1fe45b5d7708a7037f8a862dbc28483b4cf55a6ac0fb56?s=96&d=mm&r=g\",\"contentUrl\":\"https:\\\/\\\/secure.gravatar.com\\\/avatar\\\/e18721a5c4aaa3fecf1fe45b5d7708a7037f8a862dbc28483b4cf55a6ac0fb56?s=96&d=mm&r=g\",\"caption\":\"Solidaridad Intergeneracional\"},\"url\":\"https:\\\/\\\/solidaridadintergeneracional.es\\\/wp\\\/author\\\/admin\\\/\"}]}<\/script>\n<!-- \/ Yoast SEO plugin. -->","yoast_head_json":{"title":"Caradap presenta un veh\u00edculo que facilita el transporte de personas con movilidad reducida &#8211; Solidaridad Intergeneracional","robots":{"index":"index","follow":"follow","max-snippet":"max-snippet:-1","max-image-preview":"max-image-preview:large","max-video-preview":"max-video-preview:-1"},"canonical":"https:\/\/solidaridadintergeneracional.es\/wp\/caradap-presenta-un-vehiculo-que-facilita-el-transporte-de-personas-con-movilidad-reducida\/","og_locale":"es_ES","og_type":"article","og_title":"Caradap presenta un veh\u00edculo que facilita el transporte de personas con movilidad reducida &#8211; Solidaridad Intergeneracional","og_description":"La adaptaci\u00f3n se ha llevado a cabo gracias a la colaboraci\u00f3n de Volkswagen, Repsol y V\u00eda Libre","og_url":"https:\/\/solidaridadintergeneracional.es\/wp\/caradap-presenta-un-vehiculo-que-facilita-el-transporte-de-personas-con-movilidad-reducida\/","og_site_name":"Solidaridad Intergeneracional","article_publisher":"https:\/\/www.facebook.com\/SolidaridadIntergeneracional\/","article_published_time":"2012-05-31T00:00:00+00:00","author":"Solidaridad Intergeneracional","twitter_card":"summary_large_image","twitter_creator":"@E_Familia_","twitter_site":"@E_Familia_","twitter_misc":{"Escrito por":"Solidaridad Intergeneracional","Tiempo de lectura":"1 minuto"},"schema":{"@context":"https:\/\/schema.org","@graph":[{"@type":"Article","@id":"https:\/\/solidaridadintergeneracional.es\/wp\/caradap-presenta-un-vehiculo-que-facilita-el-transporte-de-personas-con-movilidad-reducida\/#article","isPartOf":{"@id":"https:\/\/solidaridadintergeneracional.es\/wp\/caradap-presenta-un-vehiculo-que-facilita-el-transporte-de-personas-con-movilidad-reducida\/"},"author":{"name":"Solidaridad Intergeneracional","@id":"https:\/\/solidaridadintergeneracional.es\/wp\/#\/schema\/person\/e8b31aad699715395f8afbf3f8755d51"},"headline":"Caradap presenta un veh\u00edculo que facilita el transporte de personas con movilidad reducida","datePublished":"2012-05-31T00:00:00+00:00","mainEntityOfPage":{"@id":"https:\/\/solidaridadintergeneracional.es\/wp\/caradap-presenta-un-vehiculo-que-facilita-el-transporte-de-personas-con-movilidad-reducida\/"},"wordCount":283,"commentCount":0,"publisher":{"@id":"https:\/\/solidaridadintergeneracional.es\/wp\/#organization"},"articleSection":["Noticias Bolet\u00edn","Noticias de interes Pre 2019"],"inLanguage":"es","potentialAction":[{"@type":"CommentAction","name":"Comment","target":["https:\/\/solidaridadintergeneracional.es\/wp\/caradap-presenta-un-vehiculo-que-facilita-el-transporte-de-personas-con-movilidad-reducida\/#respond"]}]},{"@type":"WebPage","@id":"https:\/\/solidaridadintergeneracional.es\/wp\/caradap-presenta-un-vehiculo-que-facilita-el-transporte-de-personas-con-movilidad-reducida\/","url":"https:\/\/solidaridadintergeneracional.es\/wp\/caradap-presenta-un-vehiculo-que-facilita-el-transporte-de-personas-con-movilidad-reducida\/","name":"Caradap presenta un veh\u00edculo que facilita el transporte de personas con movilidad reducida &#8211; Solidaridad Intergeneracional","isPartOf":{"@id":"https:\/\/solidaridadintergeneracional.es\/wp\/#website"},"datePublished":"2012-05-31T00:00:00+00:00","breadcrumb":{"@id":"https:\/\/solidaridadintergeneracional.es\/wp\/caradap-presenta-un-vehiculo-que-facilita-el-transporte-de-personas-con-movilidad-reducida\/#breadcrumb"},"inLanguage":"es","potentialAction":[{"@type":"ReadAction","target":["https:\/\/solidaridadintergeneracional.es\/wp\/caradap-presenta-un-vehiculo-que-facilita-el-transporte-de-personas-con-movilidad-reducida\/"]}]},{"@type":"BreadcrumbList","@id":"https:\/\/solidaridadintergeneracional.es\/wp\/caradap-presenta-un-vehiculo-que-facilita-el-transporte-de-personas-con-movilidad-reducida\/#breadcrumb","itemListElement":[{"@type":"ListItem","position":1,"name":"Portada","item":"https:\/\/solidaridadintergeneracional.es\/wp\/"},{"@type":"ListItem","position":2,"name":"Caradap presenta un veh\u00edculo que facilita el transporte de personas con movilidad reducida"}]},{"@type":"WebSite","@id":"https:\/\/solidaridadintergeneracional.es\/wp\/#website","url":"https:\/\/solidaridadintergeneracional.es\/wp\/","name":"Solidaridad Intergeneracional","description":"Toda la informaci\u00f3n sociosanitaria a tu servicio","publisher":{"@id":"https:\/\/solidaridadintergeneracional.es\/wp\/#organization"},"potentialAction":[{"@type":"SearchAction","target":{"@type":"EntryPoint","urlTemplate":"https:\/\/solidaridadintergeneracional.es\/wp\/?s={search_term_string}"},"query-input":{"@type":"PropertyValueSpecification","valueRequired":true,"valueName":"search_term_string"}}],"inLanguage":"es"},{"@type":"Organization","@id":"https:\/\/solidaridadintergeneracional.es\/wp\/#organization","name":"Solidaridad Intergeneracional","url":"https:\/\/solidaridadintergeneracional.es\/wp\/","logo":{"@type":"ImageObject","inLanguage":"es","@id":"https:\/\/solidaridadintergeneracional.es\/wp\/#\/schema\/logo\/image\/","url":"https:\/\/solidaridadintergeneracional.es\/wp\/wp-content\/uploads\/2020\/02\/logo-solidaridad.963ff81b.png","contentUrl":"https:\/\/solidaridadintergeneracional.es\/wp\/wp-content\/uploads\/2020\/02\/logo-solidaridad.963ff81b.png","width":825,"height":288,"caption":"Solidaridad Intergeneracional"},"image":{"@id":"https:\/\/solidaridadintergeneracional.es\/wp\/#\/schema\/logo\/image\/"},"sameAs":["https:\/\/www.facebook.com\/SolidaridadIntergeneracional\/","https:\/\/x.com\/E_Familia_","https:\/\/www.youtube.com\/channel\/UCt5BNW3Z7_ACkBDg_6ujXTQ"]},{"@type":"Person","@id":"https:\/\/solidaridadintergeneracional.es\/wp\/#\/schema\/person\/e8b31aad699715395f8afbf3f8755d51","name":"Solidaridad Intergeneracional","image":{"@type":"ImageObject","inLanguage":"es","@id":"https:\/\/secure.gravatar.com\/avatar\/e18721a5c4aaa3fecf1fe45b5d7708a7037f8a862dbc28483b4cf55a6ac0fb56?s=96&d=mm&r=g","url":"https:\/\/secure.gravatar.com\/avatar\/e18721a5c4aaa3fecf1fe45b5d7708a7037f8a862dbc28483b4cf55a6ac0fb56?s=96&d=mm&r=g","contentUrl":"https:\/\/secure.gravatar.com\/avatar\/e18721a5c4aaa3fecf1fe45b5d7708a7037f8a862dbc28483b4cf55a6ac0fb56?s=96&d=mm&r=g","caption":"Solidaridad Intergeneracional"},"url":"https:\/\/solidaridadintergeneracional.es\/wp\/author\/admin\/"}]}},"_links":{"self":[{"href":"https:\/\/solidaridadintergeneracional.es\/wp\/wp-json\/wp\/v2\/posts\/22003","targetHints":{"allow":["GET"]}}],"collection":[{"href":"https:\/\/solidaridadintergeneracional.es\/wp\/wp-json\/wp\/v2\/posts"}],"about":[{"href":"https:\/\/solidaridadintergeneracional.es\/wp\/wp-json\/wp\/v2\/types\/post"}],"author":[{"embeddable":true,"href":"https:\/\/solidaridadintergeneracional.es\/wp\/wp-json\/wp\/v2\/users\/1"}],"replies":[{"embeddable":true,"href":"https:\/\/solidaridadintergeneracional.es\/wp\/wp-json\/wp\/v2\/comments?post=22003"}],"version-history":[{"count":0,"href":"https:\/\/solidaridadintergeneracional.es\/wp\/wp-json\/wp\/v2\/posts\/22003\/revisions"}],"wp:attachment":[{"href":"https:\/\/solidaridadintergeneracional.es\/wp\/wp-json\/wp\/v2\/media?parent=22003"}],"wp:term":[{"taxonomy":"category","embeddable":true,"href":"https:\/\/solidaridadintergeneracional.es\/wp\/wp-json\/wp\/v2\/categories?post=22003"},{"taxonomy":"post_tag","embeddable":true,"href":"https:\/\/solidaridadintergeneracional.es\/wp\/wp-json\/wp\/v2\/tags?post=22003"}],"curies":[{"name":"wp","href":"https:\/\/api.w.org\/{rel}","templated":true}]}}