{"id":21915,"date":"2012-03-01T00:00:00","date_gmt":"2012-03-01T00:00:00","guid":{"rendered":"http:\/\/efamilia.es\/wp\/fallece-una-mujer-tras-frenar-salud-la-orden-de-llevarla-a-un-hospital\/"},"modified":"2012-03-01T00:00:00","modified_gmt":"2012-03-01T00:00:00","slug":"fallece-una-mujer-tras-frenar-salud-la-orden-de-llevarla-a-un-hospital","status":"publish","type":"post","link":"https:\/\/solidaridadintergeneracional.es\/wp\/fallece-una-mujer-tras-frenar-salud-la-orden-de-llevarla-a-un-hospital\/","title":{"rendered":"Fallece una mujer tras frenar Salud la orden de llevarla a un hospital"},"content":{"rendered":"<h4>El SEM impuso por tel\u00e9fono que la ambulancia condujera a la paciente, de 81 a\u00f1os, al ambulatorio contra el criterio de su m\u00e9dico<\/h4>\n<p>Ferran Balsells &#8211; Barcelona<\/p>\n<p>El tel\u00e9fono se impuso al criterio del m\u00e9dico. Montserrat Salas, paciente de 81 a\u00f1os diagnosticada con una gastroenteritis, lleg\u00f3 al hospital un d\u00eda m\u00e1s tarde de lo que orden\u00f3 el doctor que la atendi\u00f3. Ya recostada en la ambulancia, la enferma oy\u00f3 c\u00f3mo el conductor recibi\u00f3 un telefonazo que corrigi\u00f3 al m\u00e9dico; el facultativo orden\u00f3 que la mujer fuera trasladada al hospital del Mar de Barcelona ante la gravedad de la aparente gastroenteritis que padec\u00eda, pero acab\u00f3 en el ambulatorio de urgencias Pere Camps, un centro con menos medios. As\u00ed lo impuso por v\u00eda telef\u00f3nica el Sistema de Emergencias M\u00e9dicas (SEM), entidad del Departamento de Salud que gestiona las urgencias y emergencias sanitarias en Catalu\u00f1a.<\/p>\n<p>Unas 24 horas despu\u00e9s de entrar en el ambulatorio, los m\u00e9dicos ordenaron de nuevo el traslado de la mujer al hospital del Mar para que aclarar por qu\u00e9 una gastroenteritis causaba tantas complicaciones. En realidad, Montserrat Salas padec\u00eda una hernia inguinal estrangulada, patolog\u00eda que requer\u00eda una operaci\u00f3n urgente. Horas despu\u00e9s de ser intervenida, la mujer muri\u00f3.<\/p>\n<p>\u201cQuiz\u00e1 tampoco habr\u00eda sobrevivido si la ambulancia la hubiera llevado a su debido tiempo\u201d, se resigna Montserrat Grasa, hija de la fallecida que agita una esquela de su madre entre los dedos. \u201cPero el trato recibido y el c\u00famulo de errores son bochornosos. \u00bfC\u00f3mo corrigen por tel\u00e9fono lo que manda un doctor en persona?\u201d. El SEM defiende que su actuaci\u00f3n responde al protocolo de emergencias. \u201cSe actu\u00f3 correctamente ante un caso de gastroenteritis\u201d, se\u00f1ala una portavoz. Pero el protocolo no cuenta con posibles errores de diagn\u00f3stico. \u201cLa patolog\u00eda que hab\u00eda diagnosticado el doctor es una urgencia, no una emergencia\u201d, justifica el organismo. \u201cY las urgencias deben derivarse al ambulatorio para no colapsar los hospitales. Aunque ello implique corregir al m\u00e9dico\u201d, subraya.<\/p>\n<p>Al otro lado del aparato, el SEM cre\u00eda tratar una gastroenteritis sin percatarse de que para Salas el tiempo era clave: la hernia inguinal estrangulada implica falta de circulaci\u00f3n sangu\u00ednea en la zona abdominal y requiere una intervenci\u00f3n urgente ante el riesgo de necrosis o muerte intestinal. Pero el protocolo ignor\u00f3 en este caso la presunta apreciaci\u00f3n que realiz\u00f3 el m\u00e9dico en persona. \u201cEn teor\u00eda era una gastroenteritis, pero mi madre estaba muy mal. No hab\u00eda m\u00e1s que verla\u201d, lamenta la hija. Hasta el m\u00e9dico, recuerda, orden\u00f3 que la paciente fuera atendida en un hospital pese a padecer una enfermedad menor. \u201cNo ten\u00edamos indicaci\u00f3n de ninguna complicaci\u00f3n\u201d, asegura el SEM.<\/p>\n<p>Por ello, tras una acalorada discusi\u00f3n con el ch\u00f3fer de la ambulancia, un empleado del SEM logr\u00f3 que el veh\u00edculo llevara a la paciente al Pere Camps. \u201cLo siento en el alma, esta mujer deber\u00eda ir a un hospital, pero me obligan a llevarla a un ambulatorio\u201d, se excus\u00f3 el conductor a la hija de la paciente, seg\u00fan el relato de Grasa.<\/p>\n<p>\u201cLa sanidad p\u00fablica no puede funcionar as\u00ed, estoy segura de que no llevaron a mi madre al hospital para ahorrar costes\u201d, lamenta la hija. \u201cEs el mismo protocolo que seguimos desde hace a\u00f1os\u201d, insiste el SEM. \u201cSi ocurriera otra vez, volver\u00edamos a actuar igual\u201d.<\/p>\n<p>El caso incide en las dudas sobre la atenci\u00f3n telef\u00f3nica, uno de los pilares con el que Salud pretende mantener la calidad asistencial. En dos a\u00f1os, el Gobierno de CiU ha recortado unos 1.200 millones de euros los gastos de la sanidad p\u00fablica. El dr\u00e1stico ajuste ha comportado el cierre de ambulatorios, camas y quir\u00f3fanos y ha reducido tambi\u00e9n las horas de servicio que presta cada ambulancia.<\/p>\n<p>Pero el Departamento de Salud defiende que cualquier persona puede recurrir al tel\u00e9fono de emergencias que presta atenci\u00f3n sanitaria de forma ininterrumpida. \u201cNo se puede gestionar a una enferma por tel\u00e9fono\u201d, insiste Grasa. El pasado mes de diciembre, el SEM ya dej\u00f3 cientos de llamadas desatendidas por falta de personal.<\/p>\n<p>\u201cQuien hablaba al otro lado del tel\u00e9fono no sab\u00eda que mi madre llevaba d\u00edas muy enferma\u201d, rese\u00f1a la hija de la mujer fallecida.<\/p>\n<p>El dolor y los v\u00f3mitos de Montserrat Salas empezaron el pasado lunes 6 de febrero, pero el ambulatorio diagnostic\u00f3 en primera instancia una mera gastroenteritis, diagn\u00f3stico que despu\u00e9s se demostrar\u00eda err\u00f3neo. De martes a jueves, la mujer sigui\u00f3 vomitando y hasta dej\u00f3 de ingerir l\u00edquidos por la molestia que le ocasionaba. El jueves por la ma\u00f1ana, Grasa requiri\u00f3 el servicio de una ambulancia para ingresar a su madre en el hospital. \u201cPero el servicio telef\u00f3nico de emergencias de Salud dijo que deb\u00edamos volver al ambulatorio porque la ambulancia debe ordenarla un m\u00e9dico\u201d, recuerda la hija.<\/p>\n<p>La paciente no pod\u00eda ni moverse del dolor, por lo que pidieron a un m\u00e9dico que se desplazara al domicilio de la mujer. Desde all\u00ed, el m\u00e9dico orden\u00f3 que una ambulancia llevara la mujer al hospital. \u201cLos v\u00f3mitos eran de un color muy oscuro y ol\u00edan extra\u00f1amente mal\u201d, detalla la hija. \u201cEl m\u00e9dico vio que aquellos continuos v\u00f3mitos no eran normales\u201d. Pero no el SEM, que a trav\u00e9s del tel\u00e9fono deriv\u00f3 a la mujer a un centro sin medios para verificar el diagn\u00f3stico.<\/p>\n<p>\u201cMi madre&#8230; \u00bfse habr\u00eda salvado?\u201d, se pregunta la hija sin respuesta posible.<\/p>\n<p><a href=\"http:\/\/http:\/\/ccaa.elpais.com\/ccaa\/2012\/02\/26\/catalunya\/1330290126_623039.html\">http:\/\/ccaa.elpais.com\/ccaa\/2012\/02\/26\/catalunya\/1330290126_623039.html<\/a><\/p>\n","protected":false},"excerpt":{"rendered":"<p>El SEM impuso por tel\u00e9fono que la ambulancia condujera a la paciente, de 81 a\u00f1os, al ambulatorio contra el criterio de su m\u00e9dico<\/p>\n","protected":false},"author":1,"featured_media":0,"comment_status":"open","ping_status":"open","sticky":false,"template":"","format":"standard","meta":{"footnotes":""},"categories":[328,321],"tags":[],"class_list":["post-21915","post","type-post","status-publish","format-standard","hentry","category-noticiasboletin","category-noticiasdeinterespre2019"],"yoast_head":"<!-- This site is optimized with the Yoast SEO plugin v27.5 - https:\/\/yoast.com\/product\/yoast-seo-wordpress\/ -->\n<title>Fallece una mujer tras frenar Salud la orden de llevarla a un hospital &#8211; Solidaridad Intergeneracional<\/title>\n<meta name=\"robots\" content=\"index, follow, max-snippet:-1, max-image-preview:large, max-video-preview:-1\" \/>\n<link rel=\"canonical\" href=\"https:\/\/solidaridadintergeneracional.es\/wp\/fallece-una-mujer-tras-frenar-salud-la-orden-de-llevarla-a-un-hospital\/\" \/>\n<meta property=\"og:locale\" content=\"es_ES\" \/>\n<meta property=\"og:type\" content=\"article\" \/>\n<meta property=\"og:title\" content=\"Fallece una mujer tras frenar Salud la orden de llevarla a un hospital &#8211; Solidaridad Intergeneracional\" \/>\n<meta property=\"og:description\" content=\"El SEM impuso por tel\u00e9fono que la ambulancia condujera a la paciente, de 81 a\u00f1os, al ambulatorio contra el criterio de su m\u00e9dico\" \/>\n<meta property=\"og:url\" content=\"https:\/\/solidaridadintergeneracional.es\/wp\/fallece-una-mujer-tras-frenar-salud-la-orden-de-llevarla-a-un-hospital\/\" \/>\n<meta property=\"og:site_name\" content=\"Solidaridad Intergeneracional\" \/>\n<meta property=\"article:publisher\" content=\"https:\/\/www.facebook.com\/SolidaridadIntergeneracional\/\" \/>\n<meta property=\"article:published_time\" content=\"2012-03-01T00:00:00+00:00\" \/>\n<meta name=\"author\" content=\"Solidaridad Intergeneracional\" \/>\n<meta name=\"twitter:card\" content=\"summary_large_image\" \/>\n<meta name=\"twitter:creator\" content=\"@E_Familia_\" \/>\n<meta name=\"twitter:site\" content=\"@E_Familia_\" \/>\n<meta name=\"twitter:label1\" content=\"Escrito por\" \/>\n\t<meta name=\"twitter:data1\" content=\"Solidaridad Intergeneracional\" \/>\n\t<meta name=\"twitter:label2\" content=\"Tiempo de lectura\" \/>\n\t<meta name=\"twitter:data2\" content=\"5 minutos\" \/>\n<script type=\"application\/ld+json\" class=\"yoast-schema-graph\">{\"@context\":\"https:\\\/\\\/schema.org\",\"@graph\":[{\"@type\":\"Article\",\"@id\":\"https:\\\/\\\/solidaridadintergeneracional.es\\\/wp\\\/fallece-una-mujer-tras-frenar-salud-la-orden-de-llevarla-a-un-hospital\\\/#article\",\"isPartOf\":{\"@id\":\"https:\\\/\\\/solidaridadintergeneracional.es\\\/wp\\\/fallece-una-mujer-tras-frenar-salud-la-orden-de-llevarla-a-un-hospital\\\/\"},\"author\":{\"name\":\"Solidaridad Intergeneracional\",\"@id\":\"https:\\\/\\\/solidaridadintergeneracional.es\\\/wp\\\/#\\\/schema\\\/person\\\/e8b31aad699715395f8afbf3f8755d51\"},\"headline\":\"Fallece una mujer tras frenar Salud la orden de llevarla a un hospital\",\"datePublished\":\"2012-03-01T00:00:00+00:00\",\"mainEntityOfPage\":{\"@id\":\"https:\\\/\\\/solidaridadintergeneracional.es\\\/wp\\\/fallece-una-mujer-tras-frenar-salud-la-orden-de-llevarla-a-un-hospital\\\/\"},\"wordCount\":969,\"commentCount\":0,\"publisher\":{\"@id\":\"https:\\\/\\\/solidaridadintergeneracional.es\\\/wp\\\/#organization\"},\"articleSection\":[\"Noticias Bolet\u00edn\",\"Noticias de interes Pre 2019\"],\"inLanguage\":\"es\",\"potentialAction\":[{\"@type\":\"CommentAction\",\"name\":\"Comment\",\"target\":[\"https:\\\/\\\/solidaridadintergeneracional.es\\\/wp\\\/fallece-una-mujer-tras-frenar-salud-la-orden-de-llevarla-a-un-hospital\\\/#respond\"]}]},{\"@type\":\"WebPage\",\"@id\":\"https:\\\/\\\/solidaridadintergeneracional.es\\\/wp\\\/fallece-una-mujer-tras-frenar-salud-la-orden-de-llevarla-a-un-hospital\\\/\",\"url\":\"https:\\\/\\\/solidaridadintergeneracional.es\\\/wp\\\/fallece-una-mujer-tras-frenar-salud-la-orden-de-llevarla-a-un-hospital\\\/\",\"name\":\"Fallece una mujer tras frenar Salud la orden de llevarla a un hospital &#8211; Solidaridad Intergeneracional\",\"isPartOf\":{\"@id\":\"https:\\\/\\\/solidaridadintergeneracional.es\\\/wp\\\/#website\"},\"datePublished\":\"2012-03-01T00:00:00+00:00\",\"breadcrumb\":{\"@id\":\"https:\\\/\\\/solidaridadintergeneracional.es\\\/wp\\\/fallece-una-mujer-tras-frenar-salud-la-orden-de-llevarla-a-un-hospital\\\/#breadcrumb\"},\"inLanguage\":\"es\",\"potentialAction\":[{\"@type\":\"ReadAction\",\"target\":[\"https:\\\/\\\/solidaridadintergeneracional.es\\\/wp\\\/fallece-una-mujer-tras-frenar-salud-la-orden-de-llevarla-a-un-hospital\\\/\"]}]},{\"@type\":\"BreadcrumbList\",\"@id\":\"https:\\\/\\\/solidaridadintergeneracional.es\\\/wp\\\/fallece-una-mujer-tras-frenar-salud-la-orden-de-llevarla-a-un-hospital\\\/#breadcrumb\",\"itemListElement\":[{\"@type\":\"ListItem\",\"position\":1,\"name\":\"Portada\",\"item\":\"https:\\\/\\\/solidaridadintergeneracional.es\\\/wp\\\/\"},{\"@type\":\"ListItem\",\"position\":2,\"name\":\"Fallece una mujer tras frenar Salud la orden de llevarla a un hospital\"}]},{\"@type\":\"WebSite\",\"@id\":\"https:\\\/\\\/solidaridadintergeneracional.es\\\/wp\\\/#website\",\"url\":\"https:\\\/\\\/solidaridadintergeneracional.es\\\/wp\\\/\",\"name\":\"Solidaridad Intergeneracional\",\"description\":\"Toda la informaci\u00f3n sociosanitaria a tu servicio\",\"publisher\":{\"@id\":\"https:\\\/\\\/solidaridadintergeneracional.es\\\/wp\\\/#organization\"},\"potentialAction\":[{\"@type\":\"SearchAction\",\"target\":{\"@type\":\"EntryPoint\",\"urlTemplate\":\"https:\\\/\\\/solidaridadintergeneracional.es\\\/wp\\\/?s={search_term_string}\"},\"query-input\":{\"@type\":\"PropertyValueSpecification\",\"valueRequired\":true,\"valueName\":\"search_term_string\"}}],\"inLanguage\":\"es\"},{\"@type\":\"Organization\",\"@id\":\"https:\\\/\\\/solidaridadintergeneracional.es\\\/wp\\\/#organization\",\"name\":\"Solidaridad Intergeneracional\",\"url\":\"https:\\\/\\\/solidaridadintergeneracional.es\\\/wp\\\/\",\"logo\":{\"@type\":\"ImageObject\",\"inLanguage\":\"es\",\"@id\":\"https:\\\/\\\/solidaridadintergeneracional.es\\\/wp\\\/#\\\/schema\\\/logo\\\/image\\\/\",\"url\":\"https:\\\/\\\/solidaridadintergeneracional.es\\\/wp\\\/wp-content\\\/uploads\\\/2020\\\/02\\\/logo-solidaridad.963ff81b.png\",\"contentUrl\":\"https:\\\/\\\/solidaridadintergeneracional.es\\\/wp\\\/wp-content\\\/uploads\\\/2020\\\/02\\\/logo-solidaridad.963ff81b.png\",\"width\":825,\"height\":288,\"caption\":\"Solidaridad Intergeneracional\"},\"image\":{\"@id\":\"https:\\\/\\\/solidaridadintergeneracional.es\\\/wp\\\/#\\\/schema\\\/logo\\\/image\\\/\"},\"sameAs\":[\"https:\\\/\\\/www.facebook.com\\\/SolidaridadIntergeneracional\\\/\",\"https:\\\/\\\/x.com\\\/E_Familia_\",\"https:\\\/\\\/www.youtube.com\\\/channel\\\/UCt5BNW3Z7_ACkBDg_6ujXTQ\"]},{\"@type\":\"Person\",\"@id\":\"https:\\\/\\\/solidaridadintergeneracional.es\\\/wp\\\/#\\\/schema\\\/person\\\/e8b31aad699715395f8afbf3f8755d51\",\"name\":\"Solidaridad Intergeneracional\",\"image\":{\"@type\":\"ImageObject\",\"inLanguage\":\"es\",\"@id\":\"https:\\\/\\\/secure.gravatar.com\\\/avatar\\\/e18721a5c4aaa3fecf1fe45b5d7708a7037f8a862dbc28483b4cf55a6ac0fb56?s=96&d=mm&r=g\",\"url\":\"https:\\\/\\\/secure.gravatar.com\\\/avatar\\\/e18721a5c4aaa3fecf1fe45b5d7708a7037f8a862dbc28483b4cf55a6ac0fb56?s=96&d=mm&r=g\",\"contentUrl\":\"https:\\\/\\\/secure.gravatar.com\\\/avatar\\\/e18721a5c4aaa3fecf1fe45b5d7708a7037f8a862dbc28483b4cf55a6ac0fb56?s=96&d=mm&r=g\",\"caption\":\"Solidaridad Intergeneracional\"},\"url\":\"https:\\\/\\\/solidaridadintergeneracional.es\\\/wp\\\/author\\\/admin\\\/\"}]}<\/script>\n<!-- \/ Yoast SEO plugin. -->","yoast_head_json":{"title":"Fallece una mujer tras frenar Salud la orden de llevarla a un hospital &#8211; Solidaridad Intergeneracional","robots":{"index":"index","follow":"follow","max-snippet":"max-snippet:-1","max-image-preview":"max-image-preview:large","max-video-preview":"max-video-preview:-1"},"canonical":"https:\/\/solidaridadintergeneracional.es\/wp\/fallece-una-mujer-tras-frenar-salud-la-orden-de-llevarla-a-un-hospital\/","og_locale":"es_ES","og_type":"article","og_title":"Fallece una mujer tras frenar Salud la orden de llevarla a un hospital &#8211; Solidaridad Intergeneracional","og_description":"El SEM impuso por tel\u00e9fono que la ambulancia condujera a la paciente, de 81 a\u00f1os, al ambulatorio contra el criterio de su m\u00e9dico","og_url":"https:\/\/solidaridadintergeneracional.es\/wp\/fallece-una-mujer-tras-frenar-salud-la-orden-de-llevarla-a-un-hospital\/","og_site_name":"Solidaridad Intergeneracional","article_publisher":"https:\/\/www.facebook.com\/SolidaridadIntergeneracional\/","article_published_time":"2012-03-01T00:00:00+00:00","author":"Solidaridad Intergeneracional","twitter_card":"summary_large_image","twitter_creator":"@E_Familia_","twitter_site":"@E_Familia_","twitter_misc":{"Escrito por":"Solidaridad Intergeneracional","Tiempo de lectura":"5 minutos"},"schema":{"@context":"https:\/\/schema.org","@graph":[{"@type":"Article","@id":"https:\/\/solidaridadintergeneracional.es\/wp\/fallece-una-mujer-tras-frenar-salud-la-orden-de-llevarla-a-un-hospital\/#article","isPartOf":{"@id":"https:\/\/solidaridadintergeneracional.es\/wp\/fallece-una-mujer-tras-frenar-salud-la-orden-de-llevarla-a-un-hospital\/"},"author":{"name":"Solidaridad Intergeneracional","@id":"https:\/\/solidaridadintergeneracional.es\/wp\/#\/schema\/person\/e8b31aad699715395f8afbf3f8755d51"},"headline":"Fallece una mujer tras frenar Salud la orden de llevarla a un hospital","datePublished":"2012-03-01T00:00:00+00:00","mainEntityOfPage":{"@id":"https:\/\/solidaridadintergeneracional.es\/wp\/fallece-una-mujer-tras-frenar-salud-la-orden-de-llevarla-a-un-hospital\/"},"wordCount":969,"commentCount":0,"publisher":{"@id":"https:\/\/solidaridadintergeneracional.es\/wp\/#organization"},"articleSection":["Noticias Bolet\u00edn","Noticias de interes Pre 2019"],"inLanguage":"es","potentialAction":[{"@type":"CommentAction","name":"Comment","target":["https:\/\/solidaridadintergeneracional.es\/wp\/fallece-una-mujer-tras-frenar-salud-la-orden-de-llevarla-a-un-hospital\/#respond"]}]},{"@type":"WebPage","@id":"https:\/\/solidaridadintergeneracional.es\/wp\/fallece-una-mujer-tras-frenar-salud-la-orden-de-llevarla-a-un-hospital\/","url":"https:\/\/solidaridadintergeneracional.es\/wp\/fallece-una-mujer-tras-frenar-salud-la-orden-de-llevarla-a-un-hospital\/","name":"Fallece una mujer tras frenar Salud la orden de llevarla a un hospital &#8211; Solidaridad Intergeneracional","isPartOf":{"@id":"https:\/\/solidaridadintergeneracional.es\/wp\/#website"},"datePublished":"2012-03-01T00:00:00+00:00","breadcrumb":{"@id":"https:\/\/solidaridadintergeneracional.es\/wp\/fallece-una-mujer-tras-frenar-salud-la-orden-de-llevarla-a-un-hospital\/#breadcrumb"},"inLanguage":"es","potentialAction":[{"@type":"ReadAction","target":["https:\/\/solidaridadintergeneracional.es\/wp\/fallece-una-mujer-tras-frenar-salud-la-orden-de-llevarla-a-un-hospital\/"]}]},{"@type":"BreadcrumbList","@id":"https:\/\/solidaridadintergeneracional.es\/wp\/fallece-una-mujer-tras-frenar-salud-la-orden-de-llevarla-a-un-hospital\/#breadcrumb","itemListElement":[{"@type":"ListItem","position":1,"name":"Portada","item":"https:\/\/solidaridadintergeneracional.es\/wp\/"},{"@type":"ListItem","position":2,"name":"Fallece una mujer tras frenar Salud la orden de llevarla a un hospital"}]},{"@type":"WebSite","@id":"https:\/\/solidaridadintergeneracional.es\/wp\/#website","url":"https:\/\/solidaridadintergeneracional.es\/wp\/","name":"Solidaridad Intergeneracional","description":"Toda la informaci\u00f3n sociosanitaria a tu servicio","publisher":{"@id":"https:\/\/solidaridadintergeneracional.es\/wp\/#organization"},"potentialAction":[{"@type":"SearchAction","target":{"@type":"EntryPoint","urlTemplate":"https:\/\/solidaridadintergeneracional.es\/wp\/?s={search_term_string}"},"query-input":{"@type":"PropertyValueSpecification","valueRequired":true,"valueName":"search_term_string"}}],"inLanguage":"es"},{"@type":"Organization","@id":"https:\/\/solidaridadintergeneracional.es\/wp\/#organization","name":"Solidaridad Intergeneracional","url":"https:\/\/solidaridadintergeneracional.es\/wp\/","logo":{"@type":"ImageObject","inLanguage":"es","@id":"https:\/\/solidaridadintergeneracional.es\/wp\/#\/schema\/logo\/image\/","url":"https:\/\/solidaridadintergeneracional.es\/wp\/wp-content\/uploads\/2020\/02\/logo-solidaridad.963ff81b.png","contentUrl":"https:\/\/solidaridadintergeneracional.es\/wp\/wp-content\/uploads\/2020\/02\/logo-solidaridad.963ff81b.png","width":825,"height":288,"caption":"Solidaridad Intergeneracional"},"image":{"@id":"https:\/\/solidaridadintergeneracional.es\/wp\/#\/schema\/logo\/image\/"},"sameAs":["https:\/\/www.facebook.com\/SolidaridadIntergeneracional\/","https:\/\/x.com\/E_Familia_","https:\/\/www.youtube.com\/channel\/UCt5BNW3Z7_ACkBDg_6ujXTQ"]},{"@type":"Person","@id":"https:\/\/solidaridadintergeneracional.es\/wp\/#\/schema\/person\/e8b31aad699715395f8afbf3f8755d51","name":"Solidaridad Intergeneracional","image":{"@type":"ImageObject","inLanguage":"es","@id":"https:\/\/secure.gravatar.com\/avatar\/e18721a5c4aaa3fecf1fe45b5d7708a7037f8a862dbc28483b4cf55a6ac0fb56?s=96&d=mm&r=g","url":"https:\/\/secure.gravatar.com\/avatar\/e18721a5c4aaa3fecf1fe45b5d7708a7037f8a862dbc28483b4cf55a6ac0fb56?s=96&d=mm&r=g","contentUrl":"https:\/\/secure.gravatar.com\/avatar\/e18721a5c4aaa3fecf1fe45b5d7708a7037f8a862dbc28483b4cf55a6ac0fb56?s=96&d=mm&r=g","caption":"Solidaridad Intergeneracional"},"url":"https:\/\/solidaridadintergeneracional.es\/wp\/author\/admin\/"}]}},"_links":{"self":[{"href":"https:\/\/solidaridadintergeneracional.es\/wp\/wp-json\/wp\/v2\/posts\/21915","targetHints":{"allow":["GET"]}}],"collection":[{"href":"https:\/\/solidaridadintergeneracional.es\/wp\/wp-json\/wp\/v2\/posts"}],"about":[{"href":"https:\/\/solidaridadintergeneracional.es\/wp\/wp-json\/wp\/v2\/types\/post"}],"author":[{"embeddable":true,"href":"https:\/\/solidaridadintergeneracional.es\/wp\/wp-json\/wp\/v2\/users\/1"}],"replies":[{"embeddable":true,"href":"https:\/\/solidaridadintergeneracional.es\/wp\/wp-json\/wp\/v2\/comments?post=21915"}],"version-history":[{"count":0,"href":"https:\/\/solidaridadintergeneracional.es\/wp\/wp-json\/wp\/v2\/posts\/21915\/revisions"}],"wp:attachment":[{"href":"https:\/\/solidaridadintergeneracional.es\/wp\/wp-json\/wp\/v2\/media?parent=21915"}],"wp:term":[{"taxonomy":"category","embeddable":true,"href":"https:\/\/solidaridadintergeneracional.es\/wp\/wp-json\/wp\/v2\/categories?post=21915"},{"taxonomy":"post_tag","embeddable":true,"href":"https:\/\/solidaridadintergeneracional.es\/wp\/wp-json\/wp\/v2\/tags?post=21915"}],"curies":[{"name":"wp","href":"https:\/\/api.w.org\/{rel}","templated":true}]}}