{"id":21716,"date":"2011-06-30T00:00:00","date_gmt":"2011-06-30T00:00:00","guid":{"rendered":"http:\/\/efamilia.es\/wp\/cinco-comunidades-suspenden-en-el-examen-de-la-dependencia-2\/"},"modified":"2011-06-30T00:00:00","modified_gmt":"2011-06-30T00:00:00","slug":"cinco-comunidades-suspenden-en-el-examen-de-la-dependencia-2","status":"publish","type":"post","link":"https:\/\/solidaridadintergeneracional.es\/wp\/cinco-comunidades-suspenden-en-el-examen-de-la-dependencia-2\/","title":{"rendered":"Cinco comunidades suspenden en el examen de la dependencia"},"content":{"rendered":"<h4>Canarias, Valencia, Asturias, Madrid y Baleares no llegan al aprobado &#8211; M\u00e1s de 300.000 personas a\u00fan no reciben la ayuda a la que tienen derecho<\/h4>\n<p>CARMEN MOR\u00c1N &#8211; Madrid &#8211; 20\/06\/2011<\/p>\n<p>Cinco comunidades aut\u00f3nomas suspenden en su desarrollo de la Ley de Dependencia, Canarias, Valencia, Asturias, Madrid y Baleares, que no alcanzan el 5 sobre 10 (todas ellas estaban por debajo del aprobado en la anterior evaluaci\u00f3n, pero Asturias ten\u00eda un notable hace dos a\u00f1os). En la l\u00ednea del aprobado se sit\u00faan Extremadura, Galicia y Murcia, mientras que sobresalen las dos Castillas, Pa\u00eds Vasco, Arag\u00f3n y La Rioja (siempre las primeras de la clase). El \u00faltimo informe semestral del Observatorio de la Dependencia de la Asociaci\u00f3n Estatal de Directoras y Gerentes de Servicios Sociales constata algunos cambios preocupantes. Por ejemplo, la ca\u00edda en picado de las notas asturianas o la tendencia a la baja de Andaluc\u00eda, que siempre estuvo entre las m\u00e1s destacadas.<\/p>\n<p>&#8220;Los datos de Asturias son incontestables; est\u00e1 por debajo de la media nacional en las solicitudes de los ciudadanos, en las evaluaciones que se les hacen y en los beneficiarios atendidos. Este par\u00f3n se debe, a nuestro entender, a que la ley se est\u00e1 gestionando desde la comunidad, no desde los servicios sociales municipales. Al principio fue bien, pero cuando crece el volumen de personas a atender, el sistema se atasca&#8221;, explica el presidente de la asociaci\u00f3n, Jos\u00e9 Manuel Ram\u00edrez Navarro.<\/p>\n<p>El Observatorio de la Dependencia de esta asociaci\u00f3n eval\u00faa a las comunidades atendiendo a varios criterios, entre ellos el n\u00famero de personas atendidas o en lista de espera, las solicitudes recibidas, la coordinaci\u00f3n con los Ayuntamientos y el apoyo que estos reciben, la redacci\u00f3n de nuevas leyes de servicios sociales o la innovaci\u00f3n y buenas pr\u00e1cticas. Siguiendo estos indicadores, Andaluc\u00eda, siempre entre las mejores, lleva dos evaluaciones bajando su nota &#8220;porque su lista de espera, es decir, las personas que tienen derecho a una ayuda pero a\u00fan no la reciben, est\u00e1 subiendo. A pesar de ello, mantiene un notable&#8221;.<\/p>\n<p>Respecto a las comunidades que suspenden, Ram\u00edrez Navarro opina que &#8220;est\u00e1n privando a sus ciudadanos de los derechos de esta ley&#8221;, aunque destaca cierto avance en la Comunidad de Madrid, &#8220;debido al tir\u00f3n de los meses anteriores a las elecciones: han incorporado m\u00e1s usuarios y rebajado, por tanto, la lista de espera&#8221;. Sin embargo, no alcanzan el aprobado.<\/p>\n<p>La valoraci\u00f3n general del desarrollo de la ley es aceptable para la asociaci\u00f3n, &#8220;porque se comprueba que mejora con el tiempo, ya se atiende a m\u00e1s de 700.000 personas, si bien ha habido una ralentizaci\u00f3n desde julio del a\u00f1o pasado [cuando Zapatero present\u00f3 sus medidas anticrisis]&#8221;, dicen. &#8220;Y no puede tolerarse que haya m\u00e1s de 300.000 personas con derecho a una ayuda que no la est\u00e1n percibiendo. En ese limbo de la dependencia se han integrado los dependientes moderados, que deber\u00edan haber recibido sus ayudas a lo largo de este a\u00f1os. Las comunidades que han proclamado su insumisi\u00f3n respecto a la inclusi\u00f3n en el sistema de los dependientes leves deben saber que es un incumplimiento grave del calendario de la ley&#8221;, critica Ram\u00edrez Navarro. &#8220;Si, malinterpretando la ley, se han dado seis meses de plazo, estos ya se han cumplido y los dependientes leves siguen esperando&#8221;, a\u00f1ade. Para la asociaci\u00f3n, es preocupante tambi\u00e9n el desequilibrio que persiste entre las prestaciones econ\u00f3micas y los servicios. M\u00e1s del 54% de las ayudas otorgadas son econ\u00f3micas, mientras que la ley establece la preferencia por los servicios, es decir, plazas de residencias, centros de d\u00eda, que son los que generan empleo. Varios factores influyen en ese desequilibrio: las ayudas econ\u00f3micas son m\u00e1s baratas para las Administraciones, no siempre hay servicios disponibles o bien ubicados y los ciudadanos han inclinado esta balanza al elegir que los cuiden en casa.<\/p>\n<p>Otro de los indicadores a partir de los cuales se pone nota a las comunidades (los nuevos consejeros podr\u00e1n saber de d\u00f3nde parten) es el desarrollo de nuevas leyes de servicios sociales. Hay comunidades que no las han redactado a\u00fan y, por tanto, solo las personas calificadas como dependientes tienen su derecho a una ayuda garantizado por ley, mientras que el resto de usuarios de los servicios sociales est\u00e1n al albur de la disponibilidad presupuestaria o de la mejor o peor gesti\u00f3n pol\u00edtica.<\/p>\n<p>Por \u00faltimo, la Asociaci\u00f3n de Directoras y Gerentes de Servicios Sociales critica la &#8220;falta de transparencia&#8221; que todav\u00eda lastra las cifras oficiales que se ofrecen. &#8220;La ley establece una evaluaci\u00f3n de la misma al tercer a\u00f1o de su implantaci\u00f3n y seguimos, el cuarto ya, sin tenerla. La planificaci\u00f3n, por tanto, se est\u00e1 haciendo a ciegas. Tampoco se han incorporado nuevos datos que se aprobaron en consejo territorial, entre el Ministerio de Sanidad y Pol\u00edtica Social y las comunidades.<\/p>\n<p><a href=\"http:\/\/http:\/\/www.elpais.com\/articulo\/sociedad\/comunidades\/suspenden\/examen\/dependencia\/elpepusoc\/20110620e\">http:\/\/www.elpais.com\/articulo\/sociedad\/comunidades\/suspenden\/examen\/dependencia\/elpepusoc\/20110620e<\/a><\/p>\n","protected":false},"excerpt":{"rendered":"<p>Canarias, Valencia, Asturias, Madrid y Baleares no llegan al aprobado &#8211; M\u00e1s de 300.000 personas a\u00fan no reciben la ayuda a la que tienen derecho<\/p>\n","protected":false},"author":1,"featured_media":0,"comment_status":"open","ping_status":"open","sticky":false,"template":"","format":"standard","meta":{"footnotes":""},"categories":[328,321],"tags":[],"class_list":["post-21716","post","type-post","status-publish","format-standard","hentry","category-noticiasboletin","category-noticiasdeinterespre2019"],"yoast_head":"<!-- This site is optimized with the Yoast SEO plugin v27.5 - https:\/\/yoast.com\/product\/yoast-seo-wordpress\/ -->\n<title>Cinco comunidades suspenden en el examen de la dependencia &#8211; Solidaridad Intergeneracional<\/title>\n<meta name=\"robots\" content=\"index, follow, max-snippet:-1, max-image-preview:large, max-video-preview:-1\" \/>\n<link rel=\"canonical\" href=\"https:\/\/solidaridadintergeneracional.es\/wp\/cinco-comunidades-suspenden-en-el-examen-de-la-dependencia-2\/\" \/>\n<meta property=\"og:locale\" content=\"es_ES\" \/>\n<meta property=\"og:type\" content=\"article\" \/>\n<meta property=\"og:title\" content=\"Cinco comunidades suspenden en el examen de la dependencia &#8211; Solidaridad Intergeneracional\" \/>\n<meta property=\"og:description\" content=\"Canarias, Valencia, Asturias, Madrid y Baleares no llegan al aprobado - M\u00e1s de 300.000 personas a\u00fan no reciben la ayuda a la que tienen derecho\" \/>\n<meta property=\"og:url\" content=\"https:\/\/solidaridadintergeneracional.es\/wp\/cinco-comunidades-suspenden-en-el-examen-de-la-dependencia-2\/\" \/>\n<meta property=\"og:site_name\" content=\"Solidaridad Intergeneracional\" \/>\n<meta property=\"article:publisher\" content=\"https:\/\/www.facebook.com\/SolidaridadIntergeneracional\/\" \/>\n<meta property=\"article:published_time\" content=\"2011-06-30T00:00:00+00:00\" \/>\n<meta name=\"author\" content=\"Solidaridad Intergeneracional\" \/>\n<meta name=\"twitter:card\" content=\"summary_large_image\" \/>\n<meta name=\"twitter:creator\" content=\"@E_Familia_\" \/>\n<meta name=\"twitter:site\" content=\"@E_Familia_\" \/>\n<meta name=\"twitter:label1\" content=\"Escrito por\" \/>\n\t<meta name=\"twitter:data1\" content=\"Solidaridad Intergeneracional\" \/>\n\t<meta name=\"twitter:label2\" content=\"Tiempo de lectura\" \/>\n\t<meta name=\"twitter:data2\" content=\"4 minutos\" \/>\n<script type=\"application\/ld+json\" class=\"yoast-schema-graph\">{\"@context\":\"https:\\\/\\\/schema.org\",\"@graph\":[{\"@type\":\"Article\",\"@id\":\"https:\\\/\\\/solidaridadintergeneracional.es\\\/wp\\\/cinco-comunidades-suspenden-en-el-examen-de-la-dependencia-2\\\/#article\",\"isPartOf\":{\"@id\":\"https:\\\/\\\/solidaridadintergeneracional.es\\\/wp\\\/cinco-comunidades-suspenden-en-el-examen-de-la-dependencia-2\\\/\"},\"author\":{\"name\":\"Solidaridad Intergeneracional\",\"@id\":\"https:\\\/\\\/solidaridadintergeneracional.es\\\/wp\\\/#\\\/schema\\\/person\\\/e8b31aad699715395f8afbf3f8755d51\"},\"headline\":\"Cinco comunidades suspenden en el examen de la dependencia\",\"datePublished\":\"2011-06-30T00:00:00+00:00\",\"mainEntityOfPage\":{\"@id\":\"https:\\\/\\\/solidaridadintergeneracional.es\\\/wp\\\/cinco-comunidades-suspenden-en-el-examen-de-la-dependencia-2\\\/\"},\"wordCount\":865,\"commentCount\":0,\"publisher\":{\"@id\":\"https:\\\/\\\/solidaridadintergeneracional.es\\\/wp\\\/#organization\"},\"articleSection\":[\"Noticias Bolet\u00edn\",\"Noticias de interes Pre 2019\"],\"inLanguage\":\"es\",\"potentialAction\":[{\"@type\":\"CommentAction\",\"name\":\"Comment\",\"target\":[\"https:\\\/\\\/solidaridadintergeneracional.es\\\/wp\\\/cinco-comunidades-suspenden-en-el-examen-de-la-dependencia-2\\\/#respond\"]}]},{\"@type\":\"WebPage\",\"@id\":\"https:\\\/\\\/solidaridadintergeneracional.es\\\/wp\\\/cinco-comunidades-suspenden-en-el-examen-de-la-dependencia-2\\\/\",\"url\":\"https:\\\/\\\/solidaridadintergeneracional.es\\\/wp\\\/cinco-comunidades-suspenden-en-el-examen-de-la-dependencia-2\\\/\",\"name\":\"Cinco comunidades suspenden en el examen de la dependencia &#8211; Solidaridad Intergeneracional\",\"isPartOf\":{\"@id\":\"https:\\\/\\\/solidaridadintergeneracional.es\\\/wp\\\/#website\"},\"datePublished\":\"2011-06-30T00:00:00+00:00\",\"breadcrumb\":{\"@id\":\"https:\\\/\\\/solidaridadintergeneracional.es\\\/wp\\\/cinco-comunidades-suspenden-en-el-examen-de-la-dependencia-2\\\/#breadcrumb\"},\"inLanguage\":\"es\",\"potentialAction\":[{\"@type\":\"ReadAction\",\"target\":[\"https:\\\/\\\/solidaridadintergeneracional.es\\\/wp\\\/cinco-comunidades-suspenden-en-el-examen-de-la-dependencia-2\\\/\"]}]},{\"@type\":\"BreadcrumbList\",\"@id\":\"https:\\\/\\\/solidaridadintergeneracional.es\\\/wp\\\/cinco-comunidades-suspenden-en-el-examen-de-la-dependencia-2\\\/#breadcrumb\",\"itemListElement\":[{\"@type\":\"ListItem\",\"position\":1,\"name\":\"Portada\",\"item\":\"https:\\\/\\\/solidaridadintergeneracional.es\\\/wp\\\/\"},{\"@type\":\"ListItem\",\"position\":2,\"name\":\"Cinco comunidades suspenden en el examen de la dependencia\"}]},{\"@type\":\"WebSite\",\"@id\":\"https:\\\/\\\/solidaridadintergeneracional.es\\\/wp\\\/#website\",\"url\":\"https:\\\/\\\/solidaridadintergeneracional.es\\\/wp\\\/\",\"name\":\"Solidaridad Intergeneracional\",\"description\":\"Toda la informaci\u00f3n sociosanitaria a tu servicio\",\"publisher\":{\"@id\":\"https:\\\/\\\/solidaridadintergeneracional.es\\\/wp\\\/#organization\"},\"potentialAction\":[{\"@type\":\"SearchAction\",\"target\":{\"@type\":\"EntryPoint\",\"urlTemplate\":\"https:\\\/\\\/solidaridadintergeneracional.es\\\/wp\\\/?s={search_term_string}\"},\"query-input\":{\"@type\":\"PropertyValueSpecification\",\"valueRequired\":true,\"valueName\":\"search_term_string\"}}],\"inLanguage\":\"es\"},{\"@type\":\"Organization\",\"@id\":\"https:\\\/\\\/solidaridadintergeneracional.es\\\/wp\\\/#organization\",\"name\":\"Solidaridad Intergeneracional\",\"url\":\"https:\\\/\\\/solidaridadintergeneracional.es\\\/wp\\\/\",\"logo\":{\"@type\":\"ImageObject\",\"inLanguage\":\"es\",\"@id\":\"https:\\\/\\\/solidaridadintergeneracional.es\\\/wp\\\/#\\\/schema\\\/logo\\\/image\\\/\",\"url\":\"https:\\\/\\\/solidaridadintergeneracional.es\\\/wp\\\/wp-content\\\/uploads\\\/2020\\\/02\\\/logo-solidaridad.963ff81b.png\",\"contentUrl\":\"https:\\\/\\\/solidaridadintergeneracional.es\\\/wp\\\/wp-content\\\/uploads\\\/2020\\\/02\\\/logo-solidaridad.963ff81b.png\",\"width\":825,\"height\":288,\"caption\":\"Solidaridad Intergeneracional\"},\"image\":{\"@id\":\"https:\\\/\\\/solidaridadintergeneracional.es\\\/wp\\\/#\\\/schema\\\/logo\\\/image\\\/\"},\"sameAs\":[\"https:\\\/\\\/www.facebook.com\\\/SolidaridadIntergeneracional\\\/\",\"https:\\\/\\\/x.com\\\/E_Familia_\",\"https:\\\/\\\/www.youtube.com\\\/channel\\\/UCt5BNW3Z7_ACkBDg_6ujXTQ\"]},{\"@type\":\"Person\",\"@id\":\"https:\\\/\\\/solidaridadintergeneracional.es\\\/wp\\\/#\\\/schema\\\/person\\\/e8b31aad699715395f8afbf3f8755d51\",\"name\":\"Solidaridad Intergeneracional\",\"image\":{\"@type\":\"ImageObject\",\"inLanguage\":\"es\",\"@id\":\"https:\\\/\\\/secure.gravatar.com\\\/avatar\\\/e18721a5c4aaa3fecf1fe45b5d7708a7037f8a862dbc28483b4cf55a6ac0fb56?s=96&d=mm&r=g\",\"url\":\"https:\\\/\\\/secure.gravatar.com\\\/avatar\\\/e18721a5c4aaa3fecf1fe45b5d7708a7037f8a862dbc28483b4cf55a6ac0fb56?s=96&d=mm&r=g\",\"contentUrl\":\"https:\\\/\\\/secure.gravatar.com\\\/avatar\\\/e18721a5c4aaa3fecf1fe45b5d7708a7037f8a862dbc28483b4cf55a6ac0fb56?s=96&d=mm&r=g\",\"caption\":\"Solidaridad Intergeneracional\"},\"url\":\"https:\\\/\\\/solidaridadintergeneracional.es\\\/wp\\\/author\\\/admin\\\/\"}]}<\/script>\n<!-- \/ Yoast SEO plugin. -->","yoast_head_json":{"title":"Cinco comunidades suspenden en el examen de la dependencia &#8211; Solidaridad Intergeneracional","robots":{"index":"index","follow":"follow","max-snippet":"max-snippet:-1","max-image-preview":"max-image-preview:large","max-video-preview":"max-video-preview:-1"},"canonical":"https:\/\/solidaridadintergeneracional.es\/wp\/cinco-comunidades-suspenden-en-el-examen-de-la-dependencia-2\/","og_locale":"es_ES","og_type":"article","og_title":"Cinco comunidades suspenden en el examen de la dependencia &#8211; Solidaridad Intergeneracional","og_description":"Canarias, Valencia, Asturias, Madrid y Baleares no llegan al aprobado - M\u00e1s de 300.000 personas a\u00fan no reciben la ayuda a la que tienen derecho","og_url":"https:\/\/solidaridadintergeneracional.es\/wp\/cinco-comunidades-suspenden-en-el-examen-de-la-dependencia-2\/","og_site_name":"Solidaridad Intergeneracional","article_publisher":"https:\/\/www.facebook.com\/SolidaridadIntergeneracional\/","article_published_time":"2011-06-30T00:00:00+00:00","author":"Solidaridad Intergeneracional","twitter_card":"summary_large_image","twitter_creator":"@E_Familia_","twitter_site":"@E_Familia_","twitter_misc":{"Escrito por":"Solidaridad Intergeneracional","Tiempo de lectura":"4 minutos"},"schema":{"@context":"https:\/\/schema.org","@graph":[{"@type":"Article","@id":"https:\/\/solidaridadintergeneracional.es\/wp\/cinco-comunidades-suspenden-en-el-examen-de-la-dependencia-2\/#article","isPartOf":{"@id":"https:\/\/solidaridadintergeneracional.es\/wp\/cinco-comunidades-suspenden-en-el-examen-de-la-dependencia-2\/"},"author":{"name":"Solidaridad Intergeneracional","@id":"https:\/\/solidaridadintergeneracional.es\/wp\/#\/schema\/person\/e8b31aad699715395f8afbf3f8755d51"},"headline":"Cinco comunidades suspenden en el examen de la dependencia","datePublished":"2011-06-30T00:00:00+00:00","mainEntityOfPage":{"@id":"https:\/\/solidaridadintergeneracional.es\/wp\/cinco-comunidades-suspenden-en-el-examen-de-la-dependencia-2\/"},"wordCount":865,"commentCount":0,"publisher":{"@id":"https:\/\/solidaridadintergeneracional.es\/wp\/#organization"},"articleSection":["Noticias Bolet\u00edn","Noticias de interes Pre 2019"],"inLanguage":"es","potentialAction":[{"@type":"CommentAction","name":"Comment","target":["https:\/\/solidaridadintergeneracional.es\/wp\/cinco-comunidades-suspenden-en-el-examen-de-la-dependencia-2\/#respond"]}]},{"@type":"WebPage","@id":"https:\/\/solidaridadintergeneracional.es\/wp\/cinco-comunidades-suspenden-en-el-examen-de-la-dependencia-2\/","url":"https:\/\/solidaridadintergeneracional.es\/wp\/cinco-comunidades-suspenden-en-el-examen-de-la-dependencia-2\/","name":"Cinco comunidades suspenden en el examen de la dependencia &#8211; Solidaridad Intergeneracional","isPartOf":{"@id":"https:\/\/solidaridadintergeneracional.es\/wp\/#website"},"datePublished":"2011-06-30T00:00:00+00:00","breadcrumb":{"@id":"https:\/\/solidaridadintergeneracional.es\/wp\/cinco-comunidades-suspenden-en-el-examen-de-la-dependencia-2\/#breadcrumb"},"inLanguage":"es","potentialAction":[{"@type":"ReadAction","target":["https:\/\/solidaridadintergeneracional.es\/wp\/cinco-comunidades-suspenden-en-el-examen-de-la-dependencia-2\/"]}]},{"@type":"BreadcrumbList","@id":"https:\/\/solidaridadintergeneracional.es\/wp\/cinco-comunidades-suspenden-en-el-examen-de-la-dependencia-2\/#breadcrumb","itemListElement":[{"@type":"ListItem","position":1,"name":"Portada","item":"https:\/\/solidaridadintergeneracional.es\/wp\/"},{"@type":"ListItem","position":2,"name":"Cinco comunidades suspenden en el examen de la dependencia"}]},{"@type":"WebSite","@id":"https:\/\/solidaridadintergeneracional.es\/wp\/#website","url":"https:\/\/solidaridadintergeneracional.es\/wp\/","name":"Solidaridad Intergeneracional","description":"Toda la informaci\u00f3n sociosanitaria a tu servicio","publisher":{"@id":"https:\/\/solidaridadintergeneracional.es\/wp\/#organization"},"potentialAction":[{"@type":"SearchAction","target":{"@type":"EntryPoint","urlTemplate":"https:\/\/solidaridadintergeneracional.es\/wp\/?s={search_term_string}"},"query-input":{"@type":"PropertyValueSpecification","valueRequired":true,"valueName":"search_term_string"}}],"inLanguage":"es"},{"@type":"Organization","@id":"https:\/\/solidaridadintergeneracional.es\/wp\/#organization","name":"Solidaridad Intergeneracional","url":"https:\/\/solidaridadintergeneracional.es\/wp\/","logo":{"@type":"ImageObject","inLanguage":"es","@id":"https:\/\/solidaridadintergeneracional.es\/wp\/#\/schema\/logo\/image\/","url":"https:\/\/solidaridadintergeneracional.es\/wp\/wp-content\/uploads\/2020\/02\/logo-solidaridad.963ff81b.png","contentUrl":"https:\/\/solidaridadintergeneracional.es\/wp\/wp-content\/uploads\/2020\/02\/logo-solidaridad.963ff81b.png","width":825,"height":288,"caption":"Solidaridad Intergeneracional"},"image":{"@id":"https:\/\/solidaridadintergeneracional.es\/wp\/#\/schema\/logo\/image\/"},"sameAs":["https:\/\/www.facebook.com\/SolidaridadIntergeneracional\/","https:\/\/x.com\/E_Familia_","https:\/\/www.youtube.com\/channel\/UCt5BNW3Z7_ACkBDg_6ujXTQ"]},{"@type":"Person","@id":"https:\/\/solidaridadintergeneracional.es\/wp\/#\/schema\/person\/e8b31aad699715395f8afbf3f8755d51","name":"Solidaridad Intergeneracional","image":{"@type":"ImageObject","inLanguage":"es","@id":"https:\/\/secure.gravatar.com\/avatar\/e18721a5c4aaa3fecf1fe45b5d7708a7037f8a862dbc28483b4cf55a6ac0fb56?s=96&d=mm&r=g","url":"https:\/\/secure.gravatar.com\/avatar\/e18721a5c4aaa3fecf1fe45b5d7708a7037f8a862dbc28483b4cf55a6ac0fb56?s=96&d=mm&r=g","contentUrl":"https:\/\/secure.gravatar.com\/avatar\/e18721a5c4aaa3fecf1fe45b5d7708a7037f8a862dbc28483b4cf55a6ac0fb56?s=96&d=mm&r=g","caption":"Solidaridad Intergeneracional"},"url":"https:\/\/solidaridadintergeneracional.es\/wp\/author\/admin\/"}]}},"_links":{"self":[{"href":"https:\/\/solidaridadintergeneracional.es\/wp\/wp-json\/wp\/v2\/posts\/21716","targetHints":{"allow":["GET"]}}],"collection":[{"href":"https:\/\/solidaridadintergeneracional.es\/wp\/wp-json\/wp\/v2\/posts"}],"about":[{"href":"https:\/\/solidaridadintergeneracional.es\/wp\/wp-json\/wp\/v2\/types\/post"}],"author":[{"embeddable":true,"href":"https:\/\/solidaridadintergeneracional.es\/wp\/wp-json\/wp\/v2\/users\/1"}],"replies":[{"embeddable":true,"href":"https:\/\/solidaridadintergeneracional.es\/wp\/wp-json\/wp\/v2\/comments?post=21716"}],"version-history":[{"count":0,"href":"https:\/\/solidaridadintergeneracional.es\/wp\/wp-json\/wp\/v2\/posts\/21716\/revisions"}],"wp:attachment":[{"href":"https:\/\/solidaridadintergeneracional.es\/wp\/wp-json\/wp\/v2\/media?parent=21716"}],"wp:term":[{"taxonomy":"category","embeddable":true,"href":"https:\/\/solidaridadintergeneracional.es\/wp\/wp-json\/wp\/v2\/categories?post=21716"},{"taxonomy":"post_tag","embeddable":true,"href":"https:\/\/solidaridadintergeneracional.es\/wp\/wp-json\/wp\/v2\/tags?post=21716"}],"curies":[{"name":"wp","href":"https:\/\/api.w.org\/{rel}","templated":true}]}}