{"id":21675,"date":"2011-06-01T00:00:00","date_gmt":"2011-06-01T00:00:00","guid":{"rendered":"http:\/\/efamilia.es\/wp\/el-alzheimer-no-comienza-por-la-perdida-de-memoria\/"},"modified":"2011-06-01T00:00:00","modified_gmt":"2011-06-01T00:00:00","slug":"el-alzheimer-no-comienza-por-la-perdida-de-memoria","status":"publish","type":"post","link":"https:\/\/solidaridadintergeneracional.es\/wp\/el-alzheimer-no-comienza-por-la-perdida-de-memoria\/","title":{"rendered":"El alzh\u00e9imer no comienza por la p\u00e9rdida de memoria"},"content":{"rendered":"<h4>Aunque no haya p\u00e9rdidas en la memoria,se pueden observar algunos des\u00f3rdenes asociados al inicio temprano de esta demencia, como trastornos en el lenguaje, en la visi\u00f3n o en la conducta.<\/h4>\n<p>El primer s\u00edntoma por el que se acostumbra a detectar la enfermedad de alzh\u00e9imer es la falta de memoria. Pero puede no ser el primero, al menos en los casos de aparici\u00f3n precoz (antes de los 60 a\u00f1os). Un equipo de investigadores del hospital Cl\u00ednic de Barcelona ha detectado la aparici\u00f3n de algunos des\u00f3rdenes asociados al inicio temprano de esta demencia. Aunque no haya p\u00e9rdida en la memoria, se pueden observar trastornos en el lenguaje, en la visi\u00f3n o en la conducta. Los resultados los ha publicado la revista Neurology.<\/p>\n<p>Los investigadores han llegado a esta conclusi\u00f3n tras revisar muestras de tejido cerebral de 40 donantes del Banco de Tejidos Neurol\u00f3gicos del Cl\u00ednic-Universidad de Barcelona CCiT-IDIBAPS, a quienes se les diagnostic\u00f3 la enfermedad antes de los 60 a\u00f1os. En la mitad de los casos, los s\u00edntomas eran distintos a la p\u00e9rdida de memoria. El inicio temprano de la enfermedad est\u00e1 relacionado con la mutaci\u00f3n de un gen.<\/p>\n<p>Por tratarse de s\u00edntomas at\u00edpicos, &#8220;dificulta el diagn\u00f3stico, especialmente en fases iniciales&#8221;, afirma Albert Llad\u00f3, uno de los autores del estudio, que tambi\u00e9n indica que el 53% de las personas con otros s\u00edntomas fueron inicialmente mal diagnosticadas. Como promedio, hab\u00edan estado viviendo con la enfermedad durante 11 a\u00f1os, con un retraso de tres a\u00f1os en el diagn\u00f3stico.<\/p>\n<p>EN EL CRISTALINO<\/p>\n<p>Otro intento de afinar los m\u00e9todos de detecci\u00f3n es el que ha presentado Celia S\u00e1nchez Ramos, de la universidad Complutense de Madrid. El sistema consiste en medir unos p\u00e9ptidos (trozos de prote\u00ednas) en los restos de cristalino que se extraen cuando se opera a una persona de cataratas, informa Emilio de Benito. Tiene la ventaja de que se usa el material de desecho de una operaci\u00f3n muy frecuente (se hacen m\u00e1s de 260.000 al a\u00f1o).<\/p>\n<p>Por su parte, el CSIC ha publicado un estudio en el Journal of Alzheimer Disease, seg\u00fan el cual el ejercicio f\u00edsico voluntario tiene un efecto protector y terap\u00e9utico contra el alzh\u00e9imer. Mejora la sinapsis entre las neuronas, el aprendizaje, la memoria y la ansiedad. Se trata de un experimento realizado con ratones transg\u00e9nicos en una fase moderada de la enfermedad.<\/p>\n<p>Los ratones que practicaron ejercicio constante estuvieron viviendo en un espacio con una rueda giratoria desde que ten\u00edan un mes. El estudio concluye que el ejercicio tiene un efecto neuroprotector.<\/p>\n<p><a href=\"http:\/\/http:\/\/www.elpais.com\/articulo\/salud\/alzheimer\/comienza\/perdida\/memoria\/elpepusocsal\/20110524elpepis\">http:\/\/www.elpais.com\/articulo\/salud\/alzheimer\/comienza\/perdida\/memoria\/elpepusocsal\/20110524elpepis<\/a><\/p>\n","protected":false},"excerpt":{"rendered":"<p>Aunque no haya p\u00e9rdidas en la memoria,se pueden observar algunos des\u00f3rdenes asociados al inicio temprano de esta demencia, como trastornos en el lenguaje, en la visi\u00f3n o en la conducta.<\/p>\n","protected":false},"author":1,"featured_media":0,"comment_status":"open","ping_status":"open","sticky":false,"template":"","format":"standard","meta":{"footnotes":""},"categories":[328,321],"tags":[],"class_list":["post-21675","post","type-post","status-publish","format-standard","hentry","category-noticiasboletin","category-noticiasdeinterespre2019"],"yoast_head":"<!-- This site is optimized with the Yoast SEO plugin v27.5 - https:\/\/yoast.com\/product\/yoast-seo-wordpress\/ -->\n<title>El alzh\u00e9imer no comienza por la p\u00e9rdida de memoria &#8211; Solidaridad Intergeneracional<\/title>\n<meta name=\"robots\" content=\"index, follow, max-snippet:-1, max-image-preview:large, max-video-preview:-1\" \/>\n<link rel=\"canonical\" href=\"https:\/\/solidaridadintergeneracional.es\/wp\/el-alzheimer-no-comienza-por-la-perdida-de-memoria\/\" \/>\n<meta property=\"og:locale\" content=\"es_ES\" \/>\n<meta property=\"og:type\" content=\"article\" \/>\n<meta property=\"og:title\" content=\"El alzh\u00e9imer no comienza por la p\u00e9rdida de memoria &#8211; Solidaridad Intergeneracional\" \/>\n<meta property=\"og:description\" content=\"Aunque no haya p\u00e9rdidas en la memoria,se pueden observar algunos des\u00f3rdenes asociados al inicio temprano de esta demencia, como trastornos en el lenguaje, en la visi\u00f3n o en la conducta.\" \/>\n<meta property=\"og:url\" content=\"https:\/\/solidaridadintergeneracional.es\/wp\/el-alzheimer-no-comienza-por-la-perdida-de-memoria\/\" \/>\n<meta property=\"og:site_name\" content=\"Solidaridad Intergeneracional\" \/>\n<meta property=\"article:publisher\" content=\"https:\/\/www.facebook.com\/SolidaridadIntergeneracional\/\" \/>\n<meta property=\"article:published_time\" content=\"2011-06-01T00:00:00+00:00\" \/>\n<meta name=\"author\" content=\"Solidaridad Intergeneracional\" \/>\n<meta name=\"twitter:card\" content=\"summary_large_image\" \/>\n<meta name=\"twitter:creator\" content=\"@E_Familia_\" \/>\n<meta name=\"twitter:site\" content=\"@E_Familia_\" \/>\n<meta name=\"twitter:label1\" content=\"Escrito por\" \/>\n\t<meta name=\"twitter:data1\" content=\"Solidaridad Intergeneracional\" \/>\n\t<meta name=\"twitter:label2\" content=\"Tiempo de lectura\" \/>\n\t<meta name=\"twitter:data2\" content=\"2 minutos\" \/>\n<script type=\"application\/ld+json\" class=\"yoast-schema-graph\">{\"@context\":\"https:\\\/\\\/schema.org\",\"@graph\":[{\"@type\":\"Article\",\"@id\":\"https:\\\/\\\/solidaridadintergeneracional.es\\\/wp\\\/el-alzheimer-no-comienza-por-la-perdida-de-memoria\\\/#article\",\"isPartOf\":{\"@id\":\"https:\\\/\\\/solidaridadintergeneracional.es\\\/wp\\\/el-alzheimer-no-comienza-por-la-perdida-de-memoria\\\/\"},\"author\":{\"name\":\"Solidaridad Intergeneracional\",\"@id\":\"https:\\\/\\\/solidaridadintergeneracional.es\\\/wp\\\/#\\\/schema\\\/person\\\/e8b31aad699715395f8afbf3f8755d51\"},\"headline\":\"El alzh\u00e9imer no comienza por la p\u00e9rdida de memoria\",\"datePublished\":\"2011-06-01T00:00:00+00:00\",\"mainEntityOfPage\":{\"@id\":\"https:\\\/\\\/solidaridadintergeneracional.es\\\/wp\\\/el-alzheimer-no-comienza-por-la-perdida-de-memoria\\\/\"},\"wordCount\":472,\"commentCount\":0,\"publisher\":{\"@id\":\"https:\\\/\\\/solidaridadintergeneracional.es\\\/wp\\\/#organization\"},\"articleSection\":[\"Noticias Bolet\u00edn\",\"Noticias de interes Pre 2019\"],\"inLanguage\":\"es\",\"potentialAction\":[{\"@type\":\"CommentAction\",\"name\":\"Comment\",\"target\":[\"https:\\\/\\\/solidaridadintergeneracional.es\\\/wp\\\/el-alzheimer-no-comienza-por-la-perdida-de-memoria\\\/#respond\"]}]},{\"@type\":\"WebPage\",\"@id\":\"https:\\\/\\\/solidaridadintergeneracional.es\\\/wp\\\/el-alzheimer-no-comienza-por-la-perdida-de-memoria\\\/\",\"url\":\"https:\\\/\\\/solidaridadintergeneracional.es\\\/wp\\\/el-alzheimer-no-comienza-por-la-perdida-de-memoria\\\/\",\"name\":\"El alzh\u00e9imer no comienza por la p\u00e9rdida de memoria &#8211; Solidaridad Intergeneracional\",\"isPartOf\":{\"@id\":\"https:\\\/\\\/solidaridadintergeneracional.es\\\/wp\\\/#website\"},\"datePublished\":\"2011-06-01T00:00:00+00:00\",\"breadcrumb\":{\"@id\":\"https:\\\/\\\/solidaridadintergeneracional.es\\\/wp\\\/el-alzheimer-no-comienza-por-la-perdida-de-memoria\\\/#breadcrumb\"},\"inLanguage\":\"es\",\"potentialAction\":[{\"@type\":\"ReadAction\",\"target\":[\"https:\\\/\\\/solidaridadintergeneracional.es\\\/wp\\\/el-alzheimer-no-comienza-por-la-perdida-de-memoria\\\/\"]}]},{\"@type\":\"BreadcrumbList\",\"@id\":\"https:\\\/\\\/solidaridadintergeneracional.es\\\/wp\\\/el-alzheimer-no-comienza-por-la-perdida-de-memoria\\\/#breadcrumb\",\"itemListElement\":[{\"@type\":\"ListItem\",\"position\":1,\"name\":\"Portada\",\"item\":\"https:\\\/\\\/solidaridadintergeneracional.es\\\/wp\\\/\"},{\"@type\":\"ListItem\",\"position\":2,\"name\":\"El alzh\u00e9imer no comienza por la p\u00e9rdida de memoria\"}]},{\"@type\":\"WebSite\",\"@id\":\"https:\\\/\\\/solidaridadintergeneracional.es\\\/wp\\\/#website\",\"url\":\"https:\\\/\\\/solidaridadintergeneracional.es\\\/wp\\\/\",\"name\":\"Solidaridad Intergeneracional\",\"description\":\"Toda la informaci\u00f3n sociosanitaria a tu servicio\",\"publisher\":{\"@id\":\"https:\\\/\\\/solidaridadintergeneracional.es\\\/wp\\\/#organization\"},\"potentialAction\":[{\"@type\":\"SearchAction\",\"target\":{\"@type\":\"EntryPoint\",\"urlTemplate\":\"https:\\\/\\\/solidaridadintergeneracional.es\\\/wp\\\/?s={search_term_string}\"},\"query-input\":{\"@type\":\"PropertyValueSpecification\",\"valueRequired\":true,\"valueName\":\"search_term_string\"}}],\"inLanguage\":\"es\"},{\"@type\":\"Organization\",\"@id\":\"https:\\\/\\\/solidaridadintergeneracional.es\\\/wp\\\/#organization\",\"name\":\"Solidaridad Intergeneracional\",\"url\":\"https:\\\/\\\/solidaridadintergeneracional.es\\\/wp\\\/\",\"logo\":{\"@type\":\"ImageObject\",\"inLanguage\":\"es\",\"@id\":\"https:\\\/\\\/solidaridadintergeneracional.es\\\/wp\\\/#\\\/schema\\\/logo\\\/image\\\/\",\"url\":\"https:\\\/\\\/solidaridadintergeneracional.es\\\/wp\\\/wp-content\\\/uploads\\\/2020\\\/02\\\/logo-solidaridad.963ff81b.png\",\"contentUrl\":\"https:\\\/\\\/solidaridadintergeneracional.es\\\/wp\\\/wp-content\\\/uploads\\\/2020\\\/02\\\/logo-solidaridad.963ff81b.png\",\"width\":825,\"height\":288,\"caption\":\"Solidaridad Intergeneracional\"},\"image\":{\"@id\":\"https:\\\/\\\/solidaridadintergeneracional.es\\\/wp\\\/#\\\/schema\\\/logo\\\/image\\\/\"},\"sameAs\":[\"https:\\\/\\\/www.facebook.com\\\/SolidaridadIntergeneracional\\\/\",\"https:\\\/\\\/x.com\\\/E_Familia_\",\"https:\\\/\\\/www.youtube.com\\\/channel\\\/UCt5BNW3Z7_ACkBDg_6ujXTQ\"]},{\"@type\":\"Person\",\"@id\":\"https:\\\/\\\/solidaridadintergeneracional.es\\\/wp\\\/#\\\/schema\\\/person\\\/e8b31aad699715395f8afbf3f8755d51\",\"name\":\"Solidaridad Intergeneracional\",\"image\":{\"@type\":\"ImageObject\",\"inLanguage\":\"es\",\"@id\":\"https:\\\/\\\/secure.gravatar.com\\\/avatar\\\/e18721a5c4aaa3fecf1fe45b5d7708a7037f8a862dbc28483b4cf55a6ac0fb56?s=96&d=mm&r=g\",\"url\":\"https:\\\/\\\/secure.gravatar.com\\\/avatar\\\/e18721a5c4aaa3fecf1fe45b5d7708a7037f8a862dbc28483b4cf55a6ac0fb56?s=96&d=mm&r=g\",\"contentUrl\":\"https:\\\/\\\/secure.gravatar.com\\\/avatar\\\/e18721a5c4aaa3fecf1fe45b5d7708a7037f8a862dbc28483b4cf55a6ac0fb56?s=96&d=mm&r=g\",\"caption\":\"Solidaridad Intergeneracional\"},\"url\":\"https:\\\/\\\/solidaridadintergeneracional.es\\\/wp\\\/author\\\/admin\\\/\"}]}<\/script>\n<!-- \/ Yoast SEO plugin. -->","yoast_head_json":{"title":"El alzh\u00e9imer no comienza por la p\u00e9rdida de memoria &#8211; Solidaridad Intergeneracional","robots":{"index":"index","follow":"follow","max-snippet":"max-snippet:-1","max-image-preview":"max-image-preview:large","max-video-preview":"max-video-preview:-1"},"canonical":"https:\/\/solidaridadintergeneracional.es\/wp\/el-alzheimer-no-comienza-por-la-perdida-de-memoria\/","og_locale":"es_ES","og_type":"article","og_title":"El alzh\u00e9imer no comienza por la p\u00e9rdida de memoria &#8211; Solidaridad Intergeneracional","og_description":"Aunque no haya p\u00e9rdidas en la memoria,se pueden observar algunos des\u00f3rdenes asociados al inicio temprano de esta demencia, como trastornos en el lenguaje, en la visi\u00f3n o en la conducta.","og_url":"https:\/\/solidaridadintergeneracional.es\/wp\/el-alzheimer-no-comienza-por-la-perdida-de-memoria\/","og_site_name":"Solidaridad Intergeneracional","article_publisher":"https:\/\/www.facebook.com\/SolidaridadIntergeneracional\/","article_published_time":"2011-06-01T00:00:00+00:00","author":"Solidaridad Intergeneracional","twitter_card":"summary_large_image","twitter_creator":"@E_Familia_","twitter_site":"@E_Familia_","twitter_misc":{"Escrito por":"Solidaridad Intergeneracional","Tiempo de lectura":"2 minutos"},"schema":{"@context":"https:\/\/schema.org","@graph":[{"@type":"Article","@id":"https:\/\/solidaridadintergeneracional.es\/wp\/el-alzheimer-no-comienza-por-la-perdida-de-memoria\/#article","isPartOf":{"@id":"https:\/\/solidaridadintergeneracional.es\/wp\/el-alzheimer-no-comienza-por-la-perdida-de-memoria\/"},"author":{"name":"Solidaridad Intergeneracional","@id":"https:\/\/solidaridadintergeneracional.es\/wp\/#\/schema\/person\/e8b31aad699715395f8afbf3f8755d51"},"headline":"El alzh\u00e9imer no comienza por la p\u00e9rdida de memoria","datePublished":"2011-06-01T00:00:00+00:00","mainEntityOfPage":{"@id":"https:\/\/solidaridadintergeneracional.es\/wp\/el-alzheimer-no-comienza-por-la-perdida-de-memoria\/"},"wordCount":472,"commentCount":0,"publisher":{"@id":"https:\/\/solidaridadintergeneracional.es\/wp\/#organization"},"articleSection":["Noticias Bolet\u00edn","Noticias de interes Pre 2019"],"inLanguage":"es","potentialAction":[{"@type":"CommentAction","name":"Comment","target":["https:\/\/solidaridadintergeneracional.es\/wp\/el-alzheimer-no-comienza-por-la-perdida-de-memoria\/#respond"]}]},{"@type":"WebPage","@id":"https:\/\/solidaridadintergeneracional.es\/wp\/el-alzheimer-no-comienza-por-la-perdida-de-memoria\/","url":"https:\/\/solidaridadintergeneracional.es\/wp\/el-alzheimer-no-comienza-por-la-perdida-de-memoria\/","name":"El alzh\u00e9imer no comienza por la p\u00e9rdida de memoria &#8211; Solidaridad Intergeneracional","isPartOf":{"@id":"https:\/\/solidaridadintergeneracional.es\/wp\/#website"},"datePublished":"2011-06-01T00:00:00+00:00","breadcrumb":{"@id":"https:\/\/solidaridadintergeneracional.es\/wp\/el-alzheimer-no-comienza-por-la-perdida-de-memoria\/#breadcrumb"},"inLanguage":"es","potentialAction":[{"@type":"ReadAction","target":["https:\/\/solidaridadintergeneracional.es\/wp\/el-alzheimer-no-comienza-por-la-perdida-de-memoria\/"]}]},{"@type":"BreadcrumbList","@id":"https:\/\/solidaridadintergeneracional.es\/wp\/el-alzheimer-no-comienza-por-la-perdida-de-memoria\/#breadcrumb","itemListElement":[{"@type":"ListItem","position":1,"name":"Portada","item":"https:\/\/solidaridadintergeneracional.es\/wp\/"},{"@type":"ListItem","position":2,"name":"El alzh\u00e9imer no comienza por la p\u00e9rdida de memoria"}]},{"@type":"WebSite","@id":"https:\/\/solidaridadintergeneracional.es\/wp\/#website","url":"https:\/\/solidaridadintergeneracional.es\/wp\/","name":"Solidaridad Intergeneracional","description":"Toda la informaci\u00f3n sociosanitaria a tu servicio","publisher":{"@id":"https:\/\/solidaridadintergeneracional.es\/wp\/#organization"},"potentialAction":[{"@type":"SearchAction","target":{"@type":"EntryPoint","urlTemplate":"https:\/\/solidaridadintergeneracional.es\/wp\/?s={search_term_string}"},"query-input":{"@type":"PropertyValueSpecification","valueRequired":true,"valueName":"search_term_string"}}],"inLanguage":"es"},{"@type":"Organization","@id":"https:\/\/solidaridadintergeneracional.es\/wp\/#organization","name":"Solidaridad Intergeneracional","url":"https:\/\/solidaridadintergeneracional.es\/wp\/","logo":{"@type":"ImageObject","inLanguage":"es","@id":"https:\/\/solidaridadintergeneracional.es\/wp\/#\/schema\/logo\/image\/","url":"https:\/\/solidaridadintergeneracional.es\/wp\/wp-content\/uploads\/2020\/02\/logo-solidaridad.963ff81b.png","contentUrl":"https:\/\/solidaridadintergeneracional.es\/wp\/wp-content\/uploads\/2020\/02\/logo-solidaridad.963ff81b.png","width":825,"height":288,"caption":"Solidaridad Intergeneracional"},"image":{"@id":"https:\/\/solidaridadintergeneracional.es\/wp\/#\/schema\/logo\/image\/"},"sameAs":["https:\/\/www.facebook.com\/SolidaridadIntergeneracional\/","https:\/\/x.com\/E_Familia_","https:\/\/www.youtube.com\/channel\/UCt5BNW3Z7_ACkBDg_6ujXTQ"]},{"@type":"Person","@id":"https:\/\/solidaridadintergeneracional.es\/wp\/#\/schema\/person\/e8b31aad699715395f8afbf3f8755d51","name":"Solidaridad Intergeneracional","image":{"@type":"ImageObject","inLanguage":"es","@id":"https:\/\/secure.gravatar.com\/avatar\/e18721a5c4aaa3fecf1fe45b5d7708a7037f8a862dbc28483b4cf55a6ac0fb56?s=96&d=mm&r=g","url":"https:\/\/secure.gravatar.com\/avatar\/e18721a5c4aaa3fecf1fe45b5d7708a7037f8a862dbc28483b4cf55a6ac0fb56?s=96&d=mm&r=g","contentUrl":"https:\/\/secure.gravatar.com\/avatar\/e18721a5c4aaa3fecf1fe45b5d7708a7037f8a862dbc28483b4cf55a6ac0fb56?s=96&d=mm&r=g","caption":"Solidaridad Intergeneracional"},"url":"https:\/\/solidaridadintergeneracional.es\/wp\/author\/admin\/"}]}},"_links":{"self":[{"href":"https:\/\/solidaridadintergeneracional.es\/wp\/wp-json\/wp\/v2\/posts\/21675","targetHints":{"allow":["GET"]}}],"collection":[{"href":"https:\/\/solidaridadintergeneracional.es\/wp\/wp-json\/wp\/v2\/posts"}],"about":[{"href":"https:\/\/solidaridadintergeneracional.es\/wp\/wp-json\/wp\/v2\/types\/post"}],"author":[{"embeddable":true,"href":"https:\/\/solidaridadintergeneracional.es\/wp\/wp-json\/wp\/v2\/users\/1"}],"replies":[{"embeddable":true,"href":"https:\/\/solidaridadintergeneracional.es\/wp\/wp-json\/wp\/v2\/comments?post=21675"}],"version-history":[{"count":0,"href":"https:\/\/solidaridadintergeneracional.es\/wp\/wp-json\/wp\/v2\/posts\/21675\/revisions"}],"wp:attachment":[{"href":"https:\/\/solidaridadintergeneracional.es\/wp\/wp-json\/wp\/v2\/media?parent=21675"}],"wp:term":[{"taxonomy":"category","embeddable":true,"href":"https:\/\/solidaridadintergeneracional.es\/wp\/wp-json\/wp\/v2\/categories?post=21675"},{"taxonomy":"post_tag","embeddable":true,"href":"https:\/\/solidaridadintergeneracional.es\/wp\/wp-json\/wp\/v2\/tags?post=21675"}],"curies":[{"name":"wp","href":"https:\/\/api.w.org\/{rel}","templated":true}]}}