{"id":21641,"date":"2011-03-31T00:00:00","date_gmt":"2011-03-31T00:00:00","guid":{"rendered":"http:\/\/efamilia.es\/wp\/el-paro-castiga-con-mas-crudeza-a-las-mujeres-mayores-en-galicia\/"},"modified":"2011-03-31T00:00:00","modified_gmt":"2011-03-31T00:00:00","slug":"el-paro-castiga-con-mas-crudeza-a-las-mujeres-mayores-en-galicia","status":"publish","type":"post","link":"https:\/\/solidaridadintergeneracional.es\/wp\/el-paro-castiga-con-mas-crudeza-a-las-mujeres-mayores-en-galicia\/","title":{"rendered":"El paro castiga con m\u00e1s crudeza a las mujeres mayores en Galicia"},"content":{"rendered":"<h4><\/h4>\n<p>Europa Press | Santiago de Compostela<br \/>\nActualizado domingo 06\/03\/2011 17:46 horas    <\/p>\n<p>El paro ha crecido en Galicia de forma &#8220;importante&#8221; en los \u00faltimos meses entre las mujeres mayores, aunque las trabajadoras est\u00e1n &#8220;resistiendo m\u00e1s&#8221; la destrucci\u00f3n de empleo derivada de la crisis que sus compa\u00f1eros varones.<\/p>\n<p>As\u00ed lo ha explicado en una entrevista concedida a Europa Press la directora xeral de Formaci\u00f3n e Colocaci\u00f3n de la Xunta, Ana Mar\u00eda D\u00edaz, con motivo de la celebraci\u00f3n este martes del .<\/p>\n<p>En concreto, Ana Mar\u00eda D\u00edaz ha explicado que en el \u00faltimo a\u00f1o &#8220;no han variado sustancialmente&#8221; las cifras de paro femenino en la Comunidad en relaci\u00f3n con el masculino, y ha recordado que la \u00faltima Encuesta de Poblaci\u00f3n Activa establec\u00eda para las f\u00e9minas una tasa de actividad del 48%.<\/p>\n<p>A\u00fan as\u00ed, ha precisado que la &#8220;destrucci\u00f3n de empleo&#8221; en los \u00faltimos meses ha sido &#8220;mayor en los hombres que en las mujeres&#8221;, un comportamiento derivado principalmente del paro registrado en sectores industriales, donde las mujeres tienen menos presencia que los hombres.<\/p>\n<p>&#8220;Las mujeres est\u00e1n resistiendo m\u00e1s, quiz\u00e1s por los sectores de ocupaci\u00f3n&#8221;, ha se\u00f1alado la directora xeral, que, sin embargo, ha recordado que las trabajadoras parten en esta cuesti\u00f3n &#8220;de una situaci\u00f3n peor que los hombres&#8221;.<br \/>\nMujeres mayores, las m\u00e1s perjudicadas<\/p>\n<p>En contraposici\u00f3n, Ana Mar\u00eda D\u00edaz ha se\u00f1alado que, por franjas de edad, el paro se est\u00e1 cebando actualmente con las mujeres de m\u00e1s edad. &#8220;Las mujeres j\u00f3venes, menores de 30 a\u00f1os, est\u00e1 en tasas de paro normales, pero s\u00ed hay un importante aumento de paro en mujeres m\u00e1s mayores&#8221;, ha admitido la directora xeral, que ha vinculado este hecho de forma directa con la crisis econ\u00f3mica.<\/p>\n<p>En concreto, y adem\u00e1s del propio proceso de destrucci\u00f3n de empleo, Ana Mar\u00eda D\u00edaz ha explicado a Europa Press la existencia de un aumento de paradas mayores sin ocupaci\u00f3n anterior, esto es, &#8220;mujeres que antes no trabajaban&#8221; pero que han intentado incorporarse al mercado tras la p\u00e9rdida del empleo de su marido.<\/p>\n<p>Por el contrario, la directora xeral ha considerado que no existe una &#8220;diferencia sustancial&#8221; entre el nivel de trabajo de las mujeres en el \u00e1mbito urbano y en el rural y ha asegurado que, precisamente en el medio rural, existen &#8220;nichos de trabajo&#8221; beneficiosos para las mujeres.<\/p>\n<p>Entre estas circunstancias, la directora xeral ha hecho hincapi\u00e9 en los empleos derivados del cuidado a personas dependientes, que permitir\u00edan a las mujeres del \u00e1mbito rural, con &#8220;una adecuada formaci\u00f3n&#8221;, profesionalizar un trabajo que han realizado con anterioridad.<\/p>\n<p>&#8220;Formemos a estas mujeres, ayud\u00e9moslas a constituirse como aut\u00f3nomas o en cooperativas para desarrollar su trabajo y consigamos al mismo tiempo que se queden dentro de su \u00e1mbito natural, fijando poblaci\u00f3n en el rural&#8221;, ha se\u00f1alado la directora xeral.<br \/>\nMenos salario que los hombres<\/p>\n<p>Entre los problemas que afectan al empleo femenino, Ana Mar\u00eda D\u00edaz ha recordado que las trabajadoras contin\u00faan en Galicia cobrando un 25% menos de media que sus compa\u00f1eros, a pesar de estar &#8220;muy formadas&#8221; a nivel universitario.<\/p>\n<p>En este sentido, tambi\u00e9n ha recordado la escasa presencia de f\u00e9minas en los puestos de alta direcci\u00f3n, que suponen &#8220;apenas&#8221; el 37% de los contratos a mujeres. En el caso de grandes empresas, ha explicado la directora xeral, \u00fanicamente ocupan responsabilidades de alta direcci\u00f3n un 5% de mujeres.<\/p>\n<p>&#8220;La situaci\u00f3n de las mujeres en el mercadso laboral no es buena&#8221;, ha sentenciado D\u00edaz, al tiempo que ha recordado que, en el marco del Di\u00e1logo Social, la Conseller\u00eda de Traballo se ha marcado este colectivo como &#8220;prioritario&#8221; en las pol\u00edticas de empleo.<\/p>\n<p>Asimismo, desde la Xunta han apostado por la &#8220;formaci\u00f3n&#8221; de las mujeres para su incorporaci\u00f3n a puestos de decisi\u00f3n. En esta medida, Ana Mar\u00eda D\u00edaz ha recordado el programa Executiva, gracias al cual 200 mujeres empresarias se formar\u00e1n en habilidades directivas.<\/p>\n<p>En otro orden de cosas, la Xunta trabaja para la elaboraci\u00f3n de un censo de empresas obligadas a realizar planes de igualdad -las que cuentan con m\u00e1s de 250 trabajadores-, en la consolidaci\u00f3n de la marca de excelencia en igualdad y en la inclusi\u00f3n de la igualdad como clave en las pol\u00edticas de riesgos laborales, entre otros programas.<br \/>\nConciliaci\u00f3n<\/p>\n<p>En el cap\u00edtulo de la conciliaci\u00f3n de la vida personal y laboral, Ana Mar\u00eda D\u00edaz ha subrayado un importante &#8220;avance&#8221; en esta cuesti\u00f3n, aunque ha admitido la &#8220;dificultad&#8221; de &#8220;cambiar los roles sociales&#8221;.<\/p>\n<p>&#8220;Algo impensable hace unos a\u00f1os, que un hombre redujese su jornada laboral para cuidar a la familia, se est\u00e1 produciendo ahora&#8221;, ha indicado la directora xeral, que ha informado de que cada vez son m\u00e1s los hombres los que &#8220;optan por ser ellos&#8221; los que concilien su vida laboral en lugar de las mujeres.<\/p>\n<p>En esta l\u00ednea, Ana Mar\u00eda D\u00edaz ha se\u00f1alado que, aunque &#8220;sigue habiendo una tendencia mayor a que sean las mujeres las que usen las medidas de conciliaci\u00f3n&#8221;, los hombres &#8220;lentamente&#8221; se est\u00e1n haciendo &#8220;m\u00e1s conscientes del rol que deben tener&#8221;.<br \/>\nSector servicios<\/p>\n<p>Seg\u00fan se desprende de un estudio sobre el empleo femenino realizado por el sindicato Comisiones Obreras, el 82% de las trabajadoras gallegas se emplea en el sector servicios, en ocupaciones que tienen &#8220;una mayor tasa de precariedad, m\u00e1s temporalidad y menores salarios&#8221;, mientras que los trabajadores del sector industrial son mayoritariamente varones.<\/p>\n<p>El sindicato destaca tambi\u00e9n que el 20% de las mujeres gallegas trabaja a tiempo parcial, en contraposici\u00f3n al 5% de los varones, al tiempo que el porcentaje con contrato indefinido es del 72%, mientras que en hombres se eleva al 78%.<\/p>\n<p>Por su parte, seg\u00fan datos de la Confederaci\u00f3n Intersindical Galega (CIG), tras la reforma laboral realizada por el Ejecutivo central &#8220;s\u00f3lo el 23%&#8221; de las trabajadoras gallegas que tienen 65 a\u00f1os han cotizado los 38,5 a\u00f1os necesarios para cobrar \u00edntegramente su jubilaci\u00f3n, frente al 71% de los hombres en esta situaci\u00f3n<br \/>\nD\u00eda Internacional de la Mujer Trabajadora<\/p>\n<p>El pr\u00f3ximo martes d\u00eda 8 se conmemorar\u00e1 el D\u00eda Internacional de la Mujer Trabajadora, una efem\u00e9ride para la que asociaciones, sindicatos y administraciones este a\u00f1o han variado de d\u00eda sus actuaciones con el objetivo de evitar que coincidan con el martes de Carnaval.<\/p>\n<p>Por ello, por ejemplo, la Xunta adelantar\u00e1 el acto conmemorativo al lunes 7 de marzo, cuando se realizar\u00e1 un acto en la Biblioteca de la Cidade da Cultura, en el que se presentar\u00e1n tres de los cuatro vol\u00famenes de la obra &#8216;Historia das mulleres de Galicia&#8217;.<\/p>\n<p>Las actividades que realizar\u00e1 la Xunta con motivo del pr\u00f3ximo 8 de marzo estar\u00e1n dedicadas en esta ocasi\u00f3n, bajo el lema &#8216;Vivir la diferencia, garantizar la igualdad&#8217;, a la mujer discapacitada, para denunciar que sufre una &#8220;doble discriminaci\u00f3n&#8221;, como mujer y como persona discapacitada<\/p>\n<p>Tambi\u00e9n la Marcha Mundial das Mulleres organizar\u00e1 con motivo de esta fecha actos reivindicativos en Ferrol -d\u00eda 6-, Pontevedra -d\u00eda 8-, Vigo -d\u00eda 8-, Santiago -d\u00edas 11 y 12- y Ourense -d\u00eda 18-. Los sindicatos, por su parte, ya realizan desde la semana anterior varios actos reivindicativos de diversa \u00edndole centrados en las dificultades del empleo femenino.<\/p>\n<p><a href=\"http:\/\/www.elmundo.es\/elmundo\/2011\/03\/06\/galicia\/1299429985.html\">www.elmundo.es\/elmundo\/2011\/03\/06\/galicia\/1299429985.html<\/a><\/p>\n","protected":false},"excerpt":{"rendered":"<p>Europa Press | Santiago de Compostela Actualizado domingo 06\/03\/2011 17:46 horas El paro ha crecido en Galicia de forma &#8220;importante&#8221; en los \u00faltimos meses entre las mujeres mayores, aunque las trabajadoras est\u00e1n &#8220;resistiendo m\u00e1s&#8221; la destrucci\u00f3n de empleo derivada de la crisis que sus compa\u00f1eros&#8230;<\/p>\n","protected":false},"author":1,"featured_media":0,"comment_status":"open","ping_status":"open","sticky":false,"template":"","format":"standard","meta":{"footnotes":""},"categories":[328,321],"tags":[],"class_list":["post-21641","post","type-post","status-publish","format-standard","hentry","category-noticiasboletin","category-noticiasdeinterespre2019"],"yoast_head":"<!-- This site is optimized with the Yoast SEO plugin v27.5 - https:\/\/yoast.com\/product\/yoast-seo-wordpress\/ -->\n<title>El paro castiga con m\u00e1s crudeza a las mujeres mayores en Galicia &#8211; Solidaridad Intergeneracional<\/title>\n<meta name=\"robots\" content=\"index, follow, max-snippet:-1, max-image-preview:large, max-video-preview:-1\" \/>\n<link rel=\"canonical\" href=\"https:\/\/solidaridadintergeneracional.es\/wp\/el-paro-castiga-con-mas-crudeza-a-las-mujeres-mayores-en-galicia\/\" \/>\n<meta property=\"og:locale\" content=\"es_ES\" \/>\n<meta property=\"og:type\" content=\"article\" \/>\n<meta property=\"og:title\" content=\"El paro castiga con m\u00e1s crudeza a las mujeres mayores en Galicia &#8211; Solidaridad Intergeneracional\" \/>\n<meta property=\"og:description\" content=\"Europa Press | Santiago de Compostela Actualizado domingo 06\/03\/2011 17:46 horas El paro ha crecido en Galicia de forma &#8220;importante&#8221; en los \u00faltimos meses entre las mujeres mayores, aunque las trabajadoras est\u00e1n &#8220;resistiendo m\u00e1s&#8221; la destrucci\u00f3n de empleo derivada de la crisis que sus compa\u00f1eros...\" \/>\n<meta property=\"og:url\" content=\"https:\/\/solidaridadintergeneracional.es\/wp\/el-paro-castiga-con-mas-crudeza-a-las-mujeres-mayores-en-galicia\/\" \/>\n<meta property=\"og:site_name\" content=\"Solidaridad Intergeneracional\" \/>\n<meta property=\"article:publisher\" content=\"https:\/\/www.facebook.com\/SolidaridadIntergeneracional\/\" \/>\n<meta property=\"article:published_time\" content=\"2011-03-31T00:00:00+00:00\" \/>\n<meta name=\"author\" content=\"Solidaridad Intergeneracional\" \/>\n<meta name=\"twitter:card\" content=\"summary_large_image\" \/>\n<meta name=\"twitter:creator\" content=\"@E_Familia_\" \/>\n<meta name=\"twitter:site\" content=\"@E_Familia_\" \/>\n<meta name=\"twitter:label1\" content=\"Escrito por\" \/>\n\t<meta name=\"twitter:data1\" content=\"Solidaridad Intergeneracional\" \/>\n\t<meta name=\"twitter:label2\" content=\"Tiempo de lectura\" \/>\n\t<meta name=\"twitter:data2\" content=\"6 minutos\" \/>\n<script type=\"application\/ld+json\" class=\"yoast-schema-graph\">{\"@context\":\"https:\\\/\\\/schema.org\",\"@graph\":[{\"@type\":\"Article\",\"@id\":\"https:\\\/\\\/solidaridadintergeneracional.es\\\/wp\\\/el-paro-castiga-con-mas-crudeza-a-las-mujeres-mayores-en-galicia\\\/#article\",\"isPartOf\":{\"@id\":\"https:\\\/\\\/solidaridadintergeneracional.es\\\/wp\\\/el-paro-castiga-con-mas-crudeza-a-las-mujeres-mayores-en-galicia\\\/\"},\"author\":{\"name\":\"Solidaridad Intergeneracional\",\"@id\":\"https:\\\/\\\/solidaridadintergeneracional.es\\\/wp\\\/#\\\/schema\\\/person\\\/e8b31aad699715395f8afbf3f8755d51\"},\"headline\":\"El paro castiga con m\u00e1s crudeza a las mujeres mayores en Galicia\",\"datePublished\":\"2011-03-31T00:00:00+00:00\",\"mainEntityOfPage\":{\"@id\":\"https:\\\/\\\/solidaridadintergeneracional.es\\\/wp\\\/el-paro-castiga-con-mas-crudeza-a-las-mujeres-mayores-en-galicia\\\/\"},\"wordCount\":1265,\"commentCount\":0,\"publisher\":{\"@id\":\"https:\\\/\\\/solidaridadintergeneracional.es\\\/wp\\\/#organization\"},\"articleSection\":[\"Noticias Bolet\u00edn\",\"Noticias de interes Pre 2019\"],\"inLanguage\":\"es\",\"potentialAction\":[{\"@type\":\"CommentAction\",\"name\":\"Comment\",\"target\":[\"https:\\\/\\\/solidaridadintergeneracional.es\\\/wp\\\/el-paro-castiga-con-mas-crudeza-a-las-mujeres-mayores-en-galicia\\\/#respond\"]}]},{\"@type\":\"WebPage\",\"@id\":\"https:\\\/\\\/solidaridadintergeneracional.es\\\/wp\\\/el-paro-castiga-con-mas-crudeza-a-las-mujeres-mayores-en-galicia\\\/\",\"url\":\"https:\\\/\\\/solidaridadintergeneracional.es\\\/wp\\\/el-paro-castiga-con-mas-crudeza-a-las-mujeres-mayores-en-galicia\\\/\",\"name\":\"El paro castiga con m\u00e1s crudeza a las mujeres mayores en Galicia &#8211; Solidaridad Intergeneracional\",\"isPartOf\":{\"@id\":\"https:\\\/\\\/solidaridadintergeneracional.es\\\/wp\\\/#website\"},\"datePublished\":\"2011-03-31T00:00:00+00:00\",\"breadcrumb\":{\"@id\":\"https:\\\/\\\/solidaridadintergeneracional.es\\\/wp\\\/el-paro-castiga-con-mas-crudeza-a-las-mujeres-mayores-en-galicia\\\/#breadcrumb\"},\"inLanguage\":\"es\",\"potentialAction\":[{\"@type\":\"ReadAction\",\"target\":[\"https:\\\/\\\/solidaridadintergeneracional.es\\\/wp\\\/el-paro-castiga-con-mas-crudeza-a-las-mujeres-mayores-en-galicia\\\/\"]}]},{\"@type\":\"BreadcrumbList\",\"@id\":\"https:\\\/\\\/solidaridadintergeneracional.es\\\/wp\\\/el-paro-castiga-con-mas-crudeza-a-las-mujeres-mayores-en-galicia\\\/#breadcrumb\",\"itemListElement\":[{\"@type\":\"ListItem\",\"position\":1,\"name\":\"Portada\",\"item\":\"https:\\\/\\\/solidaridadintergeneracional.es\\\/wp\\\/\"},{\"@type\":\"ListItem\",\"position\":2,\"name\":\"El paro castiga con m\u00e1s crudeza a las mujeres mayores en Galicia\"}]},{\"@type\":\"WebSite\",\"@id\":\"https:\\\/\\\/solidaridadintergeneracional.es\\\/wp\\\/#website\",\"url\":\"https:\\\/\\\/solidaridadintergeneracional.es\\\/wp\\\/\",\"name\":\"Solidaridad Intergeneracional\",\"description\":\"Toda la informaci\u00f3n sociosanitaria a tu servicio\",\"publisher\":{\"@id\":\"https:\\\/\\\/solidaridadintergeneracional.es\\\/wp\\\/#organization\"},\"potentialAction\":[{\"@type\":\"SearchAction\",\"target\":{\"@type\":\"EntryPoint\",\"urlTemplate\":\"https:\\\/\\\/solidaridadintergeneracional.es\\\/wp\\\/?s={search_term_string}\"},\"query-input\":{\"@type\":\"PropertyValueSpecification\",\"valueRequired\":true,\"valueName\":\"search_term_string\"}}],\"inLanguage\":\"es\"},{\"@type\":\"Organization\",\"@id\":\"https:\\\/\\\/solidaridadintergeneracional.es\\\/wp\\\/#organization\",\"name\":\"Solidaridad Intergeneracional\",\"url\":\"https:\\\/\\\/solidaridadintergeneracional.es\\\/wp\\\/\",\"logo\":{\"@type\":\"ImageObject\",\"inLanguage\":\"es\",\"@id\":\"https:\\\/\\\/solidaridadintergeneracional.es\\\/wp\\\/#\\\/schema\\\/logo\\\/image\\\/\",\"url\":\"https:\\\/\\\/solidaridadintergeneracional.es\\\/wp\\\/wp-content\\\/uploads\\\/2020\\\/02\\\/logo-solidaridad.963ff81b.png\",\"contentUrl\":\"https:\\\/\\\/solidaridadintergeneracional.es\\\/wp\\\/wp-content\\\/uploads\\\/2020\\\/02\\\/logo-solidaridad.963ff81b.png\",\"width\":825,\"height\":288,\"caption\":\"Solidaridad Intergeneracional\"},\"image\":{\"@id\":\"https:\\\/\\\/solidaridadintergeneracional.es\\\/wp\\\/#\\\/schema\\\/logo\\\/image\\\/\"},\"sameAs\":[\"https:\\\/\\\/www.facebook.com\\\/SolidaridadIntergeneracional\\\/\",\"https:\\\/\\\/x.com\\\/E_Familia_\",\"https:\\\/\\\/www.youtube.com\\\/channel\\\/UCt5BNW3Z7_ACkBDg_6ujXTQ\"]},{\"@type\":\"Person\",\"@id\":\"https:\\\/\\\/solidaridadintergeneracional.es\\\/wp\\\/#\\\/schema\\\/person\\\/e8b31aad699715395f8afbf3f8755d51\",\"name\":\"Solidaridad Intergeneracional\",\"image\":{\"@type\":\"ImageObject\",\"inLanguage\":\"es\",\"@id\":\"https:\\\/\\\/secure.gravatar.com\\\/avatar\\\/e18721a5c4aaa3fecf1fe45b5d7708a7037f8a862dbc28483b4cf55a6ac0fb56?s=96&d=mm&r=g\",\"url\":\"https:\\\/\\\/secure.gravatar.com\\\/avatar\\\/e18721a5c4aaa3fecf1fe45b5d7708a7037f8a862dbc28483b4cf55a6ac0fb56?s=96&d=mm&r=g\",\"contentUrl\":\"https:\\\/\\\/secure.gravatar.com\\\/avatar\\\/e18721a5c4aaa3fecf1fe45b5d7708a7037f8a862dbc28483b4cf55a6ac0fb56?s=96&d=mm&r=g\",\"caption\":\"Solidaridad Intergeneracional\"},\"url\":\"https:\\\/\\\/solidaridadintergeneracional.es\\\/wp\\\/author\\\/admin\\\/\"}]}<\/script>\n<!-- \/ Yoast SEO plugin. -->","yoast_head_json":{"title":"El paro castiga con m\u00e1s crudeza a las mujeres mayores en Galicia &#8211; Solidaridad Intergeneracional","robots":{"index":"index","follow":"follow","max-snippet":"max-snippet:-1","max-image-preview":"max-image-preview:large","max-video-preview":"max-video-preview:-1"},"canonical":"https:\/\/solidaridadintergeneracional.es\/wp\/el-paro-castiga-con-mas-crudeza-a-las-mujeres-mayores-en-galicia\/","og_locale":"es_ES","og_type":"article","og_title":"El paro castiga con m\u00e1s crudeza a las mujeres mayores en Galicia &#8211; Solidaridad Intergeneracional","og_description":"Europa Press | Santiago de Compostela Actualizado domingo 06\/03\/2011 17:46 horas El paro ha crecido en Galicia de forma &#8220;importante&#8221; en los \u00faltimos meses entre las mujeres mayores, aunque las trabajadoras est\u00e1n &#8220;resistiendo m\u00e1s&#8221; la destrucci\u00f3n de empleo derivada de la crisis que sus compa\u00f1eros...","og_url":"https:\/\/solidaridadintergeneracional.es\/wp\/el-paro-castiga-con-mas-crudeza-a-las-mujeres-mayores-en-galicia\/","og_site_name":"Solidaridad Intergeneracional","article_publisher":"https:\/\/www.facebook.com\/SolidaridadIntergeneracional\/","article_published_time":"2011-03-31T00:00:00+00:00","author":"Solidaridad Intergeneracional","twitter_card":"summary_large_image","twitter_creator":"@E_Familia_","twitter_site":"@E_Familia_","twitter_misc":{"Escrito por":"Solidaridad Intergeneracional","Tiempo de lectura":"6 minutos"},"schema":{"@context":"https:\/\/schema.org","@graph":[{"@type":"Article","@id":"https:\/\/solidaridadintergeneracional.es\/wp\/el-paro-castiga-con-mas-crudeza-a-las-mujeres-mayores-en-galicia\/#article","isPartOf":{"@id":"https:\/\/solidaridadintergeneracional.es\/wp\/el-paro-castiga-con-mas-crudeza-a-las-mujeres-mayores-en-galicia\/"},"author":{"name":"Solidaridad Intergeneracional","@id":"https:\/\/solidaridadintergeneracional.es\/wp\/#\/schema\/person\/e8b31aad699715395f8afbf3f8755d51"},"headline":"El paro castiga con m\u00e1s crudeza a las mujeres mayores en Galicia","datePublished":"2011-03-31T00:00:00+00:00","mainEntityOfPage":{"@id":"https:\/\/solidaridadintergeneracional.es\/wp\/el-paro-castiga-con-mas-crudeza-a-las-mujeres-mayores-en-galicia\/"},"wordCount":1265,"commentCount":0,"publisher":{"@id":"https:\/\/solidaridadintergeneracional.es\/wp\/#organization"},"articleSection":["Noticias Bolet\u00edn","Noticias de interes Pre 2019"],"inLanguage":"es","potentialAction":[{"@type":"CommentAction","name":"Comment","target":["https:\/\/solidaridadintergeneracional.es\/wp\/el-paro-castiga-con-mas-crudeza-a-las-mujeres-mayores-en-galicia\/#respond"]}]},{"@type":"WebPage","@id":"https:\/\/solidaridadintergeneracional.es\/wp\/el-paro-castiga-con-mas-crudeza-a-las-mujeres-mayores-en-galicia\/","url":"https:\/\/solidaridadintergeneracional.es\/wp\/el-paro-castiga-con-mas-crudeza-a-las-mujeres-mayores-en-galicia\/","name":"El paro castiga con m\u00e1s crudeza a las mujeres mayores en Galicia &#8211; Solidaridad Intergeneracional","isPartOf":{"@id":"https:\/\/solidaridadintergeneracional.es\/wp\/#website"},"datePublished":"2011-03-31T00:00:00+00:00","breadcrumb":{"@id":"https:\/\/solidaridadintergeneracional.es\/wp\/el-paro-castiga-con-mas-crudeza-a-las-mujeres-mayores-en-galicia\/#breadcrumb"},"inLanguage":"es","potentialAction":[{"@type":"ReadAction","target":["https:\/\/solidaridadintergeneracional.es\/wp\/el-paro-castiga-con-mas-crudeza-a-las-mujeres-mayores-en-galicia\/"]}]},{"@type":"BreadcrumbList","@id":"https:\/\/solidaridadintergeneracional.es\/wp\/el-paro-castiga-con-mas-crudeza-a-las-mujeres-mayores-en-galicia\/#breadcrumb","itemListElement":[{"@type":"ListItem","position":1,"name":"Portada","item":"https:\/\/solidaridadintergeneracional.es\/wp\/"},{"@type":"ListItem","position":2,"name":"El paro castiga con m\u00e1s crudeza a las mujeres mayores en Galicia"}]},{"@type":"WebSite","@id":"https:\/\/solidaridadintergeneracional.es\/wp\/#website","url":"https:\/\/solidaridadintergeneracional.es\/wp\/","name":"Solidaridad Intergeneracional","description":"Toda la informaci\u00f3n sociosanitaria a tu servicio","publisher":{"@id":"https:\/\/solidaridadintergeneracional.es\/wp\/#organization"},"potentialAction":[{"@type":"SearchAction","target":{"@type":"EntryPoint","urlTemplate":"https:\/\/solidaridadintergeneracional.es\/wp\/?s={search_term_string}"},"query-input":{"@type":"PropertyValueSpecification","valueRequired":true,"valueName":"search_term_string"}}],"inLanguage":"es"},{"@type":"Organization","@id":"https:\/\/solidaridadintergeneracional.es\/wp\/#organization","name":"Solidaridad Intergeneracional","url":"https:\/\/solidaridadintergeneracional.es\/wp\/","logo":{"@type":"ImageObject","inLanguage":"es","@id":"https:\/\/solidaridadintergeneracional.es\/wp\/#\/schema\/logo\/image\/","url":"https:\/\/solidaridadintergeneracional.es\/wp\/wp-content\/uploads\/2020\/02\/logo-solidaridad.963ff81b.png","contentUrl":"https:\/\/solidaridadintergeneracional.es\/wp\/wp-content\/uploads\/2020\/02\/logo-solidaridad.963ff81b.png","width":825,"height":288,"caption":"Solidaridad Intergeneracional"},"image":{"@id":"https:\/\/solidaridadintergeneracional.es\/wp\/#\/schema\/logo\/image\/"},"sameAs":["https:\/\/www.facebook.com\/SolidaridadIntergeneracional\/","https:\/\/x.com\/E_Familia_","https:\/\/www.youtube.com\/channel\/UCt5BNW3Z7_ACkBDg_6ujXTQ"]},{"@type":"Person","@id":"https:\/\/solidaridadintergeneracional.es\/wp\/#\/schema\/person\/e8b31aad699715395f8afbf3f8755d51","name":"Solidaridad Intergeneracional","image":{"@type":"ImageObject","inLanguage":"es","@id":"https:\/\/secure.gravatar.com\/avatar\/e18721a5c4aaa3fecf1fe45b5d7708a7037f8a862dbc28483b4cf55a6ac0fb56?s=96&d=mm&r=g","url":"https:\/\/secure.gravatar.com\/avatar\/e18721a5c4aaa3fecf1fe45b5d7708a7037f8a862dbc28483b4cf55a6ac0fb56?s=96&d=mm&r=g","contentUrl":"https:\/\/secure.gravatar.com\/avatar\/e18721a5c4aaa3fecf1fe45b5d7708a7037f8a862dbc28483b4cf55a6ac0fb56?s=96&d=mm&r=g","caption":"Solidaridad Intergeneracional"},"url":"https:\/\/solidaridadintergeneracional.es\/wp\/author\/admin\/"}]}},"_links":{"self":[{"href":"https:\/\/solidaridadintergeneracional.es\/wp\/wp-json\/wp\/v2\/posts\/21641","targetHints":{"allow":["GET"]}}],"collection":[{"href":"https:\/\/solidaridadintergeneracional.es\/wp\/wp-json\/wp\/v2\/posts"}],"about":[{"href":"https:\/\/solidaridadintergeneracional.es\/wp\/wp-json\/wp\/v2\/types\/post"}],"author":[{"embeddable":true,"href":"https:\/\/solidaridadintergeneracional.es\/wp\/wp-json\/wp\/v2\/users\/1"}],"replies":[{"embeddable":true,"href":"https:\/\/solidaridadintergeneracional.es\/wp\/wp-json\/wp\/v2\/comments?post=21641"}],"version-history":[{"count":0,"href":"https:\/\/solidaridadintergeneracional.es\/wp\/wp-json\/wp\/v2\/posts\/21641\/revisions"}],"wp:attachment":[{"href":"https:\/\/solidaridadintergeneracional.es\/wp\/wp-json\/wp\/v2\/media?parent=21641"}],"wp:term":[{"taxonomy":"category","embeddable":true,"href":"https:\/\/solidaridadintergeneracional.es\/wp\/wp-json\/wp\/v2\/categories?post=21641"},{"taxonomy":"post_tag","embeddable":true,"href":"https:\/\/solidaridadintergeneracional.es\/wp\/wp-json\/wp\/v2\/tags?post=21641"}],"curies":[{"name":"wp","href":"https:\/\/api.w.org\/{rel}","templated":true}]}}